{"id":2530,"date":"2024-04-23T20:39:49","date_gmt":"2024-04-23T23:39:49","guid":{"rendered":"https:\/\/guialimeira.com.br\/2024\/04\/23\/agu-pede-ao-stf-apuracao-de-posts-com-divulgacao-de-decisoes-de-moraes\/"},"modified":"2024-04-23T20:39:49","modified_gmt":"2024-04-23T23:39:49","slug":"agu-pede-ao-stf-apuracao-de-posts-com-divulgacao-de-decisoes-de-moraes","status":"publish","type":"post","link":"https:\/\/guialimeira.com.br\/news\/agu-pede-ao-stf-apuracao-de-posts-com-divulgacao-de-decisoes-de-moraes\/","title":{"rendered":"AGU pede ao STF apura\u00e7\u00e3o de posts com divulga\u00e7\u00e3o de decis\u00f5es de Moraes"},"content":{"rendered":"<p> <br \/>\n<\/p>\n<div>\n<p>A Advocacia-Geral da Uni\u00e3o (AGU) pediu nesta ter\u00e7a-feira (23) ao Supremo Tribunal Federal (STF) a abertura de investiga\u00e7\u00e3o sobre a divulga\u00e7\u00e3o de decis\u00f5es judiciais determinadas pelo ministro Alexandre de Moraes para<a href=\"https:\/\/agenciabrasil.ebc.com.br\/justica\/noticia\/2024-04\/pf-diz-que-perfis-bloqueados-por-moraes-continuam-realizando-lives\" target=\"_blank\" rel=\"noopener\"> retirar conte\u00fados ilegais <\/a>postados por usu\u00e1rios da rede social X, antigo Twitter. Para o \u00f3rg\u00e3o, h\u00e1 suspeita de ocorr\u00eancia de crimes contra o Estado Democr\u00e1tico de Direito e contra as institui\u00e7\u00f5es.\u00a0<img data-recalc-dims=\"1\" decoding=\"async\" src=\"https:\/\/i0.wp.com\/agenciabrasil.ebc.com.br\/ebc.png?w=696&#038;ssl=1\" style=\"width:1px; height:1px; display:inline;\"\/><img data-recalc-dims=\"1\" decoding=\"async\" src=\"https:\/\/i0.wp.com\/agenciabrasil.ebc.com.br\/ebc.gif?w=696&#038;ssl=1\" style=\"width:1px; height:1px; display:inline;\"\/><\/p>\n<p>Na semana passada, parte das decis\u00f5es foi\u00a0divulgada\u00a0pelo<a href=\"https:\/\/agenciabrasil.ebc.com.br\/politica\/noticia\/2024-04\/senado-ouve-jornalistas-citados-por-musk-para-atacar-moraes-e-o-stf\" target=\"_blank\" rel=\"noopener\"> jornalista Michael Shellenberger na rede social<\/a>. O caso \u00e9 conhecido como &#8220;Twitter Files&#8221;.\u00a0 Nas postagens, foram reproduzidas partes de decis\u00f5es sigilosas proferidas por Moraes entre 2020 e 2022.\u00a0<\/p>\n<p>No entendimento do advogado-geral da Uni\u00e3o, Jorge Messias, a divulga\u00e7\u00e3o dos documentos causa interfer\u00eancia no andamento dos processos e viola o dever de sigilo na guarda dos documentos.<\/p>\n<p>&#8220;Os fatos ora delineados indicam que foram divulgadas, em detrimento do Poder Judici\u00e1rio da Uni\u00e3o, e sem as respectivas autoriza\u00e7\u00f5es judiciais, uma enorme quantidade de informa\u00e7\u00f5es aos quais foi atribu\u00eddo segredo de Justi\u00e7a, comprometendo investiga\u00e7\u00f5es em curso tanto nessa Suprema Corte como no TSE a respeito de condutas antidemocr\u00e1ticas ocorridas no Brasil e que culminaram nos atos de vandalismo de 8 de janeiro de 2023&#8221;, afirmou Messias.<\/p>\n<p>Com a medida, a AGU pede que Alexandre de Moraes envie a not\u00edcia-crime apresentada pelo \u00f3rg\u00e3o\u00a0ao Minist\u00e9rio P\u00fablico Federal (STF) para apura\u00e7\u00e3o.<\/p>\n<p>&#8220;\u00c9 necess\u00e1rio n\u00e3o apenas identificar e punir os poss\u00edveis culpados, como tamb\u00e9m deixar clara a absoluta avers\u00e3o \u00e0 natureza dos fatos, cuja reitera\u00e7\u00e3o n\u00e3o ser\u00e1, em hip\u00f3tese alguma, admitida pelos poderes constitu\u00eddo&#8221;, concluiu o AGU.<\/p>\n<h2>Musk<\/h2>\n<p>Na semana passada, o empres\u00e1rio norte-americano Elon Musk foi inclu\u00eddo pelo ministro Alexandre de Moraes no inqu\u00e9rito que investiga a atua\u00e7\u00e3o de mil\u00edcias digitais para dissemina\u00e7\u00e3o de not\u00edcias falsas no pa\u00eds.<\/p>\n<p>A medida foi tomada ap\u00f3s Musk insinuar que n\u00e3o vai cumprir determina\u00e7\u00f5es do Supremo para retirada de postagens que forem consideradas ilegais.<\/p>\n<p>Nas postagens publicadas no in\u00edcio deste m\u00eas, Musk prometeu \u201clevantar\u201d (desobedecer)\u00a0todas as restri\u00e7\u00f5es judiciais, alegando que Moraes amea\u00e7ou prender funcion\u00e1rios do X no Brasil ao determinar a remo\u00e7\u00e3o de conte\u00fados ilegais. O empres\u00e1rio tamb\u00e9m acusou Moraes de trair \u201cdescarada e repetidamente a Constitui\u00e7\u00e3o e o povo brasileiro\u201d.<\/p>\n<\/p><\/div>\n<p><br \/>\n<br \/><a href=\"https:\/\/agenciabrasil.ebc.com.br\/justica\/noticia\/2024-04\/agu-pede-ao-stf-apuracao-de-posts-com-divulgacao-de-decisoes-de-moraes\" rel=\"noopener\">Ag\u00eancia Brasil<\/a><\/p>\n","protected":false},"excerpt":{"rendered":"<p>A Advocacia-Geral da Uni\u00e3o (AGU) pediu nesta ter\u00e7a-feira (23) ao Supremo Tribunal Federal (STF) a abertura de investiga\u00e7\u00e3o sobre a divulga\u00e7\u00e3o de decis\u00f5es judiciais determinadas pelo ministro Alexandre de Moraes para retirar conte\u00fados ilegais postados por usu\u00e1rios da rede social X, antigo Twitter. Para o \u00f3rg\u00e3o, h\u00e1 suspeita de ocorr\u00eancia de crimes contra o Estado [&hellip;]<\/p>\n","protected":false},"author":1,"featured_media":2531,"comment_status":"open","ping_status":"open","sticky":false,"template":"","format":"standard","meta":{"_jetpack_newsletter_access":"","_jetpack_dont_email_post_to_subs":false,"_jetpack_newsletter_tier_id":0,"_jetpack_memberships_contains_paywalled_content":false,"_mbp_banners":[],"_jetpack_feature_clip_id":0,"_jetpack_memberships_contains_paid_content":false,"footnotes":"","jetpack_publicize_message":"","jetpack_publicize_feature_enabled":true,"jetpack_social_post_already_shared":true,"jetpack_social_options":{"image_generator_settings":{"template":"highway","default_image_id":0,"font":"","enabled":false},"version":2},"jetpack_post_was_ever_published":false},"categories":[22],"tags":[],"class_list":["post-2530","post","type-post","status-publish","format-standard","has-post-thumbnail","category-nacional"],"jetpack_publicize_connections":[],"jetpack-related-posts":[],"jetpack_shortlink":"https:\/\/wp.me\/p7Eq1F-EO","jetpack_sharing_enabled":true,"jetpack_featured_media_url":"https:\/\/i0.wp.com\/guialimeira.com.br\/news\/wp-content\/uploads\/2024\/04\/posse-diretor-pf_mcamgo_abr_100120231818-13.jpg?fit=1600%2C800&ssl=1","_links":{"self":[{"href":"https:\/\/guialimeira.com.br\/news\/wp-json\/wp\/v2\/posts\/2530","targetHints":{"allow":["GET"]}}],"collection":[{"href":"https:\/\/guialimeira.com.br\/news\/wp-json\/wp\/v2\/posts"}],"about":[{"href":"https:\/\/guialimeira.com.br\/news\/wp-json\/wp\/v2\/types\/post"}],"author":[{"embeddable":true,"href":"https:\/\/guialimeira.com.br\/news\/wp-json\/wp\/v2\/users\/1"}],"replies":[{"embeddable":true,"href":"https:\/\/guialimeira.com.br\/news\/wp-json\/wp\/v2\/comments?post=2530"}],"version-history":[{"count":0,"href":"https:\/\/guialimeira.com.br\/news\/wp-json\/wp\/v2\/posts\/2530\/revisions"}],"wp:featuredmedia":[{"embeddable":true,"href":"https:\/\/guialimeira.com.br\/news\/wp-json\/wp\/v2\/media\/2531"}],"wp:attachment":[{"href":"https:\/\/guialimeira.com.br\/news\/wp-json\/wp\/v2\/media?parent=2530"}],"wp:term":[{"taxonomy":"category","embeddable":true,"href":"https:\/\/guialimeira.com.br\/news\/wp-json\/wp\/v2\/categories?post=2530"},{"taxonomy":"post_tag","embeddable":true,"href":"https:\/\/guialimeira.com.br\/news\/wp-json\/wp\/v2\/tags?post=2530"}],"curies":[{"name":"wp","href":"https:\/\/api.w.org\/{rel}","templated":true}]}}