{"id":25299,"date":"2025-02-28T12:24:43","date_gmt":"2025-02-28T15:24:43","guid":{"rendered":"https:\/\/guialimeira.com.br\/?p=25299"},"modified":"2025-02-28T12:24:43","modified_gmt":"2025-02-28T15:24:43","slug":"educacao-medicamentos-e-ecoponto-waguinho-da-santa-luzia-requer-informacoes-da-prefeitura","status":"publish","type":"post","link":"https:\/\/guialimeira.com.br\/news\/educacao-medicamentos-e-ecoponto-waguinho-da-santa-luzia-requer-informacoes-da-prefeitura\/","title":{"rendered":"Educa\u00e7\u00e3o, medicamentos e ecoponto: Waguinho da Santa Luzia requer informa\u00e7\u00f5es da Prefeitura"},"content":{"rendered":"\n<figure class=\"wp-block-gallery has-nested-images columns-default is-cropped wp-block-gallery-1 is-layout-flex wp-block-gallery-is-layout-flex\"><\/figure>\n \r\n<br><img data-recalc-dims=\"1\" decoding=\"async\" src=\"https:\/\/i0.wp.com\/guialimeira.com.br\/wp-content\/uploads\/2025\/02\/2025-02-28_educacao-medicamentos-e-ecoponto-waguinho-da-santa-luzia-requer-informacoes-da-prefeitura.jpeg?w=696&#038;ssl=1\" \/><br><div>\n\t\t\t\t\t<p>O vereador Waguinho da Santa Luzia (PP) encaminhou \u00e0 Prefeitura pedidos de esclarecimentos acerca da constru\u00e7\u00e3o de creches municipais, educa\u00e7\u00e3o p\u00fablica em per\u00edodo integral, ecopontos e dispensa\u00e7\u00e3o fracionada de medicamentos em farm\u00e1cias da rede p\u00fablica. Tr\u00eas requerimentos foram encaminhados na segunda-feira, 24 de fevereiro, j\u00e1 o pedido de informa\u00e7\u00f5es sobre medicamentos foi enviado nesta quinta-feira, 27 de fevereiro. O prazo para resposta \u00e9 de 15 dias, prorrog\u00e1vel por igual per\u00edodo.\u00a0<\/p><p><strong>Educa\u00e7\u00e3o p\u00fablica<\/strong><\/p><p>O <a href=\"https:\/\/consulta.limeira.sp.leg.br\/Documentos\/Pesquisa?Pesquisa=Avancada&amp;id=79&amp;pagina=1&amp;Modulo=8&amp;Documento=0&amp;Numeracao=Documento&amp;NumeroInicial=116&amp;AnoInicial=2025&amp;DataInicial=&amp;NumeroFinal=&amp;AnoFinal=&amp;DataFinal=&amp;Situacao=0&amp;Classificacao=0&amp;TipoAutor=Todos&amp;AutoriaId=0&amp;Iniciativa=Nenhum&amp;NoTexto=false&amp;Assunto=&amp;Observacoes=\" rel=\"noopener\">Requerimento N\u00ba 116\/2025<\/a> solicita as seguintes informa\u00e7\u00f5es acerca da constru\u00e7\u00e3o de duas novas creches municipais:\u00a0<\/p><ul><li>Foi anunciada pelo Executivo Municipal a possibilidade de constru\u00e7\u00e3o de\u00a0 duas novas creches. Quais regi\u00f5es ser\u00e3o contempladas com essas unidades escolares?<\/li><li>Foi realizado um estudo t\u00e9cnico para a escolha dessas regi\u00f5es? Quais crit\u00e9rios foram observados? Se sim, \u00e9 poss\u00edvel enviar c\u00f3pia do documento? Caso n\u00e3o seja poss\u00edvel, justifique os motivos.<\/li><li>Quantas crian\u00e7as poder\u00e3o ser atendidas em cada unidade?<\/li><li>Com o cancelamento da constru\u00e7\u00e3o do novo pr\u00e9dio do Centro Infantil (C.I) Caroline Pardo Campos Freire no terreno ao lado da Par\u00f3quia Jesus Cristo Bom Pastor, existe algum projeto para atender aquela regi\u00e3o?<\/li><li>Ao lado da Escola Municipal de Educa\u00e7\u00e3o Infantil e Ensino Fundamental (EMEIEF) Padre Maur\u00edcio Sebasti\u00e3o Ferreira existe um grande terreno. H\u00e1 algum projeto de constru\u00e7\u00e3o de C.I ou amplia\u00e7\u00e3o da pr\u00f3pria EMEIEF naquele local?<\/li><\/ul><p>Em outro requerimento (<a href=\"https:\/\/consulta.limeira.sp.leg.br\/Documentos\/Pesquisa?Pesquisa=Avancada&amp;id=79&amp;pagina=1&amp;Modulo=8&amp;Documento=0&amp;Numeracao=Documento&amp;NumeroInicial=109&amp;AnoInicial=2025&amp;DataInicial=&amp;NumeroFinal=&amp;AnoFinal=&amp;DataFinal=&amp;Situacao=0&amp;Classificacao=0&amp;TipoAutor=Todos&amp;AutoriaId=0&amp;Iniciativa=Nenhum&amp;NoTexto=false&amp;Assunto=&amp;Observacoes=\" rel=\"noopener\">N\u00b0109\/2025<\/a>), o vereador trata sobre educa\u00e7\u00e3o p\u00fablica em per\u00edodo integral. Informa\u00e7\u00f5es como a quantidade de escolas de ensino integral, a quantidade de alunos podem ser contemplados e o n\u00famero de estudantes na lista de espera s\u00e3o t\u00f3picos abordados.<\/p><p>A respeito da amplia\u00e7\u00e3o do ensino integral em Limeira, o vereador solicita o estudo sobre o projeto e a listagem das escolas mapeadas<\/p><p><strong>Ecopontos<\/strong><\/p><p>O <a href=\"https:\/\/consulta.limeira.sp.leg.br\/Documentos\/Documento\/367563\" rel=\"noopener\">Requerimento N\u00b0 113\/2025<\/a><strong> <\/strong>trata sobre a atual situa\u00e7\u00e3o, funcionamento e administra\u00e7\u00e3o dos ecopontos de Limeira. O parlamentar questionou qual a empresa respons\u00e1vel pela administra\u00e7\u00e3o dos ecopontos no munic\u00edpio, al\u00e9m de quantos s\u00e3o e onde est\u00e3o instaladas essas estruturas de coleta. Waguinho quer detalhes ainda sobre o hor\u00e1rio de funcionamento e se existe estudo para cria\u00e7\u00e3o de novos ecopontos. Caso haja esse estudo, ele quer saber onde ser\u00e3o instalados. Outra informa\u00e7\u00e3o \u00e9 se o valor que est\u00e1 sendo pago para a empresa administradora dos ecopontos.\u00a0\u00a0<\/p><p>Tamb\u00e9m foi solicitado o envio de c\u00f3pias dos contratos com a empresa atual e da prestadora de servi\u00e7o anterior.\u00a0<\/p><p><strong>Medicamentos\u00a0<\/strong><\/p><p>O <a href=\"https:\/\/consulta.limeira.sp.leg.br\/Documentos\/Documento\/368124\" rel=\"noopener\">Requerimento N\u00b0 124\/2025<\/a> trata da viabilidade de dispensa\u00e7\u00e3o fracionada de medicamentos nas farm\u00e1cias da rede p\u00fablica a fim de evitar desperd\u00edcio e indisponibilidades. O parlamentar perguntou o motivo de Limeira ainda n\u00e3o ter implementado esse modelo. Tamb\u00e9m foi questionado:\u00a0<\/p><ul><li>A dispensa\u00e7\u00e3o fracionada evitaria o desperd\u00edcio de medicamentos e o desperd\u00edcio do dinheiro p\u00fablico?<\/li><li>O Munic\u00edpio tem a informa\u00e7\u00e3o de quantos comprimidos s\u00e3o desperdi\u00e7ados mensalmente?<\/li><li>No dia de hoje, a Central de Medicamentos informa a falta de 31 medicamentos. A dispensa\u00e7\u00e3o fracionada poderia reduzir essa demanda?<\/li><\/ul><p>O vereador disponibilizou no pedido a lista completa com os 31 medicamentos que est\u00e3o em falta na rede p\u00fablica pode ser conferida neste <a href=\"https:\/\/consulta.limeira.sp.leg.br\/Documentos\/Documento\/368124\" rel=\"noopener\">link<\/a>.<\/p><p>Waguinho afirmou que pa\u00edses como Holanda, Espanha e Inglaterra, bem como nos Estados Unidos, Canad\u00e1 e Chile, fazem a dispensa\u00e7\u00e3o fracionada h\u00e1 mais de 20 anos.\u00a0<\/p><p>\u201cMedicamentos que n\u00e3o s\u00e3o utilizados certamente ser\u00e3o desperdi\u00e7ados e lan\u00e7ados indevidamente no lixo ou na rede de esgoto, e com isso trazendo problemas para o meio ambiente\u201d, completou.<\/p><p><i>Do Gabinete Parlamentar \u2013 Vereador Waguinho da Santa Luzia (PP)<\/i><\/p><p><strong>As mat\u00e9rias de origem dos Gabinetes Parlamentares s\u00e3o de inteira\u00a0 responsabilidade dos parlamentares e de suas assessorias. S\u00e3o devidamente assinadas e n\u00e3o refletem, necessariamente, a opini\u00e3o institucional da C\u00e2mara Municipal de Limeira.<\/strong><\/p>\t\t\t\t<\/div>\r\n<br>\r\n<br><a href=\"https:\/\/www.limeira.sp.leg.br\/noticias\/view\/2025-02-28_educacao-medicamentos-e-ecoponto-waguinho-da-santa-luzia-requer-informacoes-da-prefeitura\" rel=\"noopener\">Informa\u00e7\u00f5es CML <\/a>","protected":false},"excerpt":{"rendered":"<p>O vereador Waguinho da Santa Luzia (PP) encaminhou \u00e0 Prefeitura pedidos de esclarecimentos acerca da constru\u00e7\u00e3o de creches municipais, educa\u00e7\u00e3o p\u00fablica em per\u00edodo integral, ecopontos e dispensa\u00e7\u00e3o fracionada de medicamentos em farm\u00e1cias da rede p\u00fablica. Tr\u00eas requerimentos foram encaminhados na segunda-feira, 24 de fevereiro, j\u00e1 o pedido de informa\u00e7\u00f5es sobre medicamentos foi enviado nesta quinta-feira, [&hellip;]<\/p>\n","protected":false},"author":1,"featured_media":25300,"comment_status":"open","ping_status":"open","sticky":false,"template":"","format":"standard","meta":{"_jetpack_newsletter_access":"","_jetpack_dont_email_post_to_subs":false,"_jetpack_newsletter_tier_id":0,"_jetpack_memberships_contains_paywalled_content":false,"_mbp_banners":[],"_jetpack_feature_clip_id":0,"_jetpack_memberships_contains_paid_content":false,"footnotes":"","jetpack_publicize_message":"","jetpack_publicize_feature_enabled":true,"jetpack_social_post_already_shared":true,"jetpack_social_options":{"image_generator_settings":{"template":"highway","default_image_id":0,"font":"","enabled":false},"version":2},"jetpack_post_was_ever_published":false},"categories":[19],"tags":[],"class_list":["post-25299","post","type-post","status-publish","format-standard","has-post-thumbnail","category-politica"],"jetpack_publicize_connections":[],"jetpack-related-posts":[],"jetpack_shortlink":"https:\/\/wp.me\/p7Eq1F-6A3","jetpack_sharing_enabled":true,"jetpack_featured_media_url":"https:\/\/i0.wp.com\/guialimeira.com.br\/news\/wp-content\/uploads\/2025\/02\/Educacao-medicamentos-e-ecoponto-Waguinho-da-Santa-Luzia-requer-informacoes.jpeg?fit=1280%2C640&ssl=1","_links":{"self":[{"href":"https:\/\/guialimeira.com.br\/news\/wp-json\/wp\/v2\/posts\/25299","targetHints":{"allow":["GET"]}}],"collection":[{"href":"https:\/\/guialimeira.com.br\/news\/wp-json\/wp\/v2\/posts"}],"about":[{"href":"https:\/\/guialimeira.com.br\/news\/wp-json\/wp\/v2\/types\/post"}],"author":[{"embeddable":true,"href":"https:\/\/guialimeira.com.br\/news\/wp-json\/wp\/v2\/users\/1"}],"replies":[{"embeddable":true,"href":"https:\/\/guialimeira.com.br\/news\/wp-json\/wp\/v2\/comments?post=25299"}],"version-history":[{"count":1,"href":"https:\/\/guialimeira.com.br\/news\/wp-json\/wp\/v2\/posts\/25299\/revisions"}],"predecessor-version":[{"id":25301,"href":"https:\/\/guialimeira.com.br\/news\/wp-json\/wp\/v2\/posts\/25299\/revisions\/25301"}],"wp:featuredmedia":[{"embeddable":true,"href":"https:\/\/guialimeira.com.br\/news\/wp-json\/wp\/v2\/media\/25300"}],"wp:attachment":[{"href":"https:\/\/guialimeira.com.br\/news\/wp-json\/wp\/v2\/media?parent=25299"}],"wp:term":[{"taxonomy":"category","embeddable":true,"href":"https:\/\/guialimeira.com.br\/news\/wp-json\/wp\/v2\/categories?post=25299"},{"taxonomy":"post_tag","embeddable":true,"href":"https:\/\/guialimeira.com.br\/news\/wp-json\/wp\/v2\/tags?post=25299"}],"curies":[{"name":"wp","href":"https:\/\/api.w.org\/{rel}","templated":true}]}}