{"id":2529,"date":"2024-04-23T20:33:42","date_gmt":"2024-04-23T23:33:42","guid":{"rendered":"https:\/\/guialimeira.com.br\/2024\/04\/23\/concurso-unificado-tera-detector-de-metal-e-coleta-de-digitais\/"},"modified":"2024-04-23T20:33:42","modified_gmt":"2024-04-23T23:33:42","slug":"concurso-unificado-tera-detector-de-metal-e-coleta-de-digitais","status":"publish","type":"post","link":"https:\/\/guialimeira.com.br\/news\/concurso-unificado-tera-detector-de-metal-e-coleta-de-digitais\/","title":{"rendered":"Concurso Unificado ter\u00e1 detector de metal e coleta de digitais"},"content":{"rendered":"<p> <br \/>\n<\/p>\n<div>\n<p>Medidas de prote\u00e7\u00e3o refor\u00e7ar\u00e3o a seguran\u00e7a durante a aplica\u00e7\u00e3o das provas do Concurso Nacional Unificado, o chamado Enem dos concursos, previsto para o dia 5 de maio. S\u00e3o regras que pro\u00edbem a sa\u00edda dos candidatos com o caderno de quest\u00f5es ou com anota\u00e7\u00f5es do gabarito, al\u00e9m da coleta de digitais e exame grafol\u00f3gico antes da aplica\u00e7\u00e3o do exame.<img data-recalc-dims=\"1\" decoding=\"async\" src=\"https:\/\/i0.wp.com\/agenciabrasil.ebc.com.br\/ebc.png?w=696&#038;ssl=1\" style=\"width:1px; height:1px; display:inline;\"\/><img data-recalc-dims=\"1\" decoding=\"async\" src=\"https:\/\/i0.wp.com\/agenciabrasil.ebc.com.br\/ebc.gif?w=696&#038;ssl=1\" style=\"width:1px; height:1px; display:inline;\"\/><\/p>\n<p>Com a ado\u00e7\u00e3o das medidas, o pr\u00f3prio cart\u00e3o de respostas conter\u00e1 a identifica\u00e7\u00e3o do candidato, onde, al\u00e9m das sele\u00e7\u00f5es marcadas durante o exame, tamb\u00e9m ficar\u00e1 registrada uma frase copiada pelo concorrente com a pr\u00f3pria letra e a sua digital.<\/p>\n<p>Detectores de metal e de equipamentos eletr\u00f4nicos tamb\u00e9m ser\u00e3o instalados nos acessos aos locais de aplica\u00e7\u00e3o da prova e os celulares ser\u00e3o desligados e lacrados durante o exame. Uma for\u00e7a-tarefa tamb\u00e9m atuar\u00e1, com a participa\u00e7\u00e3o da Secretaria Nacional de Seguran\u00e7a P\u00fablica, das Pol\u00edcias Federal e Rodovi\u00e1ria, da Ag\u00eancia Brasileira de Intelig\u00eancia, For\u00e7a Nacional e das Secretarias de Seguran\u00e7a P\u00fablica Estaduais.<\/p>\n<p>\u201cO processo envolve um forte esquema de seguran\u00e7a, desde a produ\u00e7\u00e3o e entrega das provas at\u00e9 a checagem da identidade do candidato\u201d, explica coordenador-geral de log\u00edstica do processo seletivo, Alexandre Retamal.<\/p>\n<p>De acordo com o Minist\u00e9rio da Gest\u00e3o e da Inova\u00e7\u00e3o em Servi\u00e7os P\u00fablicos, o objetivo \u00e9 evitar fraudes no processo seletivo, principalmente por meio do uso de pontos eletr\u00f4nicos. Esse seria o principal m\u00e9todo usado por organiza\u00e7\u00f5es criminosas que atuam em processos seletivos.<\/p>\n<p>As provas objetivas de conhecimentos gerais ser\u00e3o aplicas pela manh\u00e3, com abertura dos port\u00f5es \u00e0s 7h30, quando tamb\u00e9m haver\u00e1 uma quest\u00e3o dissertativa para os blocos de n\u00edvel superior e reda\u00e7\u00e3o para o de n\u00edvel m\u00e9dio. J\u00e1 no per\u00edodo da tarde, os port\u00f5es ser\u00e3o abertos \u00e0s 13h para as provas de conhecimentos espec\u00edficos para os blocos de n\u00edvel superior e uma nova rodada de conhecimentos gerais para o bloco de n\u00edvel m\u00e9dio.<\/p>\n<p>No mesmo dia da prova, ap\u00f3s o encerramento dos dois per\u00edodos de exame, os cadernos de provas ser\u00e3o divulgados no <em>site<\/em> do Minist\u00e9rio da Gest\u00e3o.<\/p>\n<\/p><\/div>\n<p><br \/>\n<br \/><a href=\"https:\/\/agenciabrasil.ebc.com.br\/geral\/noticia\/2024-04\/concurso-unificado-tera-detector-de-metal-e-coleta-de-digitais\" rel=\"noopener\">Ag\u00eancia Brasil<\/a><\/p>\n","protected":false},"excerpt":{"rendered":"<p>Medidas de prote\u00e7\u00e3o refor\u00e7ar\u00e3o a seguran\u00e7a durante a aplica\u00e7\u00e3o das provas do Concurso Nacional Unificado, o chamado Enem dos concursos, previsto para o dia 5 de maio. S\u00e3o regras que pro\u00edbem a sa\u00edda dos candidatos com o caderno de quest\u00f5es ou com anota\u00e7\u00f5es do gabarito, al\u00e9m da coleta de digitais e exame grafol\u00f3gico antes da [&hellip;]<\/p>\n","protected":false},"author":1,"featured_media":1028,"comment_status":"open","ping_status":"open","sticky":false,"template":"","format":"standard","meta":{"_jetpack_newsletter_access":"","_jetpack_dont_email_post_to_subs":false,"_jetpack_newsletter_tier_id":0,"_jetpack_memberships_contains_paywalled_content":false,"_mbp_banners":[],"_jetpack_feature_clip_id":0,"_jetpack_memberships_contains_paid_content":false,"footnotes":"","jetpack_publicize_message":"","jetpack_publicize_feature_enabled":true,"jetpack_social_post_already_shared":true,"jetpack_social_options":{"image_generator_settings":{"template":"highway","default_image_id":0,"font":"","enabled":false},"version":2},"jetpack_post_was_ever_published":false},"categories":[1],"tags":[],"class_list":["post-2529","post","type-post","status-publish","format-standard","has-post-thumbnail","category-geral"],"jetpack_publicize_connections":[],"jetpack-related-posts":[],"jetpack_shortlink":"https:\/\/wp.me\/p7Eq1F-EN","jetpack_sharing_enabled":true,"jetpack_featured_media_url":"https:\/\/i0.wp.com\/guialimeira.com.br\/news\/wp-content\/uploads\/2024\/04\/img_5725.jpg?fit=1600%2C800&ssl=1","_links":{"self":[{"href":"https:\/\/guialimeira.com.br\/news\/wp-json\/wp\/v2\/posts\/2529","targetHints":{"allow":["GET"]}}],"collection":[{"href":"https:\/\/guialimeira.com.br\/news\/wp-json\/wp\/v2\/posts"}],"about":[{"href":"https:\/\/guialimeira.com.br\/news\/wp-json\/wp\/v2\/types\/post"}],"author":[{"embeddable":true,"href":"https:\/\/guialimeira.com.br\/news\/wp-json\/wp\/v2\/users\/1"}],"replies":[{"embeddable":true,"href":"https:\/\/guialimeira.com.br\/news\/wp-json\/wp\/v2\/comments?post=2529"}],"version-history":[{"count":0,"href":"https:\/\/guialimeira.com.br\/news\/wp-json\/wp\/v2\/posts\/2529\/revisions"}],"wp:featuredmedia":[{"embeddable":true,"href":"https:\/\/guialimeira.com.br\/news\/wp-json\/wp\/v2\/media\/1028"}],"wp:attachment":[{"href":"https:\/\/guialimeira.com.br\/news\/wp-json\/wp\/v2\/media?parent=2529"}],"wp:term":[{"taxonomy":"category","embeddable":true,"href":"https:\/\/guialimeira.com.br\/news\/wp-json\/wp\/v2\/categories?post=2529"},{"taxonomy":"post_tag","embeddable":true,"href":"https:\/\/guialimeira.com.br\/news\/wp-json\/wp\/v2\/tags?post=2529"}],"curies":[{"name":"wp","href":"https:\/\/api.w.org\/{rel}","templated":true}]}}