{"id":25286,"date":"2025-02-28T11:19:00","date_gmt":"2025-02-28T14:19:00","guid":{"rendered":"https:\/\/guialimeira.com.br\/?p=25286"},"modified":"2025-02-28T11:19:00","modified_gmt":"2025-02-28T14:19:00","slug":"everton-ferreira-discute-parcerias-para-o-emprega-limeira","status":"publish","type":"post","link":"https:\/\/guialimeira.com.br\/news\/everton-ferreira-discute-parcerias-para-o-emprega-limeira\/","title":{"rendered":"Everton Ferreira discute parcerias para o Emprega Limeira"},"content":{"rendered":"\n<figure class=\"wp-block-gallery has-nested-images columns-default is-cropped wp-block-gallery-1 is-layout-flex wp-block-gallery-is-layout-flex\"><\/figure>\n \r\n<br><img data-recalc-dims=\"1\" decoding=\"async\" src=\"https:\/\/i0.wp.com\/guialimeira.com.br\/wp-content\/uploads\/2025\/02\/2025-02-28_everton-ferreira-discute-parcerias-para-o-emprega-limeira_3.jpg?w=696&#038;ssl=1\" \/><br><div>\n\t\t\t\t\t<p>O vereador e presidente da C\u00e2mara Municipal, Everton Ferreira (PSD), esteve com representantes da Konecta, multinacional espanhola sediada em Limeira, para tratar do programa Emprega Limeira, de autoria do parlamentar. A propositura (<a href=\"https:\/\/consulta.limeira.sp.leg.br\/Documentos\/Documento\/365757\" rel=\"noopener\">Projeto de Resolu\u00e7\u00e3o N\u00b05\/2025<\/a>) foi aprovada pelo Legislativo na segunda-feira, 24 de fevereiro.\u00a0\u00a0<\/p><p>A proposta do Emprega Limeira \u00e9 auxiliar tanto trabalhadores em busca do primeiro emprego ou da recoloca\u00e7\u00e3o profissional, como as empresas a preencher suas vagas e a qualificar a m\u00e3o de obra de acordo com suas necessidades. E foi por este motivo que o encontro aconteceu.\u00a0<\/p><p>Segundo Everton, a conversa com a multinacional foi positiva, vindo ao encontro dos objetivos do programa. \u201cO Emprega Limeira nasceu para enxergar o mercado e suas necessidades, disponibilizando vagas de emprego a quem precisa\u201d, afirmou.\u00a0<\/p><p>O superintendente de Recursos Humanos da Konecta, Vitor Ferreira, disse que a empresa tem buscado pessoas interessadas em oportunidades, em especial um p\u00fablico mais jovem e acima de 50 anos. Um dos diferenciais \u00e9 a jornada de trabalho reduzida, de seis horas e 20 minutos di\u00e1rios, com plano de carreira e benef\u00edcios. \u201cTemos parcerias com grandes marcas, especialmente do setor digital, e estamos sempre em busca de novos talentos\u201d. Atualmente, a Konecta emprega cerca de 800 colaboradores em Limeira.\u00a0<\/p><p>Durante a reuni\u00e3o, Everton tamb\u00e9m prop\u00f4s que a pr\u00f3pria multinacional ofere\u00e7a cursos de capacita\u00e7\u00e3o. O superintendente de Opera\u00e7\u00f5es da empresa, Rodrigo Jordano, considerou vi\u00e1vel a forma\u00e7\u00e3o de turmas, com possibilidade de absor\u00e7\u00e3o de alunos pela Konecta a depender do desempenho nos cursos. Tamb\u00e9m participaram do encontro a analista de RH, Lilian Ara\u00fajo, e o gerente de site, Igor Ferreira.\u00a0<\/p><p>De acordo com Everton, a C\u00e2mara ir\u00e1 prosseguir dialogando com empresas e associa\u00e7\u00f5es para fortalecer o Emprega Limeira e impulsionar a gera\u00e7\u00e3o de emprego e renda na cidade. \u201cNosso objetivo \u00e9 ampliar as oportunidades e, para as vagas que n\u00e3o forem preenchidas nos mutir\u00f5es que pretendemos organizar, iremos buscar alternativas para capacita\u00e7\u00e3o profissional, facilitando o acesso ao mercado de trabalho\u201d, declarou.\u00a0<\/p><p><i>Do Gabinete Parlamentar \u2013 Vereador Everton Ferreira (PSD)\u00a0<\/i><\/p><p><i>*Foto do gabinete parlamentar<\/i><\/p><p><strong>As mat\u00e9rias de origem dos Gabinetes Parlamentares s\u00e3o de inteira\u00a0 responsabilidade dos parlamentares e de suas assessorias. S\u00e3o devidamente assinadas e n\u00e3o refletem, necessariamente, a opini\u00e3o institucional da C\u00e2mara Municipal de Limeira.<\/strong><\/p>\t\t\t\t<\/div>\r\n<br>\r\n<br><a href=\"https:\/\/www.limeira.sp.leg.br\/noticias\/view\/2025-02-28_everton-ferreira-discute-parcerias-para-o-emprega-limeira\" rel=\"noopener\">Informa\u00e7\u00f5es CML <\/a>","protected":false},"excerpt":{"rendered":"<p>O vereador e presidente da C\u00e2mara Municipal, Everton Ferreira (PSD), esteve com representantes da Konecta, multinacional espanhola sediada em Limeira, para tratar do programa Emprega Limeira, de autoria do parlamentar. A propositura (Projeto de Resolu\u00e7\u00e3o N\u00b05\/2025) foi aprovada pelo Legislativo na segunda-feira, 24 de fevereiro.\u00a0\u00a0 A proposta do Emprega Limeira \u00e9 auxiliar tanto trabalhadores em [&hellip;]<\/p>\n","protected":false},"author":1,"featured_media":25287,"comment_status":"open","ping_status":"open","sticky":false,"template":"","format":"standard","meta":{"_jetpack_newsletter_access":"","_jetpack_dont_email_post_to_subs":false,"_jetpack_newsletter_tier_id":0,"_jetpack_memberships_contains_paywalled_content":false,"_mbp_banners":[],"_jetpack_feature_clip_id":0,"_jetpack_memberships_contains_paid_content":false,"footnotes":"","jetpack_publicize_message":"","jetpack_publicize_feature_enabled":true,"jetpack_social_post_already_shared":true,"jetpack_social_options":{"image_generator_settings":{"template":"highway","default_image_id":0,"font":"","enabled":false},"version":2},"jetpack_post_was_ever_published":false},"categories":[19],"tags":[],"class_list":["post-25286","post","type-post","status-publish","format-standard","has-post-thumbnail","category-politica"],"jetpack_publicize_connections":[],"jetpack-related-posts":[],"jetpack_shortlink":"https:\/\/wp.me\/p7Eq1F-6zQ","jetpack_sharing_enabled":true,"jetpack_featured_media_url":"https:\/\/i0.wp.com\/guialimeira.com.br\/news\/wp-content\/uploads\/2025\/02\/Everton-Ferreira-discute-parcerias-para-o-Emprega-Limeira.jpg?fit=1280%2C640&ssl=1","_links":{"self":[{"href":"https:\/\/guialimeira.com.br\/news\/wp-json\/wp\/v2\/posts\/25286","targetHints":{"allow":["GET"]}}],"collection":[{"href":"https:\/\/guialimeira.com.br\/news\/wp-json\/wp\/v2\/posts"}],"about":[{"href":"https:\/\/guialimeira.com.br\/news\/wp-json\/wp\/v2\/types\/post"}],"author":[{"embeddable":true,"href":"https:\/\/guialimeira.com.br\/news\/wp-json\/wp\/v2\/users\/1"}],"replies":[{"embeddable":true,"href":"https:\/\/guialimeira.com.br\/news\/wp-json\/wp\/v2\/comments?post=25286"}],"version-history":[{"count":1,"href":"https:\/\/guialimeira.com.br\/news\/wp-json\/wp\/v2\/posts\/25286\/revisions"}],"predecessor-version":[{"id":25288,"href":"https:\/\/guialimeira.com.br\/news\/wp-json\/wp\/v2\/posts\/25286\/revisions\/25288"}],"wp:featuredmedia":[{"embeddable":true,"href":"https:\/\/guialimeira.com.br\/news\/wp-json\/wp\/v2\/media\/25287"}],"wp:attachment":[{"href":"https:\/\/guialimeira.com.br\/news\/wp-json\/wp\/v2\/media?parent=25286"}],"wp:term":[{"taxonomy":"category","embeddable":true,"href":"https:\/\/guialimeira.com.br\/news\/wp-json\/wp\/v2\/categories?post=25286"},{"taxonomy":"post_tag","embeddable":true,"href":"https:\/\/guialimeira.com.br\/news\/wp-json\/wp\/v2\/tags?post=25286"}],"curies":[{"name":"wp","href":"https:\/\/api.w.org\/{rel}","templated":true}]}}