{"id":25283,"date":"2025-02-28T11:09:48","date_gmt":"2025-02-28T14:09:48","guid":{"rendered":"https:\/\/guialimeira.com.br\/2025\/02\/28\/argentina-sob-milei-recua-apos-classificar-deficientes-como-idiotas\/"},"modified":"2025-02-28T11:09:48","modified_gmt":"2025-02-28T14:09:48","slug":"argentina-sob-milei-recua-apos-classificar-deficientes-como-idiotas","status":"publish","type":"post","link":"https:\/\/guialimeira.com.br\/news\/argentina-sob-milei-recua-apos-classificar-deficientes-como-idiotas\/","title":{"rendered":"Argentina sob Milei recua ap\u00f3s classificar deficientes como \u201cidiotas\u201d"},"content":{"rendered":"<p> <br \/>\n<\/p>\n<div>\n<p><strong>Resolu\u00e7\u00e3o da Ag\u00eancia Nacional da Pessoa com Defici\u00eancia (Andis) da Argentina<\/strong>,\u00a0publicada nesta quinta-feira (27),\u00a0causou revolta\u00a0entre entidades e fam\u00edlias de pessoas com defici\u00eancia intelectual\u00a0<strong>por ter classificado essas pessoas pelos termos \u201cimbecil\u201d, \u201cidiota\u201d e \u201cd\u00e9bil mental\u201d\u00a0de acordo com o grau da incapacidade cognitiva<\/strong>.<img data-recalc-dims=\"1\" decoding=\"async\" src=\"https:\/\/i0.wp.com\/agenciabrasil.ebc.com.br\/ebc.png?w=696&#038;ssl=1\" style=\"width:1px; height:1px; display:inline;\"\/><img data-recalc-dims=\"1\" decoding=\"async\" src=\"https:\/\/i0.wp.com\/agenciabrasil.ebc.com.br\/ebc.gif?w=696&#038;ssl=1\" style=\"width:1px; height:1px; display:inline;\"\/><\/p>\n<p><strong>Ap\u00f3s a repercuss\u00e3o negativa, a entidade que cuida do tema, sob a gest\u00e3o do governo de Javier Milei, afirmou que a <a href=\"https:\/\/www.argentina.gob.ar\/noticias\/andis-modificara-la-resolucion-1872025\" target=\"_blank\" rel=\"noopener\">resolu\u00e7\u00e3o publicada <\/a>no <em>Di\u00e1rio Oficial<\/em> do pa\u00eds foi um erro\u00a0derivado do uso de conceitos obsoletos e que a resolu\u00e7\u00e3o ser\u00e1 refeita.<\/strong><\/p>\n<p>\u201cOs regulamentos inclu\u00edam um anexo contendo termos que historicamente foram usados \u200b\u200bna medicina psiqui\u00e1trica para descrever graus profundos de d\u00e9ficit intelectual, mas que agora foram descontinuados\u201d, informou a Andis.\u00a0<\/p>\n<p>A resolu\u00e7\u00e3o publicada descrevia os crit\u00e9rios para classifica\u00e7\u00e3o do grau de defici\u00eancia intelectual para a concess\u00e3o de benef\u00edcios para pessoas com incapacidade para o trabalho.<\/p>\n<p>Segundo a norma, ainda em vigor, o \u201cidiota\u201d \u00e9 aquele que \u201cn\u00e3o l\u00ea, nem escreve, n\u00e3o conhece o dinheiro\u201d, al\u00e9m de \u201cn\u00e3o atender suas necessidades b\u00e1sicas, n\u00e3o conseguir subsistir sozinho\u201d. J\u00e1 o \u201cimbecil\u201d seria aquele que \u201catende suas necessidades elementares, podem realizar tarefas rudimentares\u201d.<\/p>\n<p>O documento classifica ainda o \u201cd\u00e9bil mental\u201d como\u00a0leve, moderado e profundo, sendo o profundo aquele que \u201csomente assina, tem vocabul\u00e1rio simples, n\u00e3o maneja dinheiro, pode realizar tarefas rudimentares\u201d.<\/p>\n<p><strong>Por meio de <a href=\"http:\/\/ttps:\/\/www.asdra.org.ar\/destacados\/repudio-a-las-expresiones-discriminatorias-de-una-resolucion-de-la-agencia-nacional-de-discapacidad\/\" target=\"_blank\">nota<\/a>,\u00a0a Associa\u00e7\u00e3o S\u00edndrome de Down da Argentina (Asdra) repudiou a mudan\u00e7a na classifica\u00e7\u00e3o realizada pelo governo. Para a entidade, a classifica\u00e7\u00e3o \u00e9 discriminat\u00f3ria e estigmatizante contra as pessoas com defici\u00eancia intelectual.<\/strong><\/p>\n<p>\u201cEssas express\u00f5es, al\u00e9m de inaceit\u00e1veis \u200b\u200bdo ponto de vista \u00e9tico e de direitos humanos, <strong>refor\u00e7am preconceitos e concep\u00e7\u00f5es arcaicas que violam a dignidade das pessoas com defici\u00eancia intelectual<\/strong>.\u00a0Essas s\u00e3o express\u00f5es introduzidas em 1912 e substitu\u00eddas h\u00e1 mais de 70 anos\u201d, destacou a associa\u00e7\u00e3o argentina.<\/p>\n<p>      <!-- Relacionada --><\/p>\n<p>            <!-- Relacionada -->\n    <\/div>\n<p><br \/>\n<br \/><a href=\"https:\/\/agenciabrasil.ebc.com.br\/internacional\/noticia\/2025-02\/argentina-sob-milei-recua-apos-classificar-deficientes-como-idiotas\" rel=\"noopener\">Ag\u00eancia Brasil <\/a><\/p>\n","protected":false},"excerpt":{"rendered":"<p>Resolu\u00e7\u00e3o da Ag\u00eancia Nacional da Pessoa com Defici\u00eancia (Andis) da Argentina,\u00a0publicada nesta quinta-feira (27),\u00a0causou revolta\u00a0entre entidades e fam\u00edlias de pessoas com defici\u00eancia intelectual\u00a0por ter classificado essas pessoas pelos termos \u201cimbecil\u201d, \u201cidiota\u201d e \u201cd\u00e9bil mental\u201d\u00a0de acordo com o grau da incapacidade cognitiva. Ap\u00f3s a repercuss\u00e3o negativa, a entidade que cuida do tema, sob a gest\u00e3o do [&hellip;]<\/p>\n","protected":false},"author":1,"featured_media":23748,"comment_status":"open","ping_status":"open","sticky":false,"template":"","format":"standard","meta":{"_jetpack_newsletter_access":"","_jetpack_dont_email_post_to_subs":false,"_jetpack_newsletter_tier_id":0,"_jetpack_memberships_contains_paywalled_content":false,"_mbp_banners":[],"_jetpack_feature_clip_id":0,"_jetpack_memberships_contains_paid_content":false,"footnotes":"","jetpack_publicize_message":"","jetpack_publicize_feature_enabled":true,"jetpack_social_post_already_shared":true,"jetpack_social_options":{"image_generator_settings":{"template":"highway","default_image_id":0,"font":"","enabled":false},"version":2},"jetpack_post_was_ever_published":false},"categories":[25],"tags":[],"class_list":["post-25283","post","type-post","status-publish","format-standard","has-post-thumbnail","category-internacional"],"jetpack_publicize_connections":[],"jetpack-related-posts":[],"jetpack_shortlink":"https:\/\/wp.me\/p7Eq1F-6zN","jetpack_sharing_enabled":true,"jetpack_featured_media_url":"https:\/\/i0.wp.com\/guialimeira.com.br\/news\/wp-content\/uploads\/2025\/02\/2024-01-30t185321z_1_lynxmpek0t0o9_rtroptp_4_holocaust-memorial-argentina.jpg?fit=1600%2C800&ssl=1","_links":{"self":[{"href":"https:\/\/guialimeira.com.br\/news\/wp-json\/wp\/v2\/posts\/25283","targetHints":{"allow":["GET"]}}],"collection":[{"href":"https:\/\/guialimeira.com.br\/news\/wp-json\/wp\/v2\/posts"}],"about":[{"href":"https:\/\/guialimeira.com.br\/news\/wp-json\/wp\/v2\/types\/post"}],"author":[{"embeddable":true,"href":"https:\/\/guialimeira.com.br\/news\/wp-json\/wp\/v2\/users\/1"}],"replies":[{"embeddable":true,"href":"https:\/\/guialimeira.com.br\/news\/wp-json\/wp\/v2\/comments?post=25283"}],"version-history":[{"count":0,"href":"https:\/\/guialimeira.com.br\/news\/wp-json\/wp\/v2\/posts\/25283\/revisions"}],"wp:featuredmedia":[{"embeddable":true,"href":"https:\/\/guialimeira.com.br\/news\/wp-json\/wp\/v2\/media\/23748"}],"wp:attachment":[{"href":"https:\/\/guialimeira.com.br\/news\/wp-json\/wp\/v2\/media?parent=25283"}],"wp:term":[{"taxonomy":"category","embeddable":true,"href":"https:\/\/guialimeira.com.br\/news\/wp-json\/wp\/v2\/categories?post=25283"},{"taxonomy":"post_tag","embeddable":true,"href":"https:\/\/guialimeira.com.br\/news\/wp-json\/wp\/v2\/tags?post=25283"}],"curies":[{"name":"wp","href":"https:\/\/api.w.org\/{rel}","templated":true}]}}