{"id":25271,"date":"2025-02-28T10:08:50","date_gmt":"2025-02-28T13:08:50","guid":{"rendered":"https:\/\/guialimeira.com.br\/2025\/02\/28\/entenda-guerra-da-colombia-que-expulsou-52-mil-e-reduz-chance-de-paz\/"},"modified":"2025-02-28T10:08:50","modified_gmt":"2025-02-28T13:08:50","slug":"entenda-guerra-da-colombia-que-expulsou-52-mil-e-reduz-chance-de-paz","status":"publish","type":"post","link":"https:\/\/guialimeira.com.br\/news\/entenda-guerra-da-colombia-que-expulsou-52-mil-e-reduz-chance-de-paz\/","title":{"rendered":"Entenda guerra da Col\u00f4mbia que expulsou 52 mil e reduz chance de paz"},"content":{"rendered":"<p> <br \/>\n<\/p>\n<div>\n<p>Cerca de 40 dias atr\u00e1s\u00a0<strong>eclodiu na Col\u00f4mbia um\u00a0conflito armado entre guerrilhas pelo controle da regi\u00e3o de Catatumbo, <\/strong>\u00e1rea andina pr\u00f3xima \u00e0 fronteira com a Venezuela, rica em recursos naturais, pobre socialmente e prop\u00edcia para planta\u00e7\u00e3o da folha da coca, usada para fabrica\u00e7\u00e3o da coca\u00edna.<img data-recalc-dims=\"1\" decoding=\"async\" src=\"https:\/\/i0.wp.com\/agenciabrasil.ebc.com.br\/ebc.png?w=696&#038;ssl=1\" style=\"width:1px; height:1px; display:inline;\"\/><img data-recalc-dims=\"1\" decoding=\"async\" src=\"https:\/\/i0.wp.com\/agenciabrasil.ebc.com.br\/ebc.gif?w=696&#038;ssl=1\" style=\"width:1px; height:1px; display:inline;\"\/><\/p>\n<p>O\u00a0<strong>retorno da guerra colombiana, que o\u00a0in\u00edcio remonta aos anos 1940,\u00a0p\u00f5e em xeque o projeto do governo de esquerda do presidente\u00a0Gustavo Petro de \u201cPaz Total\u201d<\/strong>, e que <a href=\"https:\/\/agenciabrasil.ebc.com.br\/internacional\/noticia\/2022-09\/colombia-diz-que-10-grupos-armados-concordam-com-acordo-de-cessar-fogo\" target=\"_blank\" rel=\"noopener\">buscava desmobilizar grupos rebeldes<\/a> ainda armados que atuam na Col\u00f4mbia.\u00a0\u00a0<\/p>\n<div class=\"dnd-widget-wrapper context-cheio_8colunas type-image\">\n<div class=\"dnd-atom-rendered\"><!-- scald=415499:cheio_8colunas --><br \/>\n            <img data-recalc-dims=\"1\" decoding=\"async\" src=\"https:\/\/i0.wp.com\/imagens.ebc.com.br\/gxBYc-vM8D8Lm7pKTOlLUB4cOH8%3D\/754x0\/smart\/https%3A\/\/agenciabrasil.ebc.com.br\/sites\/default\/files\/thumbnails\/image\/2025\/02\/27\/mapa-colombia.png?w=696&#038;ssl=1\" alt=\"mapa-col\u00f4mbia\" title=\"Arte\/Ag\u00eancia Brasil\"\/><br \/>\n        <img data-recalc-dims=\"1\" decoding=\"async\" src=\"https:\/\/i0.wp.com\/imagens.ebc.com.br\/gxBYc-vM8D8Lm7pKTOlLUB4cOH8%3D\/754x0\/smart\/https%3A\/\/agenciabrasil.ebc.com.br\/sites\/default\/files\/thumbnails\/image\/2025\/02\/27\/mapa-colombia.png?w=696&#038;ssl=1\" alt=\"mapa-col\u00f4mbia\" title=\"Arte\/Ag\u00eancia Brasil\"\/><br \/>\n    <!-- END scald=415499 --><\/div>\n<div class=\"dnd-caption-wrapper\">\n<p><!--copyright=415499-->mapa-col\u00f4mbia &#8211; <strong>Arte\/Ag\u00eancia Brasil<\/strong><!--END copyright=415499--><\/p>\n<\/div>\n<\/div>\n<p>O <strong>Ex\u00e9rcito de Liberta\u00e7\u00e3o Nacional (ELN), com mais de 50 anos de atua\u00e7\u00e3o, entrou em guerra contra os dissidentes das Farcs<\/strong>\u00a0(For\u00e7as Armadas Revolucion\u00e1rias da Col\u00f4mbia), o\u00a0Frente 33, que n\u00e3o aceitaram abandonar as armas ap\u00f3s o <a href=\"https:\/\/agenciabrasil.ebc.com.br\/internacional\/noticia\/2016-09\/farc-e-governo-da-colombia-assinam-acordo-de-paz-apos-52-anos-de\" target=\"_blank\" rel=\"noopener\">Acordo de Paz assinado em 2016.<\/a>\u00a0\u00a0<\/p>\n<p><strong>Mais de 100 pessoas j\u00e1 foram assassinadas e 52 mil abandonaram suas resid\u00eancias para fugir do conflito<\/strong>. Houve atentados \u00e0 bomba e estima-se que 80 mil pessoas tenham sido afetadas na regi\u00e3o, sendo que 8,6 mil pessoas seguem em confinamento, sem poder se locomover.<\/p>\n<p>A guerra causou grave <strong>crise humanit\u00e1ria na Col\u00f4mbia<\/strong>, considerada uma das mais graves desde os anos 1990, quando houve um recrudescimento do conflito interno\u00a0do pa\u00eds.<\/p>\n<p>O especialista colombiano Seb\u00e1stian Granda Henao, professor em Fronteiras e Direitos Humanos na Universidade Federal da Grande Dourados (UFGD), explica\u00a0que o<strong>\u00a0aumento do pre\u00e7o da coca\u00edna no mercado mundial, no final de 2024, impulsionou a guerra\u00a0pelo controle das economias ilegais da regi\u00e3o.<\/strong><\/p>\n<blockquote>\n<p>\u201cA guerra \u00e9 para ver quem consegue controlar a produ\u00e7\u00e3o, a comercializa\u00e7\u00e3o e o refinamento da folha de coca nesse per\u00edodo de bonan\u00e7a.\u00a0\u00c9 um problema de economia pol\u00edtica, de ter o controle territorial para a produ\u00e7\u00e3o de commodities [mat\u00e9rias-primas] de economias ilegais\u201d, destacou Seb\u00e1stian.<\/p>\n<\/blockquote>\n<p>Nesta\u00a0semana, o <a href=\"https:\/\/www.presidencia.gov.co\/prensa\/Paginas\/Ofensiva-ordenada-por-el-Presidente-Petro-en-el-Catatumbo-deja-45-laborator-250224.aspx\" target=\"_blank\" rel=\"noopener\">governo informou<\/a> ter localizado e destru\u00eddo 45 instala\u00e7\u00f5es e laborat\u00f3rios para o processamento da coca\u00edna. Al\u00e9m da droga, est\u00e1 em disputa toda uma economia ilegal que funciona na regi\u00e3o, como o contrabando de mercadorias por meio da fronteira com a Venezuela, al\u00e9m da extra\u00e7\u00e3o de petr\u00f3leo e da minera\u00e7\u00e3o ilegais. Extors\u00f5es dos moradores, por meio da cobran\u00e7a de tributos, tamb\u00e9m faz parte das receitas desses grupos.\u00a0\u00a0<\/p>\n<div class=\"dnd-widget-wrapper context-cheio_8colunas type-image\">\n<div class=\"dnd-atom-rendered\"><!-- scald=415462:cheio_8colunas --><br \/>\n            <img data-recalc-dims=\"1\" decoding=\"async\" src=\"https:\/\/i0.wp.com\/imagens.ebc.com.br\/O6hrKeyISmLLK0UdH_9ApOTr6sI%3D\/754x0\/smart\/https%3A\/\/agenciabrasil.ebc.com.br\/sites\/default\/files\/thumbnails\/image\/2025\/02\/27\/2025-02-24t110016z_1676920447_rc2pncadjm5a_rtrmadp_3_colombia-conflict.jpg?w=696&#038;ssl=1\" alt=\"FILE PHOTO: A Colombian soldier leans on a wall while standing guard as members of a humanitarian caravan comprising senators and social organisations, meet with residents, to demand ceasefire and peace , after attacks by rebels from the leftist National Liberation Army (ELN), in the municipality of El Tarra, Colombia February 4, 2025. REUTERS\/Carlos Eduardo Ramirez\/File Photo\" title=\"REUTERS\/Carlos Eduardo Ramirez\/Proibida reprodu\u00e7\u00e3o\"\/><br \/>\n        <img data-recalc-dims=\"1\" decoding=\"async\" src=\"https:\/\/i0.wp.com\/imagens.ebc.com.br\/O6hrKeyISmLLK0UdH_9ApOTr6sI%3D\/754x0\/smart\/https%3A\/\/agenciabrasil.ebc.com.br\/sites\/default\/files\/thumbnails\/image\/2025\/02\/27\/2025-02-24t110016z_1676920447_rc2pncadjm5a_rtrmadp_3_colombia-conflict.jpg?w=696&#038;ssl=1\" alt=\"FILE PHOTO: A Colombian soldier leans on a wall while standing guard as members of a humanitarian caravan comprising senators and social organisations, meet with residents, to demand ceasefire and peace , after attacks by rebels from the leftist National Liberation Army (ELN), in the municipality of El Tarra, Colombia February 4, 2025. REUTERS\/Carlos Eduardo Ramirez\/File Photo\" title=\"REUTERS\/Carlos Eduardo Ramirez\/Proibida reprodu\u00e7\u00e3o\"\/><br \/>\n    <!-- END scald=415462 --><\/div>\n<p><h6 class=\"meta\"><strong>Arquivo<\/strong>\/<strong>REUTERS\/Carlos Eduardo Ramirez\/Proibida reprodu\u00e7\u00e3o<\/strong><!--END copyright=415462--><\/h6>\n<\/p>\n<\/div>\n<h2>Paz total<\/h2>\n<p>O governo Petro vinha tentando implementar um processo de Paz Total, com objetivo de desmobilizar os grupos armados que ainda atuam na Col\u00f4mbia.\u00a0<\/p>\n<blockquote>\n<p>\u201cO que o ELN cometeu em Catatumbo s\u00e3o crimes de guerra. O processo de di\u00e1logo com este grupo est\u00e1 suspenso.\u00a0O ELN n\u00e3o tem vontade de paz\u201d, afirmou o presidente da Rep\u00fablica, em uma rede social.<\/p>\n<\/blockquote>\n<p>Para o professor colombiano Sebastian Henao, a viol\u00eancia em Catatumbo amea\u00e7a o projeto de paz do governo.<\/p>\n<blockquote>\n<p>\u201cMe parece que a aposta pol\u00edtica pela paz total tem sido aproveitada por esses grupos para ampliar sua opera\u00e7\u00e3o. H\u00e1 muitos mais interesses envolvidos do que a vontade de paz.\u00a0H\u00e1 um neg\u00f3cio por tr\u00e1s que ningu\u00e9m quer abandonar e que d\u00e1 muito lucro\u201d, ponderou.<\/p>\n<\/blockquote>\n<h2>Crise humanit\u00e1ria<\/h2>\n<p>Os sucessivos conflitos armados colombianos que j\u00e1 duram mais de 80 anos tornaram o pa\u00eds vizinho uma das na\u00e7\u00f5es com o maior n\u00famero de deslocados internamente do planeta, com<strong> 8,8 milh\u00f5es de pessoas for\u00e7adas a deixarem suas resid\u00eancias ao longo da hist\u00f3ria dos conflitos<\/strong>, segundo dados da Ag\u00eancia das Na\u00e7\u00f5es Unidas para Refugiados (Acnur).<\/p>\n<p><strong>A Acnur calculou que, apenas em 2024, 115 mil pessoas foram afetadas por confinamento for\u00e7ado devido aos conflitos armados.<\/strong><\/p>\n<p>\u201cApesar dos <a href=\"https:\/\/www.acnur.org\/noticias\/comunicados-de-prensa\/acnur-urge-fortalecer-la-respuesta-frente-al-desplazamiento-masivo-sin-precedentes-en-el-catatumbo-colombia\" target=\"_blank\" rel=\"noopener\">esfor\u00e7os humanit\u00e1rios<\/a>, o conflito persiste e as necessidades em Catatumbo continuam urgentes. Medidas de prote\u00e7\u00e3o s\u00e3o necess\u00e1rias para pessoas deslocadas e l\u00edderes comunit\u00e1rios, bem como abrigo, assist\u00eancia alimentar, \u00e1gua pot\u00e1vel, servi\u00e7os de sa\u00fade e acesso \u00e0 educa\u00e7\u00e3o\u201d, informou a organiza\u00e7\u00e3o.\u00a0<\/p>\n<h2>Origem da guerra<\/h2>\n<div class=\"dnd-widget-wrapper context-cheio_8colunas type-image\">\n<div class=\"dnd-atom-rendered\"><!-- scald=415439:cheio_8colunas --><br \/>\n            <img data-recalc-dims=\"1\" decoding=\"async\" src=\"https:\/\/i0.wp.com\/imagens.ebc.com.br\/BVsrPcTPnGpZ9AmbkMnPIZxsNK4%3D\/754x0\/smart\/https%3A\/\/agenciabrasil.ebc.com.br\/sites\/default\/files\/thumbnails\/image\/2025\/02\/27\/libertacao_nacional_eln_da_colombia.jpg?w=696&#038;ssl=1\" alt=\"Bras\u00edlia (DF) 27\/02\/2025 - Frame de v\u00eddeo divulgado pelo Ex\u00e9rcito de Liberta\u00e7\u00e3o Nacional (ELN) da Col\u00f4mbia. Para minha mat\u00e9ria sobre a guerra em Catatumbo, na Col\u00f4mbia.\u00a0&#13;&#10;Frame iberta\u00e7\u00e3o Nacional (ELN)\" title=\"Frame iberta\u00e7\u00e3o Nacional (ELN)\"\/><br \/>\n        <img data-recalc-dims=\"1\" decoding=\"async\" src=\"https:\/\/i0.wp.com\/imagens.ebc.com.br\/BVsrPcTPnGpZ9AmbkMnPIZxsNK4%3D\/754x0\/smart\/https%3A\/\/agenciabrasil.ebc.com.br\/sites\/default\/files\/thumbnails\/image\/2025\/02\/27\/libertacao_nacional_eln_da_colombia.jpg?w=696&#038;ssl=1\" alt=\"Bras\u00edlia (DF) 27\/02\/2025 - Frame de v\u00eddeo divulgado pelo Ex\u00e9rcito de Liberta\u00e7\u00e3o Nacional (ELN) da Col\u00f4mbia. Para minha mat\u00e9ria sobre a guerra em Catatumbo, na Col\u00f4mbia.\u00a0&#13;&#10;Frame iberta\u00e7\u00e3o Nacional (ELN)\" title=\"Frame iberta\u00e7\u00e3o Nacional (ELN)\"\/><br \/>\n    <!-- END scald=415439 --><\/div>\n<p><h6 class=\"meta\">Frame de v\u00eddeo divulgado pelo Ex\u00e9rcito de Liberta\u00e7\u00e3o Nacional (ELN) da Col\u00f4mbia\u00a0&#8211; <strong>Frame iberta\u00e7\u00e3o Nacional (ELN)<\/strong><!--END copyright=415439--><\/h6>\n<\/p>\n<\/div>\n<p>O conflito armado da Col\u00f4mbia come\u00e7ou como um problema agr\u00e1rio, causado pela concentra\u00e7\u00e3o de terras na m\u00e3o de poucas pessoas, de um lado, e massas de camponeses sem terra, do outro. A luta pela terra ao longo da d\u00e9cada de 1940 detonou uma viol\u00eancia contra camponeses que se organizavam no pa\u00eds.<\/p>\n<p>Essa explica\u00e7\u00e3o \u00e9 do professor da UFGD, Sebastian Henao. \u201cA luta pela terra foi se agravando em meio ao contexto da viol\u00eancia entre os partidos liberal e conservador e os grupos camponeses v\u00e3o se armando para se proteger.\u00a0<strong>Nas d\u00e9cadas de 1960 e 1970, no contexto da guerra fria, as organiza\u00e7\u00f5es passam a adotar um projeto pol\u00edtico para tomada do poder\u201d<\/strong>, explicou.<\/p>\n<p>O especialista diz que o crescimento da economia da coca\u00edna levou essas guerrilhas a procurarem controlar a produ\u00e7\u00e3o da droga para se financiarem.<\/p>\n<blockquote>\n<p>\u201cAs guerrilhas tomam o neg\u00f3cio da droga para financiar a guerra e a resposta do Estado foi muito mais violenta, o que leva ao recrudescimento do conflito na d\u00e9cada de 1990\u201d, completou.<\/p>\n<\/blockquote>\n<p>      <!-- Relacionada --><\/p>\n<p>            <!-- Relacionada -->\n    <\/div>\n<p><br \/>\n<br \/><a href=\"https:\/\/agenciabrasil.ebc.com.br\/internacional\/noticia\/2025-02\/entenda-guerra-da-colombia-que-expulsou-52-mil-e-reduz-chance-de-paz\" rel=\"noopener\">Ag\u00eancia Brasil <\/a><\/p>\n","protected":false},"excerpt":{"rendered":"<p>Cerca de 40 dias atr\u00e1s\u00a0eclodiu na Col\u00f4mbia um\u00a0conflito armado entre guerrilhas pelo controle da regi\u00e3o de Catatumbo, \u00e1rea andina pr\u00f3xima \u00e0 fronteira com a Venezuela, rica em recursos naturais, pobre socialmente e prop\u00edcia para planta\u00e7\u00e3o da folha da coca, usada para fabrica\u00e7\u00e3o da coca\u00edna. O\u00a0retorno da guerra colombiana, que o\u00a0in\u00edcio remonta aos anos 1940,\u00a0p\u00f5e em [&hellip;]<\/p>\n","protected":false},"author":1,"featured_media":25272,"comment_status":"open","ping_status":"open","sticky":false,"template":"","format":"standard","meta":{"_jetpack_newsletter_access":"","_jetpack_dont_email_post_to_subs":false,"_jetpack_newsletter_tier_id":0,"_jetpack_memberships_contains_paywalled_content":false,"_mbp_banners":[],"_jetpack_feature_clip_id":0,"_jetpack_memberships_contains_paid_content":false,"footnotes":"","jetpack_publicize_message":"","jetpack_publicize_feature_enabled":true,"jetpack_social_post_already_shared":true,"jetpack_social_options":{"image_generator_settings":{"template":"highway","default_image_id":0,"font":"","enabled":false},"version":2},"jetpack_post_was_ever_published":false},"categories":[25],"tags":[],"class_list":["post-25271","post","type-post","status-publish","format-standard","has-post-thumbnail","category-internacional"],"jetpack_publicize_connections":[],"jetpack-related-posts":[],"jetpack_shortlink":"https:\/\/wp.me\/p7Eq1F-6zB","jetpack_sharing_enabled":true,"jetpack_featured_media_url":"https:\/\/i0.wp.com\/guialimeira.com.br\/news\/wp-content\/uploads\/2025\/02\/2025-02-05t045335z_126456893_rc2uncawl1k0_rtrmadp_3_colombia-conflict.jpg?fit=1600%2C800&ssl=1","_links":{"self":[{"href":"https:\/\/guialimeira.com.br\/news\/wp-json\/wp\/v2\/posts\/25271","targetHints":{"allow":["GET"]}}],"collection":[{"href":"https:\/\/guialimeira.com.br\/news\/wp-json\/wp\/v2\/posts"}],"about":[{"href":"https:\/\/guialimeira.com.br\/news\/wp-json\/wp\/v2\/types\/post"}],"author":[{"embeddable":true,"href":"https:\/\/guialimeira.com.br\/news\/wp-json\/wp\/v2\/users\/1"}],"replies":[{"embeddable":true,"href":"https:\/\/guialimeira.com.br\/news\/wp-json\/wp\/v2\/comments?post=25271"}],"version-history":[{"count":0,"href":"https:\/\/guialimeira.com.br\/news\/wp-json\/wp\/v2\/posts\/25271\/revisions"}],"wp:featuredmedia":[{"embeddable":true,"href":"https:\/\/guialimeira.com.br\/news\/wp-json\/wp\/v2\/media\/25272"}],"wp:attachment":[{"href":"https:\/\/guialimeira.com.br\/news\/wp-json\/wp\/v2\/media?parent=25271"}],"wp:term":[{"taxonomy":"category","embeddable":true,"href":"https:\/\/guialimeira.com.br\/news\/wp-json\/wp\/v2\/categories?post=25271"},{"taxonomy":"post_tag","embeddable":true,"href":"https:\/\/guialimeira.com.br\/news\/wp-json\/wp\/v2\/tags?post=25271"}],"curies":[{"name":"wp","href":"https:\/\/api.w.org\/{rel}","templated":true}]}}