{"id":2526,"date":"2024-04-23T20:15:42","date_gmt":"2024-04-23T23:15:42","guid":{"rendered":"https:\/\/guialimeira.com.br\/2024\/04\/23\/primeiros-100-pacientes-realizam-consulta-pos-operatoria-portal-do-municipio-de-piracicaba\/"},"modified":"2024-04-23T20:15:42","modified_gmt":"2024-04-23T23:15:42","slug":"primeiros-100-pacientes-realizam-consulta-pos-operatoria-portal-do-municipio-de-piracicaba","status":"publish","type":"post","link":"https:\/\/guialimeira.com.br\/news\/primeiros-100-pacientes-realizam-consulta-pos-operatoria-portal-do-municipio-de-piracicaba\/","title":{"rendered":"primeiros 100 pacientes realizam consulta p\u00f3s-operat\u00f3ria \u2013 Portal do Munic\u00edpio de Piracicaba"},"content":{"rendered":"<p> <br \/>\n<\/p>\n<div>\n<figure class=\"text-center\">\n<img data-recalc-dims=\"1\" width=\"696\" height=\"464\" src=\"https:\/\/i0.wp.com\/piracicaba.sp.gov.br\/wp-content\/uploads\/2024\/04\/Jose-Luiz-Pinto-Galvao-durante-exame-de-biomicroscopia-do-olho-1024x682.jpg?resize=696%2C464&#038;ssl=1\" class=\"img-fluid img-thumbnail border-1 wp-post-image\" alt=\"Jos\u00e9 Luiz Pinto Galv\u00e3o durante exame de biomicroscopia do olho\" itemprop=\"image\" decoding=\"async\" fetchpriority=\"high\" srcset=\"https:\/\/piracicaba.sp.gov.br\/wp-content\/uploads\/2024\/04\/Jose-Luiz-Pinto-Galvao-durante-exame-de-biomicroscopia-do-olho-1024x682.jpg 1024w, https:\/\/piracicaba.sp.gov.br\/wp-content\/uploads\/2024\/04\/Jose-Luiz-Pinto-Galvao-durante-exame-de-biomicroscopia-do-olho-300x200.jpg 300w, https:\/\/piracicaba.sp.gov.br\/wp-content\/uploads\/2024\/04\/Jose-Luiz-Pinto-Galvao-durante-exame-de-biomicroscopia-do-olho-768x512.jpg 768w, https:\/\/piracicaba.sp.gov.br\/wp-content\/uploads\/2024\/04\/Jose-Luiz-Pinto-Galvao-durante-exame-de-biomicroscopia-do-olho-1536x1024.jpg 1536w, https:\/\/piracicaba.sp.gov.br\/wp-content\/uploads\/2024\/04\/Jose-Luiz-Pinto-Galvao-durante-exame-de-biomicroscopia-do-olho.jpg 2000w\" sizes=\"(max-width: 1024px) 100vw, 1024px\"\/><figcaption class=\"text-center small fw-bold fst-italic mt-1\">Jos\u00e9 Luiz Pinto Galv\u00e3o durante exame de biomicroscopia do olho<\/figcaption><\/figure>\n<p>Os primeiros 100 pacientes que realizaram cirurgia por meio do projeto Pira+Vis\u00e3o Mutir\u00e3o de Catarata, realizado pela Prefeitura, por meio da Secretaria de Sa\u00fade, estiveram hoje, 23\/04, um dia ap\u00f3s o procedimento, para o primeiro atendimento de avalia\u00e7\u00e3o p\u00f3s-cir\u00fargico. Todos foram recepcionados no anfiteatro da Prefeitura de Piracicaba pelas equipes do projeto e participaram de uma r\u00e1pida palestra sobre a catarata e os cuidados p\u00f3s-cir\u00fargicos. Outros atendimentos para estes pacientes j\u00e1 est\u00e3o agendados para acontecer sete e 30 dias ap\u00f3s o procedimento cir\u00fargico.<\/p>\n<figure class=\"wp-block-image size-large\"><img data-recalc-dims=\"1\" loading=\"lazy\" decoding=\"async\" width=\"696\" height=\"464\" src=\"https:\/\/i0.wp.com\/piracicaba.sp.gov.br\/wp-content\/uploads\/2024\/04\/Os-primeiros-100-pacientes-do-projeto-PiraVisao-foram-acolhidos-em-consulta-pos-operatoria-na-tarde-desta-terca-feira-23-04-1024x682.jpg?resize=696%2C464&#038;ssl=1\" alt=\"Os primeiros 100 pacientes do projeto Pira+Vis\u00e3o foram acolhidos em consulta p\u00f3s operat\u00f3ria na tarde desta ter\u00e7a-feira\" class=\"wp-image-77700\" srcset=\"https:\/\/piracicaba.sp.gov.br\/wp-content\/uploads\/2024\/04\/Os-primeiros-100-pacientes-do-projeto-PiraVisao-foram-acolhidos-em-consulta-pos-operatoria-na-tarde-desta-terca-feira-23-04-1024x682.jpg 1024w, https:\/\/piracicaba.sp.gov.br\/wp-content\/uploads\/2024\/04\/Os-primeiros-100-pacientes-do-projeto-PiraVisao-foram-acolhidos-em-consulta-pos-operatoria-na-tarde-desta-terca-feira-23-04-300x200.jpg 300w, https:\/\/piracicaba.sp.gov.br\/wp-content\/uploads\/2024\/04\/Os-primeiros-100-pacientes-do-projeto-PiraVisao-foram-acolhidos-em-consulta-pos-operatoria-na-tarde-desta-terca-feira-23-04-768x512.jpg 768w, https:\/\/piracicaba.sp.gov.br\/wp-content\/uploads\/2024\/04\/Os-primeiros-100-pacientes-do-projeto-PiraVisao-foram-acolhidos-em-consulta-pos-operatoria-na-tarde-desta-terca-feira-23-04-1536x1024.jpg 1536w, https:\/\/piracicaba.sp.gov.br\/wp-content\/uploads\/2024\/04\/Os-primeiros-100-pacientes-do-projeto-PiraVisao-foram-acolhidos-em-consulta-pos-operatoria-na-tarde-desta-terca-feira-23-04.jpg 2000w\" sizes=\"auto, (max-width: 1024px) 100vw, 1024px\"\/><figcaption class=\"wp-element-caption\">Os primeiros 100 pacientes do projeto Pira+Vis\u00e3o foram acolhidos em consulta p\u00f3s operat\u00f3ria na tarde desta ter\u00e7a-feira, 23\/04<\/figcaption><\/figure>\n<p>Luciano Goulart, diretor da empresa respons\u00e1vel pela realiza\u00e7\u00e3o das cirurgias, foi o respons\u00e1vel pela palestra. \u201cQueremos ter a certeza que os pacientes est\u00e3o bem, que n\u00e3o houve nenhuma altera\u00e7\u00e3o nas condi\u00e7\u00f5es cl\u00ednicas de quem realizou a cirurgia. Al\u00e9m disso, aproveitamos para sanar d\u00favidas e falar dos principais cuidados com a sa\u00fade ap\u00f3s o precedimento, como n\u00e3o fazer esfor\u00e7o f\u00edsico, n\u00e3o co\u00e7ar o olho, por exemplo. Al\u00e9m disso, ofertamos uma consulta com m\u00e9dico para realiza\u00e7\u00e3o do exame de biomicroscopia do olho por meio do equipamento L\u00e2mina de Fenda\u201d, afirmou.<\/p>\n<figure class=\"wp-block-image size-large\"><img data-recalc-dims=\"1\" loading=\"lazy\" decoding=\"async\" width=\"696\" height=\"464\" src=\"https:\/\/i0.wp.com\/piracicaba.sp.gov.br\/wp-content\/uploads\/2024\/04\/Luciano-Goulart-esclareceu-as-duvidas-sobre-os-cuidados-pos-operatorio-1024x682.jpg?resize=696%2C464&#038;ssl=1\" alt=\"Luciano Goulart esclareceu as d\u00favidas sobre os cuidados p\u00f3s-operat\u00f3rio\" class=\"wp-image-77699\" srcset=\"https:\/\/piracicaba.sp.gov.br\/wp-content\/uploads\/2024\/04\/Luciano-Goulart-esclareceu-as-duvidas-sobre-os-cuidados-pos-operatorio-1024x682.jpg 1024w, https:\/\/piracicaba.sp.gov.br\/wp-content\/uploads\/2024\/04\/Luciano-Goulart-esclareceu-as-duvidas-sobre-os-cuidados-pos-operatorio-300x200.jpg 300w, https:\/\/piracicaba.sp.gov.br\/wp-content\/uploads\/2024\/04\/Luciano-Goulart-esclareceu-as-duvidas-sobre-os-cuidados-pos-operatorio-768x512.jpg 768w, https:\/\/piracicaba.sp.gov.br\/wp-content\/uploads\/2024\/04\/Luciano-Goulart-esclareceu-as-duvidas-sobre-os-cuidados-pos-operatorio-1536x1024.jpg 1536w, https:\/\/piracicaba.sp.gov.br\/wp-content\/uploads\/2024\/04\/Luciano-Goulart-esclareceu-as-duvidas-sobre-os-cuidados-pos-operatorio.jpg 2000w\" sizes=\"auto, (max-width: 1024px) 100vw, 1024px\"\/><figcaption class=\"wp-element-caption\"><strong><em>Luciano Goulart esclareceu as d\u00favidas sobre os cuidados p\u00f3s-operat\u00f3rio<\/em><\/strong><\/figcaption><\/figure>\n<p>Ao lado da esposa Palmira Scarpa, o paciente Jos\u00e9 Luiz Pinto Galv\u00e3o, de 66 anos, estava emocionado com a realiza\u00e7\u00e3o da cirurgia. \u201cEstou muito feliz. Estou h\u00e1 anos aguardando por isso e, agora consegui. Estou emocionado, pois est\u00e1 sendo tudo muito bom, consult\u00f3rios modernos, equipes e m\u00e9dicos atenciosos. A palestra aqui ent\u00e3o, tirou todos os meus medos e ansiedades pela cirurgia. Tenho certeza que minha recupera\u00e7\u00e3o ser\u00e1 breve. S\u00f3 tenho a agradecer a todos os envolvidos\u201d, relatou.<\/p>\n<p>Aos 81 anos, Eva Maria Rodrigues Vicente estava feliz por poder voltar a assistir televis\u00e3o. \u201cFui muito bem atendida e agora vou me recuperar. Estou contente, pois vou poder voltar a assistir televis\u00e3o\u201d, enfatizou. Seu filho, Sidinei Vicente, que acompanhou a m\u00e3e na tarde de hoje tamb\u00e9m agradeceu o projeto Pira+Vis\u00e3o. \u201cMinha m\u00e3e estava h\u00e1 mais de tr\u00eas anos aguardando essa cirurgia. Estou feliz por ela e pelo projeto que a Prefeitura est\u00e1 realizando. Desde o in\u00edcio fomos muito bem atendidos\u201d, completou.<\/p>\n<figure class=\"wp-block-image size-large\"><img data-recalc-dims=\"1\" loading=\"lazy\" decoding=\"async\" width=\"696\" height=\"464\" src=\"https:\/\/i0.wp.com\/piracicaba.sp.gov.br\/wp-content\/uploads\/2024\/04\/Sidinei-e-a-mae-Eva-Maria-que-realizou-exame-de-biomicroscopia-do-olho-1024x682.jpg?resize=696%2C464&#038;ssl=1\" alt=\"Sidinei e a m\u00e3e Eva Maria que realizou exame de biomicroscopia do olho\" class=\"wp-image-77701\" srcset=\"https:\/\/piracicaba.sp.gov.br\/wp-content\/uploads\/2024\/04\/Sidinei-e-a-mae-Eva-Maria-que-realizou-exame-de-biomicroscopia-do-olho-1024x682.jpg 1024w, https:\/\/piracicaba.sp.gov.br\/wp-content\/uploads\/2024\/04\/Sidinei-e-a-mae-Eva-Maria-que-realizou-exame-de-biomicroscopia-do-olho-300x200.jpg 300w, https:\/\/piracicaba.sp.gov.br\/wp-content\/uploads\/2024\/04\/Sidinei-e-a-mae-Eva-Maria-que-realizou-exame-de-biomicroscopia-do-olho-768x512.jpg 768w, https:\/\/piracicaba.sp.gov.br\/wp-content\/uploads\/2024\/04\/Sidinei-e-a-mae-Eva-Maria-que-realizou-exame-de-biomicroscopia-do-olho-1536x1024.jpg 1536w, https:\/\/piracicaba.sp.gov.br\/wp-content\/uploads\/2024\/04\/Sidinei-e-a-mae-Eva-Maria-que-realizou-exame-de-biomicroscopia-do-olho.jpg 2000w\" sizes=\"auto, (max-width: 1024px) 100vw, 1024px\"\/><figcaption class=\"wp-element-caption\"><strong><em>Sidinei e a m\u00e3e Eva Maria que realizou exame de biomicroscopia do olho<\/em><\/strong><\/figcaption><\/figure>\n<p>Aparecida Moreira Volpato, de 68 anos, ao lado do marido Jos\u00e9 Ant\u00f4nio Volpato, fez quest\u00e3o de agradecer os respons\u00e1veis pelo mutir\u00e3o. \u201cOntem estive na nova unidade do Parque Piracicaba, elogiei todos pela aten\u00e7\u00e3o com a gente e agora refor\u00e7o mais uma vez a alegria de poder ter realizado essa cirurgia e ter esse atendimento\u201d, enfatizou.<\/p>\n<figure class=\"wp-block-image size-large\"><img data-recalc-dims=\"1\" loading=\"lazy\" decoding=\"async\" width=\"696\" height=\"464\" src=\"https:\/\/i0.wp.com\/piracicaba.sp.gov.br\/wp-content\/uploads\/2024\/04\/Jose-Antonio-e-Aparecida-Volpato-agradeceram-a-realizacao-da-cirurgia-de-catarata-1024x682.jpg?resize=696%2C464&#038;ssl=1\" alt=\"Jos\u00e9 Ant\u00f4nio e Aparecida Volpato agradeceram a realiza\u00e7\u00e3o da cirurgia de catarata\" class=\"wp-image-77697\" srcset=\"https:\/\/piracicaba.sp.gov.br\/wp-content\/uploads\/2024\/04\/Jose-Antonio-e-Aparecida-Volpato-agradeceram-a-realizacao-da-cirurgia-de-catarata-1024x682.jpg 1024w, https:\/\/piracicaba.sp.gov.br\/wp-content\/uploads\/2024\/04\/Jose-Antonio-e-Aparecida-Volpato-agradeceram-a-realizacao-da-cirurgia-de-catarata-300x200.jpg 300w, https:\/\/piracicaba.sp.gov.br\/wp-content\/uploads\/2024\/04\/Jose-Antonio-e-Aparecida-Volpato-agradeceram-a-realizacao-da-cirurgia-de-catarata-768x512.jpg 768w, https:\/\/piracicaba.sp.gov.br\/wp-content\/uploads\/2024\/04\/Jose-Antonio-e-Aparecida-Volpato-agradeceram-a-realizacao-da-cirurgia-de-catarata-1536x1024.jpg 1536w, https:\/\/piracicaba.sp.gov.br\/wp-content\/uploads\/2024\/04\/Jose-Antonio-e-Aparecida-Volpato-agradeceram-a-realizacao-da-cirurgia-de-catarata.jpg 2000w\" sizes=\"auto, (max-width: 1024px) 100vw, 1024px\"\/><figcaption class=\"wp-element-caption\"><strong><em>Jos\u00e9 Ant\u00f4nio e Aparecida Volpato agradeceram a realiza\u00e7\u00e3o da cirurgia de catarata<\/em><\/strong><\/figcaption><\/figure>\n<p><strong>PIRA+VIS\u00c3O \u2013<\/strong>\u00a0O projeto de Mutir\u00e3o de Catarata deve atender, at\u00e9 julho, cerca de 1.500 pessoas por meio do programa Zera Fila na Sa\u00fade \u2013 em parceria com o Cismetro (Cons\u00f3rcio Intermunicipal de Sa\u00fade) \u2013 que consiste na contrata\u00e7\u00e3o de servi\u00e7os em diversas especialidades para encerrar a lista de espera para consultas, exames e demais procedimentos represados durante os \u00faltimos anos, principalmente em decorr\u00eancia da pandemia da Covid-19. Os atendimentos s\u00e3o agendados pelas equipes da SMS, desta forma, os pacientes precisam estar com seu cadastro atualizado\u00a0no\u00a0cart\u00e3o PiraCidad\u00e3o e\u00a0na\u00a0unidade de sa\u00fade de refer\u00eancia.<\/p>\n<\/div>\n<p><br \/>\n<br \/><a href=\"https:\/\/piracicaba.sp.gov.br\/noticias\/mutirao-de-catarata-primeiros-100-pacientes-realizam-consulta-pos-operatoria\/\" rel=\"noopener\">Informa\u00e7\u00f5es PMP <\/a><\/p>\n","protected":false},"excerpt":{"rendered":"<p>Jos\u00e9 Luiz Pinto Galv\u00e3o durante exame de biomicroscopia do olho Os primeiros 100 pacientes que realizaram cirurgia por meio do projeto Pira+Vis\u00e3o Mutir\u00e3o de Catarata, realizado pela Prefeitura, por meio da Secretaria de Sa\u00fade, estiveram hoje, 23\/04, um dia ap\u00f3s o procedimento, para o primeiro atendimento de avalia\u00e7\u00e3o p\u00f3s-cir\u00fargico. Todos foram recepcionados no anfiteatro da [&hellip;]<\/p>\n","protected":false},"author":1,"featured_media":2527,"comment_status":"open","ping_status":"open","sticky":false,"template":"","format":"standard","meta":{"_jetpack_newsletter_access":"","_jetpack_dont_email_post_to_subs":false,"_jetpack_newsletter_tier_id":0,"_jetpack_memberships_contains_paywalled_content":false,"_mbp_banners":[],"_jetpack_feature_clip_id":0,"_jetpack_memberships_contains_paid_content":false,"footnotes":"","jetpack_publicize_message":"","jetpack_publicize_feature_enabled":true,"jetpack_social_post_already_shared":true,"jetpack_social_options":{"image_generator_settings":{"template":"highway","default_image_id":0,"font":"","enabled":false},"version":2},"jetpack_post_was_ever_published":false},"categories":[20],"tags":[],"class_list":["post-2526","post","type-post","status-publish","format-standard","has-post-thumbnail","category-regiao"],"jetpack_publicize_connections":[],"jetpack-related-posts":[],"jetpack_shortlink":"https:\/\/wp.me\/p7Eq1F-EK","jetpack_sharing_enabled":true,"jetpack_featured_media_url":"https:\/\/i0.wp.com\/guialimeira.com.br\/news\/wp-content\/uploads\/2024\/04\/Jose-Luiz-Pinto-Galvao-durante-exame-de-biomicroscopia-do-olho.jpg?fit=2000%2C1333&ssl=1","_links":{"self":[{"href":"https:\/\/guialimeira.com.br\/news\/wp-json\/wp\/v2\/posts\/2526","targetHints":{"allow":["GET"]}}],"collection":[{"href":"https:\/\/guialimeira.com.br\/news\/wp-json\/wp\/v2\/posts"}],"about":[{"href":"https:\/\/guialimeira.com.br\/news\/wp-json\/wp\/v2\/types\/post"}],"author":[{"embeddable":true,"href":"https:\/\/guialimeira.com.br\/news\/wp-json\/wp\/v2\/users\/1"}],"replies":[{"embeddable":true,"href":"https:\/\/guialimeira.com.br\/news\/wp-json\/wp\/v2\/comments?post=2526"}],"version-history":[{"count":0,"href":"https:\/\/guialimeira.com.br\/news\/wp-json\/wp\/v2\/posts\/2526\/revisions"}],"wp:featuredmedia":[{"embeddable":true,"href":"https:\/\/guialimeira.com.br\/news\/wp-json\/wp\/v2\/media\/2527"}],"wp:attachment":[{"href":"https:\/\/guialimeira.com.br\/news\/wp-json\/wp\/v2\/media?parent=2526"}],"wp:term":[{"taxonomy":"category","embeddable":true,"href":"https:\/\/guialimeira.com.br\/news\/wp-json\/wp\/v2\/categories?post=2526"},{"taxonomy":"post_tag","embeddable":true,"href":"https:\/\/guialimeira.com.br\/news\/wp-json\/wp\/v2\/tags?post=2526"}],"curies":[{"name":"wp","href":"https:\/\/api.w.org\/{rel}","templated":true}]}}