{"id":25251,"date":"2025-02-28T05:26:32","date_gmt":"2025-02-28T08:26:32","guid":{"rendered":"https:\/\/guialimeira.com.br\/?p=25251"},"modified":"2025-02-28T05:26:34","modified_gmt":"2025-02-28T08:26:34","slug":"projeto-de-lei-propoe-faixa-exclusiva-para-motociclistas-e-ciclistas-em-limeira","status":"publish","type":"post","link":"https:\/\/guialimeira.com.br\/news\/projeto-de-lei-propoe-faixa-exclusiva-para-motociclistas-e-ciclistas-em-limeira\/","title":{"rendered":"Projeto de Lei prop\u00f5e faixa exclusiva para motociclistas e ciclistas em Limeira"},"content":{"rendered":"\n<p class=\"wp-block-paragraph\">A proposta prev\u00ea a cria\u00e7\u00e3o de um espa\u00e7o delimitado entre a <strong>faixa de pedestres e a linha de reten\u00e7\u00e3o dos ve\u00edculos<\/strong>, com no m\u00ednimo <strong>2,5 metros de dist\u00e2ncia<\/strong>. Esse espa\u00e7o ser\u00e1 exclusivo para <strong>motocicletas e bicicletas<\/strong>, garantindo:<\/p>\n\n\n\n<p class=\"wp-block-paragraph\">\ud83d\udea6 <strong>Maior organiza\u00e7\u00e3o no tr\u00e2nsito<\/strong><br>\ud83d\uded1 <strong>Redu\u00e7\u00e3o de acidentes<\/strong><br>\ud83d\udd0e <strong>Melhor visibilidade para motoristas e pedestres<\/strong><\/p>\n\n\n\n<p class=\"wp-block-paragraph\">Al\u00e9m disso, as faixas dever\u00e3o ser <strong>sinalizadas com pintura no solo e placas informativas<\/strong>, seguindo as normas t\u00e9cnicas dos \u00f3rg\u00e3os respons\u00e1veis pelo tr\u00e2nsito.<\/p>\n\n\n\n<h2 class=\"wp-block-heading\"><strong>Por que essa medida \u00e9 necess\u00e1ria?<\/strong><\/h2>\n\n\n\n<p class=\"wp-block-paragraph\">\ud83d\udcc8 <strong>Crescimento da frota<\/strong>: Nos \u00faltimos anos, o n\u00famero de <strong>motocicletas e bicicletas<\/strong> aumentou significativamente em Limeira, impulsionado pelo crescimento do trabalho aut\u00f4nomo, como <strong>entregas e transporte de passageiros<\/strong>, al\u00e9m da populariza\u00e7\u00e3o do ciclismo como esporte.<\/p>\n\n\n\n<p class=\"wp-block-paragraph\">\ud83d\udea6 <strong>Maior seguran\u00e7a no tr\u00e2nsito<\/strong>: Atualmente, motociclistas e ciclistas acabam circulando entre os carros nos sem\u00e1foros, aumentando o risco de <strong>colis\u00f5es e quedas<\/strong>. Com as faixas exclusivas, esse problema pode ser minimizado.<\/p>\n\n\n\n<p class=\"wp-block-paragraph\">\ud83d\udc6e <strong>Facilidade na fiscaliza\u00e7\u00e3o<\/strong>: A medida tamb\u00e9m contribuir\u00e1 para a organiza\u00e7\u00e3o do tr\u00e2nsito e ajudar\u00e1 os \u00f3rg\u00e3os respons\u00e1veis a <strong>fiscalizar e orientar melhor os condutores<\/strong>.<\/p>\n\n\n\n<h2 class=\"wp-block-heading\"><strong>Impacto na seguran\u00e7a p\u00fablica<\/strong><\/h2>\n\n\n\n<p class=\"wp-block-paragraph\">A cria\u00e7\u00e3o dessas faixas tamb\u00e9m pode <strong>reduzir casos de assaltos<\/strong> praticados por criminosos em motocicletas. Com a delimita\u00e7\u00e3o do espa\u00e7o de parada, fica mais f\u00e1cil para as autoridades <strong>monitorarem o tr\u00e1fego e identificarem poss\u00edveis suspeitos<\/strong>, dificultando a a\u00e7\u00e3o de criminosos.<\/p>\n\n\n\n<h2 class=\"wp-block-heading\"><strong>Como ser\u00e1 a implanta\u00e7\u00e3o das faixas?<\/strong><\/h2>\n\n\n\n<p class=\"wp-block-paragraph\">De acordo com o projeto, a implanta\u00e7\u00e3o ser\u00e1 feita de forma <strong>gradativa<\/strong>, priorizando as vias com <strong>maior fluxo de motociclistas e ciclistas<\/strong>. O or\u00e7amento necess\u00e1rio para a execu\u00e7\u00e3o ser\u00e1 proveniente de <strong>verbas pr\u00f3prias do munic\u00edpio<\/strong>, podendo ser suplementado, se necess\u00e1rio.<\/p>\n\n\n\n<h2 class=\"wp-block-heading\"><strong>Pr\u00f3ximos passos<\/strong><\/h2>\n\n\n\n<p class=\"wp-block-paragraph\">O projeto aguarda <strong>an\u00e1lise e aprova\u00e7\u00e3o<\/strong> pelos vereadores da C\u00e2mara Municipal de Limeira. Se aprovado, caber\u00e1 ao <strong>Poder Executivo regulamentar e implementar<\/strong> a medida.<\/p>\n\n\n\n<p class=\"wp-block-paragraph\">A vereadora Lu Bogo refor\u00e7a a import\u00e2ncia da iniciativa e espera contar com o apoio dos demais parlamentares para tornar Limeira uma cidade <strong>mais segura e organizada para todos os condutores<\/strong>.<\/p>\n\n\n\n<p class=\"wp-block-paragraph\">\ud83d\udce2 <strong>O que voc\u00ea acha dessa proposta? Deixe seu coment\u00e1rio!<\/strong><\/p>\n","protected":false},"excerpt":{"rendered":"<p>A proposta prev\u00ea a cria\u00e7\u00e3o de um espa\u00e7o delimitado entre a faixa de pedestres e a linha de reten\u00e7\u00e3o dos ve\u00edculos, com no m\u00ednimo 2,5 metros de dist\u00e2ncia. Esse espa\u00e7o ser\u00e1 exclusivo para motocicletas e bicicletas, garantindo: \ud83d\udea6 Maior organiza\u00e7\u00e3o no tr\u00e2nsito\ud83d\uded1 Redu\u00e7\u00e3o de acidentes\ud83d\udd0e Melhor visibilidade para motoristas e pedestres Al\u00e9m disso, as faixas [&hellip;]<\/p>\n","protected":false},"author":1,"featured_media":25252,"comment_status":"open","ping_status":"open","sticky":false,"template":"","format":"standard","meta":{"_jetpack_newsletter_access":"","_jetpack_dont_email_post_to_subs":false,"_jetpack_newsletter_tier_id":0,"_jetpack_memberships_contains_paywalled_content":false,"_mbp_banners":[],"_jetpack_feature_clip_id":0,"_jetpack_memberships_contains_paid_content":false,"footnotes":"","jetpack_publicize_message":"","jetpack_publicize_feature_enabled":true,"jetpack_social_post_already_shared":true,"jetpack_social_options":{"image_generator_settings":{"template":"highway","default_image_id":0,"font":"","enabled":false},"version":2},"jetpack_post_was_ever_published":false},"categories":[16,19],"tags":[],"class_list":["post-25251","post","type-post","status-publish","format-standard","has-post-thumbnail","category-local","category-politica"],"jetpack_publicize_connections":[],"jetpack-related-posts":[],"jetpack_shortlink":"https:\/\/wp.me\/p7Eq1F-6zh","jetpack_sharing_enabled":true,"jetpack_featured_media_url":"https:\/\/i0.wp.com\/guialimeira.com.br\/news\/wp-content\/uploads\/2025\/02\/faixa.jpeg?fit=275%2C183&ssl=1","_links":{"self":[{"href":"https:\/\/guialimeira.com.br\/news\/wp-json\/wp\/v2\/posts\/25251","targetHints":{"allow":["GET"]}}],"collection":[{"href":"https:\/\/guialimeira.com.br\/news\/wp-json\/wp\/v2\/posts"}],"about":[{"href":"https:\/\/guialimeira.com.br\/news\/wp-json\/wp\/v2\/types\/post"}],"author":[{"embeddable":true,"href":"https:\/\/guialimeira.com.br\/news\/wp-json\/wp\/v2\/users\/1"}],"replies":[{"embeddable":true,"href":"https:\/\/guialimeira.com.br\/news\/wp-json\/wp\/v2\/comments?post=25251"}],"version-history":[{"count":1,"href":"https:\/\/guialimeira.com.br\/news\/wp-json\/wp\/v2\/posts\/25251\/revisions"}],"predecessor-version":[{"id":25253,"href":"https:\/\/guialimeira.com.br\/news\/wp-json\/wp\/v2\/posts\/25251\/revisions\/25253"}],"wp:featuredmedia":[{"embeddable":true,"href":"https:\/\/guialimeira.com.br\/news\/wp-json\/wp\/v2\/media\/25252"}],"wp:attachment":[{"href":"https:\/\/guialimeira.com.br\/news\/wp-json\/wp\/v2\/media?parent=25251"}],"wp:term":[{"taxonomy":"category","embeddable":true,"href":"https:\/\/guialimeira.com.br\/news\/wp-json\/wp\/v2\/categories?post=25251"},{"taxonomy":"post_tag","embeddable":true,"href":"https:\/\/guialimeira.com.br\/news\/wp-json\/wp\/v2\/tags?post=25251"}],"curies":[{"name":"wp","href":"https:\/\/api.w.org\/{rel}","templated":true}]}}