{"id":25238,"date":"2025-02-27T21:56:46","date_gmt":"2025-02-28T00:56:46","guid":{"rendered":"https:\/\/guialimeira.com.br\/2025\/02\/27\/bancos-apontam-risco-fiscal-como-ameaca-a-estabilidade-financeira\/"},"modified":"2025-02-27T21:56:46","modified_gmt":"2025-02-28T00:56:46","slug":"bancos-apontam-risco-fiscal-como-ameaca-a-estabilidade-financeira","status":"publish","type":"post","link":"https:\/\/guialimeira.com.br\/news\/bancos-apontam-risco-fiscal-como-ameaca-a-estabilidade-financeira\/","title":{"rendered":"Bancos apontam risco fiscal como amea\u00e7a \u00e0 estabilidade financeira"},"content":{"rendered":"<p> <br \/>\n<\/p>\n<div>\n<p>O risco fiscal, em raz\u00e3o de um eventual descontrole das contas p\u00fablicas, permanece como principal fator de preocupa\u00e7\u00e3o para a estabilidade financeira nos pr\u00f3ximos tr\u00eas anos, informaram representantes de institui\u00e7\u00f5es ouvidas pelo Banco Central (BC). O resultado consta da Pesquisa de Estabilidade Financeira (PEF), publicada nesta quinta-feira (27) e divulgada a cada tr\u00eas meses pelo \u00f3rg\u00e3o.<img data-recalc-dims=\"1\" decoding=\"async\" src=\"https:\/\/i0.wp.com\/agenciabrasil.ebc.com.br\/ebc.png?w=696&#038;ssl=1\" style=\"width:1px; height:1px; display:inline;\"\/><img data-recalc-dims=\"1\" decoding=\"async\" src=\"https:\/\/i0.wp.com\/agenciabrasil.ebc.com.br\/ebc.gif?w=696&#038;ssl=1\" style=\"width:1px; height:1px; display:inline;\"\/><\/p>\n<p>A PEF busca captar a percep\u00e7\u00e3o das institui\u00e7\u00f5es do setor sobre a estabilidade do Sistema Financeiro Nacional (SFN), durante os pr\u00f3ximos tr\u00eas anos. A pesquisa aborda v\u00e1rias dimens\u00f5es, como riscos prospectivos, confian\u00e7a na estabilidade e avalia\u00e7\u00e3o sobre os ciclos econ\u00f4mico e financeiro.<\/p>\n<p>Na pesquisa anterior, <a href=\"https:\/\/agenciabrasil.ebc.com.br\/economia\/noticia\/2024-12\/risco-fiscal-e-maior-ameaca-estabilidade-financeira-dizem-bancos\" target=\"_blank\" rel=\"noopener\">o risco fiscal <\/a>tamb\u00e9m foi apontado como o maior fator de desestabiliza\u00e7\u00e3o do sistema financeiro. O levantamento divulgado hoje ouviu 91 institui\u00e7\u00f5es no per\u00edodo de 13 de janeiro a 5 de fevereiro.<\/p>\n<p>Para 52% dos que responderam \u00e0 pesquisa, o risco fiscal foi apontado como o fator mais importante, com destaque para preocupa\u00e7\u00f5es com a sustentabilidade da d\u00edvida p\u00fablica. No levantamento anterior, o risco fiscal foi apontado como o principal por 42% das institui\u00e7\u00f5es.<\/p>\n<p><strong>\u201cOs riscos fiscais, que j\u00e1 eram preponderantes na pesquisa anterior, ganharam ainda maior relev\u00e2ncia, com o aumento do impacto m\u00e9dio esperado, cuja magnitude \u00e9 superior \u00e0 dos outros riscos, e mais da metade dos respondentes descrevendo-o como o risco mais importante, com destaque para preocupa\u00e7\u00f5es com a sustentabilidade da d\u00edvida p\u00fablica\u201d, diz o levantamento.<\/strong><\/p>\n<p>Em segundo lugar, vieram os riscos internacionais, citados por 16% dos bancos e corretoras como a preocupa\u00e7\u00e3o mais importante no momento. Entre as preocupa\u00e7\u00f5es citadas est\u00e3o os associados principalmente \u00e0 pol\u00edtica econ\u00f4mica nos Estados Unidos (EUA) e a conflitos geopol\u00edticos.<\/p>\n<p>Em terceiro lugar, aparece o risco de inadimpl\u00eancia e atividade econ\u00f4mica interna, citado por 13%, com aumento de um ponto percentual em rela\u00e7\u00e3o a novembro. De acordo com o BC, esse tipo de risco tamb\u00e9m apresenta impacto alto nas avalia\u00e7\u00f5es sobre o sistema financeiro.<\/p>\n<p><strong>Quanto \u00e0 avalia\u00e7\u00e3o sobre os ciclos econ\u00f4mico e financeiro, a pesquisa revelou piora na percep\u00e7\u00e3o sobre o ciclo econ\u00f4mico, com preponder\u00e2ncia de avalia\u00e7\u00e3o de economia em contra\u00e7\u00e3o.<\/strong><\/p>\n<p>A piora na percep\u00e7\u00e3o sobre os ciclos financeiros se reflete em uma menor disposi\u00e7\u00e3o para tomar riscos e em piora na avalia\u00e7\u00e3o sobre pre\u00e7os de ativos e acesso a financiamento e meios de liquidez, acompanhado de aumento na percep\u00e7\u00e3o de tend\u00eancia de queda do hiato de cr\u00e9dito em rela\u00e7\u00e3o ao Produto Interno Bruto (PIB).<\/p>\n<p>\u00a0<\/p>\n<p>      <!-- Relacionada --><\/p>\n<p>            <!-- Relacionada -->\n    <\/div>\n<p><br \/>\n<br \/><a href=\"https:\/\/agenciabrasil.ebc.com.br\/economia\/noticia\/2025-02\/bancos-apontam-risco-fiscal-como-ameaca-estabilidade-financeira\" rel=\"noopener\">Ag\u00eancia Brasil<\/a><\/p>\n","protected":false},"excerpt":{"rendered":"<p>O risco fiscal, em raz\u00e3o de um eventual descontrole das contas p\u00fablicas, permanece como principal fator de preocupa\u00e7\u00e3o para a estabilidade financeira nos pr\u00f3ximos tr\u00eas anos, informaram representantes de institui\u00e7\u00f5es ouvidas pelo Banco Central (BC). O resultado consta da Pesquisa de Estabilidade Financeira (PEF), publicada nesta quinta-feira (27) e divulgada a cada tr\u00eas meses pelo [&hellip;]<\/p>\n","protected":false},"author":1,"featured_media":13092,"comment_status":"open","ping_status":"open","sticky":false,"template":"","format":"standard","meta":{"_jetpack_newsletter_access":"","_jetpack_dont_email_post_to_subs":false,"_jetpack_newsletter_tier_id":0,"_jetpack_memberships_contains_paywalled_content":false,"_mbp_banners":[],"_jetpack_feature_clip_id":0,"_jetpack_memberships_contains_paid_content":false,"footnotes":"","jetpack_publicize_message":"","jetpack_publicize_feature_enabled":true,"jetpack_social_post_already_shared":true,"jetpack_social_options":{"image_generator_settings":{"template":"highway","default_image_id":0,"font":"","enabled":false},"version":2},"jetpack_post_was_ever_published":false},"categories":[24],"tags":[],"class_list":["post-25238","post","type-post","status-publish","format-standard","has-post-thumbnail","category-economia"],"jetpack_publicize_connections":[],"jetpack-related-posts":[],"jetpack_shortlink":"https:\/\/wp.me\/p7Eq1F-6z4","jetpack_sharing_enabled":true,"jetpack_featured_media_url":"https:\/\/i0.wp.com\/guialimeira.com.br\/news\/wp-content\/uploads\/2024\/08\/banco_central_abr_30091923894.jpg?fit=1600%2C800&ssl=1","_links":{"self":[{"href":"https:\/\/guialimeira.com.br\/news\/wp-json\/wp\/v2\/posts\/25238","targetHints":{"allow":["GET"]}}],"collection":[{"href":"https:\/\/guialimeira.com.br\/news\/wp-json\/wp\/v2\/posts"}],"about":[{"href":"https:\/\/guialimeira.com.br\/news\/wp-json\/wp\/v2\/types\/post"}],"author":[{"embeddable":true,"href":"https:\/\/guialimeira.com.br\/news\/wp-json\/wp\/v2\/users\/1"}],"replies":[{"embeddable":true,"href":"https:\/\/guialimeira.com.br\/news\/wp-json\/wp\/v2\/comments?post=25238"}],"version-history":[{"count":0,"href":"https:\/\/guialimeira.com.br\/news\/wp-json\/wp\/v2\/posts\/25238\/revisions"}],"wp:featuredmedia":[{"embeddable":true,"href":"https:\/\/guialimeira.com.br\/news\/wp-json\/wp\/v2\/media\/13092"}],"wp:attachment":[{"href":"https:\/\/guialimeira.com.br\/news\/wp-json\/wp\/v2\/media?parent=25238"}],"wp:term":[{"taxonomy":"category","embeddable":true,"href":"https:\/\/guialimeira.com.br\/news\/wp-json\/wp\/v2\/categories?post=25238"},{"taxonomy":"post_tag","embeddable":true,"href":"https:\/\/guialimeira.com.br\/news\/wp-json\/wp\/v2\/tags?post=25238"}],"curies":[{"name":"wp","href":"https:\/\/api.w.org\/{rel}","templated":true}]}}