{"id":25233,"date":"2025-02-27T20:55:48","date_gmt":"2025-02-27T23:55:48","guid":{"rendered":"https:\/\/guialimeira.com.br\/2025\/02\/27\/governos-locais-poderao-pegar-ate-r-15-bi-emprestados-em-2025\/"},"modified":"2025-02-27T20:55:48","modified_gmt":"2025-02-27T23:55:48","slug":"governos-locais-poderao-pegar-ate-r-15-bi-emprestados-em-2025","status":"publish","type":"post","link":"https:\/\/guialimeira.com.br\/news\/governos-locais-poderao-pegar-ate-r-15-bi-emprestados-em-2025\/","title":{"rendered":"Governos locais poder\u00e3o pegar at\u00e9 R$ 15 bi emprestados em 2025"},"content":{"rendered":"<p> <br \/>\n<\/p>\n<div>\n<p><strong>Estados, munic\u00edpios e o Distrito Federal poder\u00e3o pegar at\u00e9 R$ 15 bilh\u00f5es emprestados no sistema financeiro nacional em 2025<\/strong>. Na primeira reuni\u00e3o ordin\u00e1ria do ano, o Conselho Monet\u00e1rio Nacional (CMN) definiu hoje (27), em Bras\u00edlia, o volume global para contrata\u00e7\u00f5es de opera\u00e7\u00f5es de cr\u00e9dito internas pelos governos locais.<img data-recalc-dims=\"1\" decoding=\"async\" src=\"https:\/\/i0.wp.com\/agenciabrasil.ebc.com.br\/ebc.png?w=696&#038;ssl=1\" style=\"width:1px; height:1px; display:inline;\"\/><img data-recalc-dims=\"1\" decoding=\"async\" src=\"https:\/\/i0.wp.com\/agenciabrasil.ebc.com.br\/ebc.gif?w=696&#038;ssl=1\" style=\"width:1px; height:1px; display:inline;\"\/><\/p>\n<p><strong>Dos R$ 15 bilh\u00f5es, os governos estaduais e prefeituras poder\u00e3o tomar at\u00e9 R$ 9 bilh\u00f5es em empr\u00e9stimos com garantia da Uni\u00e3o \u2013 em que o Tesouro Nacional cobre eventuais calotes \u2013 e R$ 6 bilh\u00f5es em empr\u00e9stimos sem garantia<\/strong>. Os valores representam redu\u00e7\u00e3o em rela\u00e7\u00e3o a 2024, quando os entes locais puderam tomar emprestados at\u00e9 R$ 26 bilh\u00f5es: R$ 17 bilh\u00f5es com garantia e R$ 9 bi sem garantia.<\/p>\n<p>O CMN estabeleceu sublimites para opera\u00e7\u00f5es de cr\u00e9dito para empreendimentos do Programa de Acelera\u00e7\u00e3o do Crescimento (PAC) e para parcerias p\u00fablico-privadas (PPPs).<\/p>\n<h2>Valores<\/h2>\n<p>Em rela\u00e7\u00e3o ao PAC, os governos locais poder\u00e3o ter emprestados no sistema financeiro R$ 3 bilh\u00f5es em cr\u00e9dito com garantia da Uni\u00e3o e R$ 2 bilh\u00f5es em cr\u00e9dito com garantia. Haver\u00e1 ainda um limite de R$ 1 bilh\u00e3o com garantia para as PPPs.<\/p>\n<p>Os sublimites s\u00e3o mais altos que no ano passado. Em 2024, os tetos para financiamentos ao PAC estavam em R$ 500 milh\u00f5es com garantia da Uni\u00e3o e o mesmo valor para opera\u00e7\u00f5es sem garantia. Para as PPPs, o sublimite tamb\u00e9m estava em R$ 500 milh\u00f5es.<\/p>\n<p><strong>O limite de cr\u00e9dito para \u00f3rg\u00e3os e entidades da Uni\u00e3o foi ampliado de R$ 625 milh\u00f5es em 2024 para R$ 2,425 bilh\u00f5es em 2025. No limite com garantia federal, a Itaipu Nuclear Binacional ficou com R$ 1,737 bilh\u00e3o e o limite sem garantia federal para a Eletrobras Termonuclear totalizou R$ 2,264 bilh\u00f5es<\/strong>.<\/p>\n<h2>Limites<\/h2>\n<p><strong>Segundo o Tesouro Nacional, os limites para as opera\u00e7\u00f5es com garantia s\u00e3o mais altos que o cr\u00e9dito sem garantia da Uni\u00e3o para estimular os governos locais a melhorar a gest\u00e3o fiscal<\/strong>. \u00c9 que os empr\u00e9stimos garantidos pela Uni\u00e3o s\u00f3 podem ser concedidos para entes p\u00fablicos com capacidade de pagamento A e B &#8211; as melhores notas concedidas pelo Tesouro.<\/p>\n<p><strong>Com a decis\u00e3o desta quinta-feira (27)<\/strong>, <strong>o limite de contrata\u00e7\u00e3o de cr\u00e9dito por entes p\u00fablicos \u2013 federais, estaduais e municipais \u2013 caiu de R$ 31,076 bilh\u00f5es em 2024 para R$ 21,426 bilh\u00f5es em 2025. O teto para 2026 foi mantido em R$ 15,625 bilh\u00f5es<\/strong>.<\/p>\n<p>O CMN \u00e9 um \u00f3rg\u00e3o colegiado &#8211; presidido pelo ministro da Fazenda, Fernando Haddad &#8211; e composto pelo presidente do Banco Central do Brasil, Gabriel Gal\u00edpolo, e pela ministra do Planejamento e Or\u00e7amento, Simone Tebet.<\/p>\n<p>      <!-- Relacionada --><\/p>\n<p>            <!-- Relacionada -->\n    <\/div>\n<p><br \/>\n<br \/><a href=\"https:\/\/agenciabrasil.ebc.com.br\/economia\/noticia\/2025-02\/governos-locais-poderao-pegar-ate-r-15-bi-emprestados-em-2025\" rel=\"noopener\">Ag\u00eancia Brasil<\/a><\/p>\n","protected":false},"excerpt":{"rendered":"<p>Estados, munic\u00edpios e o Distrito Federal poder\u00e3o pegar at\u00e9 R$ 15 bilh\u00f5es emprestados no sistema financeiro nacional em 2025. Na primeira reuni\u00e3o ordin\u00e1ria do ano, o Conselho Monet\u00e1rio Nacional (CMN) definiu hoje (27), em Bras\u00edlia, o volume global para contrata\u00e7\u00f5es de opera\u00e7\u00f5es de cr\u00e9dito internas pelos governos locais. Dos R$ 15 bilh\u00f5es, os governos estaduais [&hellip;]<\/p>\n","protected":false},"author":1,"featured_media":403,"comment_status":"open","ping_status":"open","sticky":false,"template":"","format":"standard","meta":{"_jetpack_newsletter_access":"","_jetpack_dont_email_post_to_subs":false,"_jetpack_newsletter_tier_id":0,"_jetpack_memberships_contains_paywalled_content":false,"_mbp_banners":[],"_jetpack_feature_clip_id":0,"_jetpack_memberships_contains_paid_content":false,"footnotes":"","jetpack_publicize_message":"","jetpack_publicize_feature_enabled":true,"jetpack_social_post_already_shared":true,"jetpack_social_options":{"image_generator_settings":{"template":"highway","default_image_id":0,"font":"","enabled":false},"version":2},"jetpack_post_was_ever_published":false},"categories":[24],"tags":[],"class_list":["post-25233","post","type-post","status-publish","format-standard","has-post-thumbnail","category-economia"],"jetpack_publicize_connections":[],"jetpack-related-posts":[],"jetpack_shortlink":"https:\/\/wp.me\/p7Eq1F-6yZ","jetpack_sharing_enabled":true,"jetpack_featured_media_url":"https:\/\/i0.wp.com\/guialimeira.com.br\/news\/wp-content\/uploads\/2024\/03\/real_moedadinheiro_jfcrz_abr_1701220049_1.jpg?fit=1600%2C800&ssl=1","_links":{"self":[{"href":"https:\/\/guialimeira.com.br\/news\/wp-json\/wp\/v2\/posts\/25233","targetHints":{"allow":["GET"]}}],"collection":[{"href":"https:\/\/guialimeira.com.br\/news\/wp-json\/wp\/v2\/posts"}],"about":[{"href":"https:\/\/guialimeira.com.br\/news\/wp-json\/wp\/v2\/types\/post"}],"author":[{"embeddable":true,"href":"https:\/\/guialimeira.com.br\/news\/wp-json\/wp\/v2\/users\/1"}],"replies":[{"embeddable":true,"href":"https:\/\/guialimeira.com.br\/news\/wp-json\/wp\/v2\/comments?post=25233"}],"version-history":[{"count":0,"href":"https:\/\/guialimeira.com.br\/news\/wp-json\/wp\/v2\/posts\/25233\/revisions"}],"wp:featuredmedia":[{"embeddable":true,"href":"https:\/\/guialimeira.com.br\/news\/wp-json\/wp\/v2\/media\/403"}],"wp:attachment":[{"href":"https:\/\/guialimeira.com.br\/news\/wp-json\/wp\/v2\/media?parent=25233"}],"wp:term":[{"taxonomy":"category","embeddable":true,"href":"https:\/\/guialimeira.com.br\/news\/wp-json\/wp\/v2\/categories?post=25233"},{"taxonomy":"post_tag","embeddable":true,"href":"https:\/\/guialimeira.com.br\/news\/wp-json\/wp\/v2\/tags?post=25233"}],"curies":[{"name":"wp","href":"https:\/\/api.w.org\/{rel}","templated":true}]}}