{"id":25227,"date":"2025-02-27T20:04:09","date_gmt":"2025-02-27T23:04:09","guid":{"rendered":"https:\/\/guialimeira.com.br\/?p=25227"},"modified":"2025-02-27T20:04:09","modified_gmt":"2025-02-27T23:04:09","slug":"tatiane-lopes-se-reune-com-secretaria-de-urbanismo-para-tratar-sobre-construcao-do-hospital-veterinario","status":"publish","type":"post","link":"https:\/\/guialimeira.com.br\/news\/tatiane-lopes-se-reune-com-secretaria-de-urbanismo-para-tratar-sobre-construcao-do-hospital-veterinario\/","title":{"rendered":"Tatiane Lopes se re\u00fane com secret\u00e1ria de Urbanismo para tratar sobre constru\u00e7\u00e3o do hospital veterin\u00e1rio"},"content":{"rendered":"\n<figure class=\"wp-block-gallery has-nested-images columns-default is-cropped wp-block-gallery-1 is-layout-flex wp-block-gallery-is-layout-flex\"><\/figure>\n \r\n<br><img data-recalc-dims=\"1\" decoding=\"async\" src=\"https:\/\/i0.wp.com\/guialimeira.com.br\/wp-content\/uploads\/2025\/02\/2025-02-27_tatiane-lopes-se-reune-com-secretaria-de-urbanismo-para-tratar-sobre-construcao-do-hospit.jpeg?w=696&#038;ssl=1\" \/><br><div>\n\t\t\t\t\t<p>A vereadora Tatiane Lopes (AVANTE) se reuniu com a secret\u00e1ria de Urbanismo, Ana Cristina Machado, e com os arquitetos Jos\u00e9 Alexandre Mazzer e Aline de Paula, nesta quinta-feira, 27 de fevereiro, para discutir sobre o local onde ser\u00e1 implementado o hospital veterin\u00e1rio p\u00fablico em Limeira. Essa \u00e9 a segunda reuni\u00e3o sobre o tema. Segundo a parlamentar, o objetivo das primeiras reuni\u00f5es \u00e9 localizar a \u00e1rea para posteriormente prosseguir na elabora\u00e7\u00e3o do projeto.<\/p><p>Conforme pontuou a vereadora, os recursos para a constru\u00e7\u00e3o do hospital ser\u00e3o resultantes de emenda parlamentar; not\u00edcia recentemente anunciada pelo prefeito Murilo Felix (MDB), juntamente com o deputado estadual Rafael Saraiva (Uni\u00e3o).<\/p><p>&#8220;O projeto ainda est\u00e1 em fase inicial, mas faz parte de um programa de governo do prefeito e uma luta minha enquanto vereadora desde que assumi o primeiro mandato. Portanto, trata-se de um objetivo a ser alcan\u00e7ado, e com muita responsabilidade estamos trabalhando para que Limeira e seus animais sejam beneficiados\u201d, explicou Tatiane.<\/p><p>Ap\u00f3s a reuni\u00e3o, a equipe esteve em \u00e1reas que possuem condi\u00e7\u00e3o de servir para a constru\u00e7\u00e3o do hospital, novas reuni\u00f5es devem ser agendadas para avan\u00e7ar no projeto.<\/p><p>&#8220;Esse \u00e9 o primeiro passo para uma nova pol\u00edtica p\u00fablica, n\u00e3o esquecendo das castra\u00e7\u00f5es no castram\u00f3vel e outras a\u00e7\u00f5es importantes, inclusive contemplando a sa\u00fade \u00fanica\u201d, completou.<\/p><p><i>Do Gabinete Parlamentar \u2013 Vereadora Tatiane Lopes (Avante)<\/i><\/p><p><i>*Foto do Gabinete parlamentar<\/i><\/p><p><strong>As mat\u00e9rias de origem dos Gabinetes Parlamentares s\u00e3o de inteira\u00a0 responsabilidade dos parlamentares e de suas assessorias. S\u00e3o devidamente\u00a0<\/strong><\/p><p>\u00a0<\/p>\t\t\t\t<\/div>\r\n<br>\r\n<br><a href=\"https:\/\/www.limeira.sp.leg.br\/noticias\/view\/2025-02-27_tatiane-lopes-se-reune-com-secretaria-de-urbanismo-para-tratar-sobre-construcao-do-hospital-veterinario\" rel=\"noopener\">Informa\u00e7\u00f5es CML <\/a>","protected":false},"excerpt":{"rendered":"<p>A vereadora Tatiane Lopes (AVANTE) se reuniu com a secret\u00e1ria de Urbanismo, Ana Cristina Machado, e com os arquitetos Jos\u00e9 Alexandre Mazzer e Aline de Paula, nesta quinta-feira, 27 de fevereiro, para discutir sobre o local onde ser\u00e1 implementado o hospital veterin\u00e1rio p\u00fablico em Limeira. Essa \u00e9 a segunda reuni\u00e3o sobre o tema. Segundo a [&hellip;]<\/p>\n","protected":false},"author":1,"featured_media":25228,"comment_status":"open","ping_status":"open","sticky":false,"template":"","format":"standard","meta":{"_jetpack_newsletter_access":"","_jetpack_dont_email_post_to_subs":false,"_jetpack_newsletter_tier_id":0,"_jetpack_memberships_contains_paywalled_content":false,"_mbp_banners":[],"_jetpack_feature_clip_id":0,"_jetpack_memberships_contains_paid_content":false,"footnotes":"","jetpack_publicize_message":"","jetpack_publicize_feature_enabled":true,"jetpack_social_post_already_shared":true,"jetpack_social_options":{"image_generator_settings":{"template":"highway","default_image_id":0,"font":"","enabled":false},"version":2},"jetpack_post_was_ever_published":false},"categories":[19],"tags":[],"class_list":["post-25227","post","type-post","status-publish","format-standard","has-post-thumbnail","category-politica"],"jetpack_publicize_connections":[],"jetpack-related-posts":[],"jetpack_shortlink":"https:\/\/wp.me\/p7Eq1F-6yT","jetpack_sharing_enabled":true,"jetpack_featured_media_url":"https:\/\/i0.wp.com\/guialimeira.com.br\/news\/wp-content\/uploads\/2025\/02\/Tatiane-Lopes-se-reune-com-secretaria-de-Urbanismo-para-tratar.jpeg?fit=1280%2C640&ssl=1","_links":{"self":[{"href":"https:\/\/guialimeira.com.br\/news\/wp-json\/wp\/v2\/posts\/25227","targetHints":{"allow":["GET"]}}],"collection":[{"href":"https:\/\/guialimeira.com.br\/news\/wp-json\/wp\/v2\/posts"}],"about":[{"href":"https:\/\/guialimeira.com.br\/news\/wp-json\/wp\/v2\/types\/post"}],"author":[{"embeddable":true,"href":"https:\/\/guialimeira.com.br\/news\/wp-json\/wp\/v2\/users\/1"}],"replies":[{"embeddable":true,"href":"https:\/\/guialimeira.com.br\/news\/wp-json\/wp\/v2\/comments?post=25227"}],"version-history":[{"count":1,"href":"https:\/\/guialimeira.com.br\/news\/wp-json\/wp\/v2\/posts\/25227\/revisions"}],"predecessor-version":[{"id":25229,"href":"https:\/\/guialimeira.com.br\/news\/wp-json\/wp\/v2\/posts\/25227\/revisions\/25229"}],"wp:featuredmedia":[{"embeddable":true,"href":"https:\/\/guialimeira.com.br\/news\/wp-json\/wp\/v2\/media\/25228"}],"wp:attachment":[{"href":"https:\/\/guialimeira.com.br\/news\/wp-json\/wp\/v2\/media?parent=25227"}],"wp:term":[{"taxonomy":"category","embeddable":true,"href":"https:\/\/guialimeira.com.br\/news\/wp-json\/wp\/v2\/categories?post=25227"},{"taxonomy":"post_tag","embeddable":true,"href":"https:\/\/guialimeira.com.br\/news\/wp-json\/wp\/v2\/tags?post=25227"}],"curies":[{"name":"wp","href":"https:\/\/api.w.org\/{rel}","templated":true}]}}