{"id":25223,"date":"2025-02-27T19:56:57","date_gmt":"2025-02-27T22:56:57","guid":{"rendered":"https:\/\/guialimeira.com.br\/?p=25223"},"modified":"2025-02-27T19:56:57","modified_gmt":"2025-02-27T22:56:57","slug":"lula-anuncia-edital-para-obra-do-tunel-santos-guaruja","status":"publish","type":"post","link":"https:\/\/guialimeira.com.br\/news\/lula-anuncia-edital-para-obra-do-tunel-santos-guaruja\/","title":{"rendered":"Lula anuncia edital para obra do t\u00fanel Santos-Guaruj\u00e1"},"content":{"rendered":"\n<figure class=\"wp-block-gallery has-nested-images columns-default is-cropped wp-block-gallery-1 is-layout-flex wp-block-gallery-is-layout-flex\">\n<figure class=\"wp-block-image size-large\"><\/figure>\n\t\t\t\t\t\n<figure class=\"wp-block-image size-large\"><img loading=\"lazy\" decoding=\"async\" width=\"1\" height=\"1\" data-attachment-id=\"25220\" data-permalink=\"https:\/\/guialimeira.com.br\/news\/lula-anuncia-edital-para-obra-do-tunel-santos-guaruja-2\/\" data-orig-file=\"https:\/\/i0.wp.com\/guialimeira.com.br\/news\/wp-content\/uploads\/2025\/02\/1740697010_635_ebc.gif?fit=1%2C1&amp;ssl=1\" data-orig-size=\"1,1\" data-comments-opened=\"1\" data-image-meta=\"{&quot;aperture&quot;:&quot;0&quot;,&quot;credit&quot;:&quot;&quot;,&quot;camera&quot;:&quot;&quot;,&quot;caption&quot;:&quot;&quot;,&quot;created_timestamp&quot;:&quot;0&quot;,&quot;copyright&quot;:&quot;&quot;,&quot;focal_length&quot;:&quot;0&quot;,&quot;iso&quot;:&quot;0&quot;,&quot;shutter_speed&quot;:&quot;0&quot;,&quot;title&quot;:&quot;&quot;,&quot;orientation&quot;:&quot;0&quot;}\" data-image-title=\"Lula anuncia edital para obra do t\u00fanel Santos-Guaruj\u00e1\" data-image-description=\"\" data-image-caption=\"\" data-large-file=\"https:\/\/i0.wp.com\/guialimeira.com.br\/news\/wp-content\/uploads\/2025\/02\/1740697010_635_ebc.gif?fit=1%2C1&amp;ssl=1\" data-id=\"25220\" src=\"https:\/\/i0.wp.com\/guialimeira.com.br\/wp-content\/uploads\/2025\/02\/1740697010_635_ebc.gif?resize=1%2C1&amp;ssl=1\" alt=\"\" class=\"wp-image-25220\" \/><\/figure>\n\t\t\t\t\t\n<figure class=\"wp-block-image size-large\"><img loading=\"lazy\" decoding=\"async\" width=\"754\" height=\"395\" data-attachment-id=\"25221\" data-permalink=\"https:\/\/guialimeira.com.br\/news\/lula-anuncia-edital-para-obra-do-tunel-santos-guaruja-3\/\" data-orig-file=\"https:\/\/i0.wp.com\/guialimeira.com.br\/news\/wp-content\/uploads\/2025\/02\/54354678394_0be6568a7c_o.jpg?fit=754%2C395&amp;ssl=1\" data-orig-size=\"754,395\" data-comments-opened=\"1\" data-image-meta=\"{&quot;aperture&quot;:&quot;0&quot;,&quot;credit&quot;:&quot;&quot;,&quot;camera&quot;:&quot;&quot;,&quot;caption&quot;:&quot;&quot;,&quot;created_timestamp&quot;:&quot;0&quot;,&quot;copyright&quot;:&quot;&quot;,&quot;focal_length&quot;:&quot;0&quot;,&quot;iso&quot;:&quot;0&quot;,&quot;shutter_speed&quot;:&quot;0&quot;,&quot;title&quot;:&quot;&quot;,&quot;orientation&quot;:&quot;0&quot;}\" data-image-title=\"Lula anuncia edital para obra do t\u00fanel Santos-Guaruj\u00e1\" data-image-description=\"\" data-image-caption=\"\" data-large-file=\"https:\/\/i0.wp.com\/guialimeira.com.br\/news\/wp-content\/uploads\/2025\/02\/54354678394_0be6568a7c_o.jpg?fit=696%2C365&amp;ssl=1\" data-id=\"25221\" src=\"https:\/\/i0.wp.com\/guialimeira.com.br\/wp-content\/uploads\/2025\/02\/54354678394_0be6568a7c_o.jpg?resize=150%2C150&amp;ssl=1\" alt=\"\" class=\"wp-image-25221\" \/><\/figure>\n\t\t\t\t\t\n<figure class=\"wp-block-image size-large\"><img loading=\"lazy\" decoding=\"async\" width=\"754\" height=\"423\" data-attachment-id=\"25222\" data-permalink=\"https:\/\/guialimeira.com.br\/news\/lula-anuncia-edital-para-obra-do-tunel-santos-guaruja-4\/\" data-orig-file=\"https:\/\/i0.wp.com\/guialimeira.com.br\/news\/wp-content\/uploads\/2025\/02\/54353593887_39bbe87600_o.jpg?fit=754%2C423&amp;ssl=1\" data-orig-size=\"754,423\" data-comments-opened=\"1\" data-image-meta=\"{&quot;aperture&quot;:&quot;0&quot;,&quot;credit&quot;:&quot;&quot;,&quot;camera&quot;:&quot;&quot;,&quot;caption&quot;:&quot;&quot;,&quot;created_timestamp&quot;:&quot;0&quot;,&quot;copyright&quot;:&quot;&quot;,&quot;focal_length&quot;:&quot;0&quot;,&quot;iso&quot;:&quot;0&quot;,&quot;shutter_speed&quot;:&quot;0&quot;,&quot;title&quot;:&quot;&quot;,&quot;orientation&quot;:&quot;0&quot;}\" data-image-title=\"Lula anuncia edital para obra do t\u00fanel Santos-Guaruj\u00e1\" data-image-description=\"\" data-image-caption=\"\" data-large-file=\"https:\/\/i0.wp.com\/guialimeira.com.br\/news\/wp-content\/uploads\/2025\/02\/54353593887_39bbe87600_o.jpg?fit=696%2C390&amp;ssl=1\" data-id=\"25222\" src=\"https:\/\/i0.wp.com\/guialimeira.com.br\/wp-content\/uploads\/2025\/02\/54353593887_39bbe87600_o.jpg?resize=150%2C150&amp;ssl=1\" alt=\"\" class=\"wp-image-25222\" \/><\/figure>\n\t\t\t\t\t<\/figure>\n \r\n<br><div>\n                    <p>O presidente Luiz In\u00e1cio Lula da Silva e o governador de S\u00e3o Paulo, Tarc\u00edsio de Freitas, anunciaram, nesta quinta-feira (27), o <strong>edital para constru\u00e7\u00e3o do t\u00fanel imerso que ligar\u00e1 os munic\u00edpios de Santos e Guaruj\u00e1, no litoral de S\u00e3o Paulo.<\/strong> O leil\u00e3o deve ocorrer em 1\u00ba de agosto, na B3, a bolsa de valores brasileira.<img data-recalc-dims=\"1\" decoding=\"async\" src=\"https:\/\/i0.wp.com\/guialimeira.com.br\/wp-content\/uploads\/2025\/02\/1740697010_478_ebc.png?w=696&#038;ssl=1\" style=\"width:1px;height:1px\" \/><img data-recalc-dims=\"1\" decoding=\"async\" src=\"https:\/\/i0.wp.com\/guialimeira.com.br\/wp-content\/uploads\/2025\/02\/1740697010_635_ebc.gif?w=696&#038;ssl=1\" style=\"width:1px;height:1px\" \/><\/p>\n\n<p><strong>A partir do in\u00edcio das obras, previsto para 2026, ser\u00e3o cerca de cinco anos para finaliza\u00e7\u00e3o.<\/strong><\/p>\n\n<p>O empreendimento est\u00e1 inclu\u00eddo entre as obras do Novo Programa de Acelera\u00e7\u00e3o do Crescimento (PAC) e ser\u00e1 <strong>resultado de uma parceria p\u00fablico-privada (PPP), com R$ 5,96 bilh\u00f5es em investimentos.<\/strong> O acordo entre a <a href=\"https:\/\/agenciabrasil.ebc.com.br\/politica\/noticia\/2024-02\/primeiro-tunel-imerso-do-Brasil-ligara-santos-a-guaruj%C3%A1\" target=\"_blank\" rel=\"noopener\">Uni\u00e3o e o estado de S\u00e3o Paulo<\/a>\u00a0foi firmado em fevereiro do ano passado.<\/p>\n\n<p>Em cerim\u00f4nia no Parque Valongo, no Porto de Santos, Lula destacou que a parceria \u00e9 \u201chist\u00f3rica\u201d e que \u00e9 compromisso dos governantes atender bem a popula\u00e7\u00e3o, independentemente da vis\u00e3o pol\u00edtica de cada um. Para ele, o governo federal n\u00e3o deve utilizar sua capacidade de investimento como instrumento pol\u00edtico. \u00a0<\/p>\n\n<blockquote>\n<p>\u201cEu quero trazer o Brasil \u00e0 normalidade. A normalidade \u00e9 a rela\u00e7\u00e3o civilizada entre os entes federados, entre prefeito, governadores, presidente da Rep\u00fablica, deputados federais. Essa \u00e9 uma rela\u00e7\u00e3o civilizada. Outra vez, ningu\u00e9m precisa concordar com ningu\u00e9m\u201d, disse.<\/p>\n<\/blockquote>\n\n<div class=\"dnd-widget-wrapper context-cheio_8colunas type-image\"><div class=\"dnd-atom-rendered\"><!-- scald=415455:cheio_8colunas -->\n            <img data-recalc-dims=\"1\" decoding=\"async\" src=\"https:\/\/i0.wp.com\/guialimeira.com.br\/wp-content\/uploads\/2025\/02\/54354678394_0be6568a7c_o.jpg?w=696&#038;ssl=1\" alt=\"Presidente da Rep\u00fablica, Luiz In\u00e1cio Lula da Silva, durante cerim\u00f4nia de Lan\u00e7amento do Edital de Concess\u00e3o do T\u00fanel Submerso Santos-Guaruj\u00e1. Parque Valongo, Armaz\u00e9m 4, Santos - SP.&#013;&#010;&#013;&#010;Foto: Ricardo Stuckert \/ PR\" title=\"Ricardo Stuckert \/ PR\" \/>\n        <img data-recalc-dims=\"1\" decoding=\"async\" src=\"https:\/\/i0.wp.com\/guialimeira.com.br\/wp-content\/uploads\/2025\/02\/54354678394_0be6568a7c_o.jpg?w=696&#038;ssl=1\" alt=\"Presidente da Rep\u00fablica, Luiz In\u00e1cio Lula da Silva, durante cerim\u00f4nia de Lan\u00e7amento do Edital de Concess\u00e3o do T\u00fanel Submerso Santos-Guaruj\u00e1. Parque Valongo, Armaz\u00e9m 4, Santos - SP.&#013;&#010;&#013;&#010;Foto: Ricardo Stuckert \/ PR\" title=\"Ricardo Stuckert \/ PR\" \/>\n    <!-- END scald=415455 --><\/div><p>\n<h6 class=\"meta\"><!--copyright=415455-->Presidente da Rep\u00fablica, Luiz In\u00e1cio Lula da Silva, durante cerim\u00f4nia de Lan\u00e7amento do Edital de Concess\u00e3o do T\u00fanel Submerso Santos-Guaruj\u00e1. Parque Valongo, Armaz\u00e9m 4, Santos &#8211; SP. Foto: Ricardo Stuckert \/ PR &#8211; <strong>Ricardo Stuckert \/ PR<\/strong><!--END copyright=415455--><\/h6>\n<\/p><\/div>\n\n<p>\u201cN\u00f3s fomos eleitos para compartilhar o nosso esfor\u00e7o e fazer com que o povo sinta prazer em ser governado por algu\u00e9m que est\u00e1 preocupado com ele\u201d, acrescentou o presidente.<\/p>\n\n<p>O governador Tarc\u00edsio de Freitas destacou que o t\u00fanel \u00e9 esperado\u00a0pelos moradores da regi\u00e3o desde o in\u00edcio do s\u00e9culo passado. Ele citou diversas interven\u00e7\u00f5es que j\u00e1 foram feitas e outras que est\u00e3o programadas em prepara\u00e7\u00e3o para a obra, a qual chamou de \u201ccereja do bolo\u201d.<\/p>\n\n<p>\u201cH\u00e1 quem diga que a primeira vez que se falou no T\u00fanel Santos-Guaruj\u00e1 foi em 1924. Portanto, 101 anos atr\u00e1s, para que hoje a gente publicasse o edital\u201d, disse, agradecendo ao presidente que \u201ccolocou esse t\u00fanel\u00a0como prioridade\u201d.<\/p>\n\n<div class=\"dnd-widget-wrapper context-cheio_8colunas type-image\"><div class=\"dnd-atom-rendered\"><!-- scald=415456:cheio_8colunas -->\n            <img data-recalc-dims=\"1\" decoding=\"async\" src=\"https:\/\/i0.wp.com\/guialimeira.com.br\/wp-content\/uploads\/2025\/02\/54353593887_39bbe87600_o.jpg?w=696&#038;ssl=1\" alt=\"Presidente da Rep\u00fablica, Luiz In\u00e1cio Lula da Silva, durante cerim\u00f4nia de Lan\u00e7amento do Edital de Concess\u00e3o do T\u00fanel Submerso Santos-Guaruj\u00e1. Parque Valongo, Armaz\u00e9m 4, Santos - SP.&#013;&#010;&#013;&#010;Foto: Ricardo Stuckert \/ PR\" title=\"Ricardo Stuckert \/ PR\" \/>\n        <img data-recalc-dims=\"1\" decoding=\"async\" src=\"https:\/\/i0.wp.com\/guialimeira.com.br\/wp-content\/uploads\/2025\/02\/54353593887_39bbe87600_o.jpg?w=696&#038;ssl=1\" alt=\"Presidente da Rep\u00fablica, Luiz In\u00e1cio Lula da Silva, durante cerim\u00f4nia de Lan\u00e7amento do Edital de Concess\u00e3o do T\u00fanel Submerso Santos-Guaruj\u00e1. Parque Valongo, Armaz\u00e9m 4, Santos - SP.&#013;&#010;&#013;&#010;Foto: Ricardo Stuckert \/ PR\" title=\"Ricardo Stuckert \/ PR\" \/>\n    <!-- END scald=415456 --><\/div><p>\n<h6 class=\"meta\">Obras ter\u00e3o in\u00edcio em 2026\u00a0&#8211; <strong>Ricardo Stuckert \/ PR<\/strong><!--END copyright=415456--><\/h6>\n<\/p><\/div>\n\n<h2>Projeto<\/h2>\n\n<p><strong>O Santos-Guaruj\u00e1 ser\u00e1 o primeiro t\u00fanel imerso do Brasil, com 1,5 km de extens\u00e3o, sendo 870 metros imersos<\/strong>. A obra contar\u00e1 com tr\u00eas faixas de rolamento por sentido, incluindo uma exclusiva para o Ve\u00edculo Leve sobre Trilhos (VLT), al\u00e9m de acessos dedicados para pedestres e ciclistas.<\/p>\n\n<p>Atualmente, para ir de uma cidade a outra pode-se utilizar o sistema de balsas, que faz o transporte de aproximadamente<strong> <\/strong>23 mil ve\u00edculos por dia, ou enfrentar o trajeto pela rodovia C\u00f4nego Domenico Rangoni.<\/p>\n\n<p><strong>Diariamente, 78 mil pessoas passam pela liga\u00e7\u00e3o entre Santos e Guaruj\u00e1 e cerca de 2 milh\u00f5es de pessoas pelas nove cidades da Baixada Santista<\/strong> \u2014 considerando a travessia pela balsa e a liga\u00e7\u00e3o rodovi\u00e1ria. A espera nas filas para cruzar o canal vai de 20 minutos a duas horas e, com o t\u00fanel, a expectativa \u00e9 que as travessias demorem menos de dois minutos.<\/p>\n\n<p>Em raz\u00e3o da crescente altura dos navios que percorrem e atracam no Porto de Santos, o t\u00fanel foi a escolha mais vi\u00e1vel para ligar as duas cidades. De acordo com a presid\u00eancia da Rep\u00fablica, a op\u00e7\u00e3o de engenharia ser\u00e1 por um m\u00e9todo pr\u00e9-moldado, com blocos de concreto afundados.<\/p>\n\n<p><strong>Ele ficar\u00e1 imerso no fundo do canal entre os dois munic\u00edpios a uma profundidade de 21 metros. <\/strong>Atualmente, o calado (parte submersa) dos navios que passam pelo porto tem 15 metros.<\/p>\n\n<h2>An\u00fancios<\/h2>\n\n<p>No evento, <strong>tamb\u00e9m foi anunciado o financiamento de R$ 2,4 bilh\u00f5es do Banco Nacional de Desenvolvimento Econ\u00f4mico e Social (BNDES) para a expans\u00e3o da Linha 2-Verde do metr\u00f4 de S\u00e3o Paulo.<\/strong> Atualmente, a linha liga a Vila Madalena \u00e0 Vila Prudente\u00a0e ser\u00e1 prolongada por 8,3 quil\u00f4metros no trecho entre as esta\u00e7\u00f5es de Vila Prudente (existente) e Penha (nova). Ser\u00e3o oito novas esta\u00e7\u00f5es e previs\u00e3o de integra\u00e7\u00e3o com a Linha 3-Vermelha e a Linha 11-Coral.<\/p>\n\n<p>Houve ainda a <strong>celebra\u00e7\u00e3o do acordo extrajudicial de recupera\u00e7\u00e3o do fundo de pens\u00e3o do Instituto Portus, de trabalhadores do setor portu\u00e1rio da extinta empresa p\u00fablica Portobras.<\/strong> O acordo envolve valores em lit\u00edgio de R$ 5 bilh\u00f5es e deve beneficiar 8,5 mil fam\u00edlias com o desbloqueio de reajuste de aposentadorias, tamb\u00e9m reduzindo os passivos das autoridades portu\u00e1rias patrocinadoras.<\/p>\n\n<p>Por fim, foi assinada durante a cerim\u00f4nia a renova\u00e7\u00e3o antecipada da delega\u00e7\u00e3o do Porto Organizado de S\u00e3o Sebasti\u00e3o por mais 25 anos, estendendo sua vig\u00eancia de 2032 para 2057.<\/p>\n\n      <!-- Relacionada -->\n              \n            <!-- Relacionada -->\n    <\/div>\r\n<br>\r\n<br><a href=\"https:\/\/agenciabrasil.ebc.com.br\/politica\/noticia\/2025-02\/lula-anuncia-edital-para-obra-do-tunel-santos-guaruja\" rel=\"noopener\">Ag\u00eancia Brasil<\/a>","protected":false},"excerpt":{"rendered":"<p>O presidente Luiz In\u00e1cio Lula da Silva e o governador de S\u00e3o Paulo, Tarc\u00edsio de Freitas, anunciaram, nesta quinta-feira (27), o edital para constru\u00e7\u00e3o do t\u00fanel imerso que ligar\u00e1 os munic\u00edpios de Santos e Guaruj\u00e1, no litoral de S\u00e3o Paulo. O leil\u00e3o deve ocorrer em 1\u00ba de agosto, na B3, a bolsa de valores brasileira. [&hellip;]<\/p>\n","protected":false},"author":1,"featured_media":25224,"comment_status":"open","ping_status":"open","sticky":false,"template":"","format":"standard","meta":{"_jetpack_newsletter_access":"","_jetpack_dont_email_post_to_subs":false,"_jetpack_newsletter_tier_id":0,"_jetpack_memberships_contains_paywalled_content":false,"_mbp_banners":[],"_jetpack_feature_clip_id":0,"_jetpack_memberships_contains_paid_content":false,"footnotes":"","jetpack_publicize_message":"","jetpack_publicize_feature_enabled":true,"jetpack_social_post_already_shared":true,"jetpack_social_options":{"image_generator_settings":{"template":"highway","default_image_id":0,"font":"","enabled":false},"version":2},"jetpack_post_was_ever_published":false},"categories":[19],"tags":[],"class_list":["post-25223","post","type-post","status-publish","format-standard","has-post-thumbnail","category-politica"],"jetpack_publicize_connections":[],"jetpack-related-posts":[],"jetpack_shortlink":"https:\/\/wp.me\/p7Eq1F-6yP","jetpack_sharing_enabled":true,"jetpack_featured_media_url":"https:\/\/i0.wp.com\/guialimeira.com.br\/news\/wp-content\/uploads\/2025\/02\/Lula-anuncia-edital-para-obra-do-tunel-Santos-Guaruja.jpg?fit=1600%2C800&ssl=1","_links":{"self":[{"href":"https:\/\/guialimeira.com.br\/news\/wp-json\/wp\/v2\/posts\/25223","targetHints":{"allow":["GET"]}}],"collection":[{"href":"https:\/\/guialimeira.com.br\/news\/wp-json\/wp\/v2\/posts"}],"about":[{"href":"https:\/\/guialimeira.com.br\/news\/wp-json\/wp\/v2\/types\/post"}],"author":[{"embeddable":true,"href":"https:\/\/guialimeira.com.br\/news\/wp-json\/wp\/v2\/users\/1"}],"replies":[{"embeddable":true,"href":"https:\/\/guialimeira.com.br\/news\/wp-json\/wp\/v2\/comments?post=25223"}],"version-history":[{"count":1,"href":"https:\/\/guialimeira.com.br\/news\/wp-json\/wp\/v2\/posts\/25223\/revisions"}],"predecessor-version":[{"id":25225,"href":"https:\/\/guialimeira.com.br\/news\/wp-json\/wp\/v2\/posts\/25223\/revisions\/25225"}],"wp:featuredmedia":[{"embeddable":true,"href":"https:\/\/guialimeira.com.br\/news\/wp-json\/wp\/v2\/media\/25224"}],"wp:attachment":[{"href":"https:\/\/guialimeira.com.br\/news\/wp-json\/wp\/v2\/media?parent=25223"}],"wp:term":[{"taxonomy":"category","embeddable":true,"href":"https:\/\/guialimeira.com.br\/news\/wp-json\/wp\/v2\/categories?post=25223"},{"taxonomy":"post_tag","embeddable":true,"href":"https:\/\/guialimeira.com.br\/news\/wp-json\/wp\/v2\/tags?post=25223"}],"curies":[{"name":"wp","href":"https:\/\/api.w.org\/{rel}","templated":true}]}}