{"id":25204,"date":"2025-02-27T19:03:02","date_gmt":"2025-02-27T22:03:02","guid":{"rendered":"https:\/\/guialimeira.com.br\/?p=25204"},"modified":"2025-02-27T19:03:02","modified_gmt":"2025-02-27T22:03:02","slug":"comissao-de-obras-aborda-cronograma-de-poda-de-mato-e-recuperacao-de-estradas-rurais","status":"publish","type":"post","link":"https:\/\/guialimeira.com.br\/news\/comissao-de-obras-aborda-cronograma-de-poda-de-mato-e-recuperacao-de-estradas-rurais\/","title":{"rendered":"Comiss\u00e3o de Obras aborda cronograma de poda de mato e recupera\u00e7\u00e3o de estradas rurais"},"content":{"rendered":"\n<figure class=\"wp-block-gallery has-nested-images columns-default is-cropped wp-block-gallery-1 is-layout-flex wp-block-gallery-is-layout-flex\"><\/figure>\n \r\n<br><img data-recalc-dims=\"1\" decoding=\"async\" src=\"https:\/\/i0.wp.com\/guialimeira.com.br\/wp-content\/uploads\/2025\/02\/2025-02-27_comissao-de-obras-aborda-cronograma-de-poda-de-mato-e-recuperacao-de-estradas-rurais_1.jp.jpeg?w=696&#038;ssl=1\" \/><br><div>\n\t\t\t\t\t<p>O cronograma de poda de mato e de recupera\u00e7\u00e3o das estradas e pontes rurais de Limeira foi tema tratado na reuni\u00e3o da Comiss\u00e3o de Obras e Planejamento Urbano da C\u00e2mara nesta quinta-feira, 27 de fevereiro. Segundo respons\u00e1veis pelo servi\u00e7o, em 30 dias a Prefeitura finaliza a poda de mato de \u00e1reas cr\u00edticas, como escolas e postos de sa\u00fade. Em rela\u00e7\u00e3o \u00e0s estradas rurais, a prioridade s\u00e3o as vias pelas quais passa o transporte escolar.<\/p><p>Al\u00e9m dos membros do colegiado, vereadores Helder do T\u00e1xi (PSD), presidente; M\u00e1rcio do Estacionamento (DC), vice-presidente; e\u00a0 Jo\u00e3o Antunes Bano (SD), secret\u00e1rio; participaram da reuni\u00e3o o secret\u00e1rio de Obras, Celso Gon\u00e7alves, e os representantes da empresa Forty, Andr\u00e9 Pelegrini e Valter Jorge Paulo. Os vereadores Lu Bogo (PL), Estev\u00e3o Nogueira (Avante), Mara Isa Mattos Silveira (PL), Waguinho da Santa Luzia (PP) e Felipe Penedo (PL) tamb\u00e9m acompanharam os trabalhos.<\/p><p>A Comiss\u00e3o de Obras e Planejamento Urbano \u00e9 respons\u00e1vel por temas como servi\u00e7os p\u00fablicos, uso, ocupa\u00e7\u00e3o e parcelamento do solo, e \u00e9 formada pelos vereadores Helder do T\u00e1xi (PSD), presidente; M\u00e1rcio do Estacionamento (DC), vice-presidente; e\u00a0 Jo\u00e3o Antunes Bano (SD), secret\u00e1rio. As reuni\u00f5es ordin\u00e1rias do colegiado acontecem \u00e0s quintas-feiras, a partir das 13h30. Todas as delibera\u00e7\u00f5es s\u00e3o registradas em <a href=\"https:\/\/consulta.limeira.sp.leg.br\/Sessoes\/Documento\/368099\" rel=\"noopener\">ata<\/a>. A transmiss\u00e3o da reuni\u00e3o pode ser conferida na \u00edntegra por meio dest <a href=\"https:\/\/www.youtube.com\/live\/RWcdqmPOFCM?si=GMvZw7JvfLRkifTr&amp;t=1946\" rel=\"noopener\">link<\/a>.\u00a0<\/p><p><strong>Poda de mato<\/strong><\/p><p>Celso explicou que v\u00e1rios problemas prejudicaram a realiza\u00e7\u00e3o do servi\u00e7o de poda de mato na cidade no in\u00edcio do ano, como o excesso de chuvas, que impediram o trabalho das equipes, e o Decreto de Emerg\u00eancia Financeira (<a href=\"https:\/\/ecrie.com.br\/Sistema\/Conteudos\/DiarioOficial\/upload\/u_137_08012025193306.pdf\" rel=\"noopener\">Decreto N\u00ba 9\/2025<\/a>), e que por isso, foi adotada a estrat\u00e9gia de priorizar \u00e1reas cr\u00edticas da cidade, que atendem o maior fluxo de mun\u00edcipes e que podem causar preju\u00edzos na circula\u00e7\u00e3o de pessoas e ve\u00edculos e risco \u00e0 sa\u00fade de crian\u00e7as. Dentro desta estrat\u00e9gia, segundo ele, os servi\u00e7os est\u00e3o sendo realizados primeiro em escolas, unidades b\u00e1sicas de sa\u00fade e \u00e1reas de grande circula\u00e7\u00e3o e que impedem a visibilidade no tr\u00e2nsito.<\/p><p>O secret\u00e1rio disse que acredita que dentro de 30 dias essas \u00e1reas priorit\u00e1rias ser\u00e3o conclu\u00eddas e os trabalhos retornar\u00e3o \u00e0 normalidade, se estendendo \u00e0 limpeza dos bairros tamb\u00e9m.<\/p><p>Por sua vez, o representante da Forty explicou sobre o contrato que a empresa tem com o munic\u00edpio desde 2002, falou das dificuldades enfrentadas por causa da interrup\u00e7\u00e3o do pagamento do servi\u00e7o pela Prefeitura em 2024 e que acionou a Prefeitura judicialmente por causa disso. Com rela\u00e7\u00e3o \u00e0 poda de mato, Valter disse que a empresa est\u00e1 trabalhando com a capacidade de 60%, devido ao contingenciamento financeiro feito pelo Executivo, e que faz o atendimento conforme as ordens de servi\u00e7o enviadas pela Secretaria de Obras. Ele pontuou que, dependendo da libera\u00e7\u00e3o de recursos, em 90 dias consegue alcan\u00e7ar toda a cidade.<\/p><p><strong>Estradas e pontes rurais<\/strong><\/p><p>A manuten\u00e7\u00e3o das estradas rurais tamb\u00e9m foi prejudicada pelo longo per\u00edodo chuvoso do in\u00edcio do ano, de acordo com o secret\u00e1rio. Da mesma forma que a poda do mato, a realiza\u00e7\u00e3o do servi\u00e7o tamb\u00e9m est\u00e1 sendo feita por prioridades, neste caso, as vias nas quais transitam o transporte escolar ser\u00e3o atendidas primeiro.<\/p><p>Ele tamb\u00e9m destacou que a Prefeitura aguarda a libera\u00e7\u00e3o de verba destinada pelo deputado federal Miguel Lombardi (PL), no valor aproximado de R$4 milh\u00f5es, que ser\u00e1 destinada para a manuten\u00e7\u00e3o das seguintes vias: LIM 020, LIM 112, LIM 278, LIM 125, LIM 186, LIM 253, LIM 117, LIM 324, LIM 330, LIM 353 e LIM 379.\u00a0<\/p><p>Sobre as pontes, Celso disse que a cidade tem cerca de 70 pontes de madeira e que n\u00e3o h\u00e1 recursos na Prefeitura suficientes para a substitui\u00e7\u00e3o de todas elas, no entanto o prefeito Murilo F\u00e9lix est\u00e1 buscando verbas para a substitui\u00e7\u00e3o destas e tamb\u00e9m para a manuten\u00e7\u00e3o e conserva\u00e7\u00e3o das estradas rurais.<\/p><p><strong>Estrada da Balsa<\/strong><\/p><p>Celso contou aos vereadores que a Estrada da Balsa j\u00e1 sofreu manuten\u00e7\u00e3o duas vezes neste ano, e que aguarda verba do Departamento de Estradas e Rodagem (DER) que est\u00e1 destinada \u00e0 pavimenta\u00e7\u00e3o da via.\u00a0<\/p><p>Lixo na \u00e1rea rural<\/p><p>A situa\u00e7\u00e3o do ac\u00famulo de lixo na \u00e1rea rural tamb\u00e9m foi abordada na reuni\u00e3o. O secret\u00e1rio explicou a regulariza\u00e7\u00e3o fundi\u00e1ria das ch\u00e1caras vai solucionar parte do problema, uma vez que os condom\u00ednios ser\u00e3o obrigados a instalar ca\u00e7ambas em frente aos condom\u00ednios e o servi\u00e7o de coleta de lixo da cidade far\u00e1 a retirada do material.<\/p><p>Com rela\u00e7\u00e3o \u00e0 utiliza\u00e7\u00e3o de ecopontos para descarte de materiais indevidos, pediu apoio \u00e0 C\u00e2mara para realizar uma campanha de conscientiza\u00e7\u00e3o para a popula\u00e7\u00e3o.<\/p><p><strong>Jd Primavera<\/strong><\/p><p>Os vereadores questionaram o secret\u00e1rio sobre a possibilidade de a Prefeitura realizar a poda do mato no Jardim Primavera. Celso explicou que o empreendimento ainda n\u00e3o foi entregue pela construtora e que possui diversas irregularidades que precisam ser sanadas antes que a municipalidade o receba. Por esse motivo, ele explicou que o Executivo n\u00e3o pode realizar a poda do mato no local, e que far\u00e1 uma reuni\u00e3o com a Catagu\u00e1 em breve e solicitar\u00e1 que ela execute o servi\u00e7o. Caso a empresa n\u00e3o o fa\u00e7a, verificar\u00e1 os meios legais para que a Prefeitura possa fazer a capina\u00e7\u00e3o.<\/p><p><strong>Of\u00edcios\u00a0<\/strong><\/p><p>Para buscar atender \u00e0s demandas dos mun\u00edcipes presentes na reuni\u00e3o, a Comiss\u00e3o de Obras fez uma s\u00e9rie de of\u00edcios com questionamentos \u00e0 Prefeitura. Confira:<\/p><ul><li>Quais as provid\u00eancias tomadas sobre o descarte indevido de lixo e entulho na Rua Paulo Fachardo Junqueira.<\/li><li>Quais as provid\u00eancias que a construtora Catagu\u00e1 precisa atender para finalizar a regulariza\u00e7\u00e3o do bairro Jardim Primavera junto \u00e0 Prefeitura e por que foi autorizada a constru\u00e7\u00e3o de moradias no local antes da regulariza\u00e7\u00e3o do bairro. Qual a possibilidade legal de ser feita a limpeza p\u00fablica no Jardim Primavera, e de realizar o asfaltamento da rua Guilherme Dibbern que d\u00e1 acesso ao bairro.\u00a0<\/li><li>Quais as provid\u00eancias que ser\u00e3o realizadas para a manuten\u00e7\u00e3o vi\u00e1ria do condom\u00ednio Associa\u00e7\u00e3o Vale Verde, bem como o acesso da estrada de servid\u00e3o que parte da LIM 159.<\/li><li>Quais as estradas rurais que ser\u00e3o contempladas pela emenda parlamentar do deputado Miguel Lombardi e qual o valor ser\u00e1 investido.\u00a0<\/li><li>Como est\u00e1 o processo de pavimenta\u00e7\u00e3o da Estrada da Balsa. E como est\u00e3o as tratativas sobre a constru\u00e7\u00e3o de passarela sobre a rodovia Anhanguera \u2013 KM 34, no Bairro dos Lopes.<\/li><\/ul>\t\t\t\t<\/div>\r\n<br>\r\n<br><a href=\"https:\/\/www.limeira.sp.leg.br\/noticias\/view\/2025-02-27_comissao-de-obras-aborda-cronograma-de-poda-de-mato-e-recuperacao-de-estradas-rurais\" rel=\"noopener\">Informa\u00e7\u00f5es CML <\/a>","protected":false},"excerpt":{"rendered":"<p>O cronograma de poda de mato e de recupera\u00e7\u00e3o das estradas e pontes rurais de Limeira foi tema tratado na reuni\u00e3o da Comiss\u00e3o de Obras e Planejamento Urbano da C\u00e2mara nesta quinta-feira, 27 de fevereiro. Segundo respons\u00e1veis pelo servi\u00e7o, em 30 dias a Prefeitura finaliza a poda de mato de \u00e1reas cr\u00edticas, como escolas e [&hellip;]<\/p>\n","protected":false},"author":1,"featured_media":25205,"comment_status":"open","ping_status":"open","sticky":false,"template":"","format":"standard","meta":{"_jetpack_newsletter_access":"","_jetpack_dont_email_post_to_subs":false,"_jetpack_newsletter_tier_id":0,"_jetpack_memberships_contains_paywalled_content":false,"_mbp_banners":[],"_jetpack_feature_clip_id":0,"_jetpack_memberships_contains_paid_content":false,"footnotes":"","jetpack_publicize_message":"","jetpack_publicize_feature_enabled":true,"jetpack_social_post_already_shared":true,"jetpack_social_options":{"image_generator_settings":{"template":"highway","default_image_id":0,"font":"","enabled":false},"version":2},"jetpack_post_was_ever_published":false},"categories":[19],"tags":[],"class_list":["post-25204","post","type-post","status-publish","format-standard","has-post-thumbnail","category-politica"],"jetpack_publicize_connections":[],"jetpack-related-posts":[],"jetpack_shortlink":"https:\/\/wp.me\/p7Eq1F-6yw","jetpack_sharing_enabled":true,"jetpack_featured_media_url":"https:\/\/i0.wp.com\/guialimeira.com.br\/news\/wp-content\/uploads\/2025\/02\/Comissao-de-Obras-aborda-cronograma-de-poda-de-mato-e.jp.jpeg?fit=1280%2C640&ssl=1","_links":{"self":[{"href":"https:\/\/guialimeira.com.br\/news\/wp-json\/wp\/v2\/posts\/25204","targetHints":{"allow":["GET"]}}],"collection":[{"href":"https:\/\/guialimeira.com.br\/news\/wp-json\/wp\/v2\/posts"}],"about":[{"href":"https:\/\/guialimeira.com.br\/news\/wp-json\/wp\/v2\/types\/post"}],"author":[{"embeddable":true,"href":"https:\/\/guialimeira.com.br\/news\/wp-json\/wp\/v2\/users\/1"}],"replies":[{"embeddable":true,"href":"https:\/\/guialimeira.com.br\/news\/wp-json\/wp\/v2\/comments?post=25204"}],"version-history":[{"count":1,"href":"https:\/\/guialimeira.com.br\/news\/wp-json\/wp\/v2\/posts\/25204\/revisions"}],"predecessor-version":[{"id":25206,"href":"https:\/\/guialimeira.com.br\/news\/wp-json\/wp\/v2\/posts\/25204\/revisions\/25206"}],"wp:featuredmedia":[{"embeddable":true,"href":"https:\/\/guialimeira.com.br\/news\/wp-json\/wp\/v2\/media\/25205"}],"wp:attachment":[{"href":"https:\/\/guialimeira.com.br\/news\/wp-json\/wp\/v2\/media?parent=25204"}],"wp:term":[{"taxonomy":"category","embeddable":true,"href":"https:\/\/guialimeira.com.br\/news\/wp-json\/wp\/v2\/categories?post=25204"},{"taxonomy":"post_tag","embeddable":true,"href":"https:\/\/guialimeira.com.br\/news\/wp-json\/wp\/v2\/tags?post=25204"}],"curies":[{"name":"wp","href":"https:\/\/api.w.org\/{rel}","templated":true}]}}