{"id":25202,"date":"2025-02-27T18:53:47","date_gmt":"2025-02-27T21:53:47","guid":{"rendered":"https:\/\/guialimeira.com.br\/2025\/02\/27\/futuros-demitidos-no-saque-aniversario-continuam-com-fgts-bloqueado\/"},"modified":"2025-02-27T18:53:47","modified_gmt":"2025-02-27T21:53:47","slug":"futuros-demitidos-no-saque-aniversario-continuam-com-fgts-bloqueado","status":"publish","type":"post","link":"https:\/\/guialimeira.com.br\/news\/futuros-demitidos-no-saque-aniversario-continuam-com-fgts-bloqueado\/","title":{"rendered":"Futuros demitidos no saque-anivers\u00e1rio continuam com FGTS bloqueado"},"content":{"rendered":"<p> <br \/>\n<\/p>\n<div>\n<p><strong>O trabalhador demitido desde 2020 que aderiu ao saque-anivers\u00e1rio n\u00e3o ter\u00e1 de sair da modalidade para sacar o saldo retido do Fundo de Garantia do Tempo de Servi\u00e7o (FGTS),<\/strong> esclareceu nesta quinta-feira (27) o Pal\u00e1cio do Planalto. No entanto, quem for dispensado sem justa causa ap\u00f3s 28 de fevereiro continuar\u00e1 a ter os dep\u00f3sitos do empregador bloqueados, recebendo apenas a multa rescis\u00f3ria de 40%.<img data-recalc-dims=\"1\" decoding=\"async\" src=\"https:\/\/i0.wp.com\/agenciabrasil.ebc.com.br\/ebc.png?w=696&#038;ssl=1\" style=\"width:1px; height:1px; display:inline;\"\/><img data-recalc-dims=\"1\" decoding=\"async\" src=\"https:\/\/i0.wp.com\/agenciabrasil.ebc.com.br\/ebc.gif?w=696&#038;ssl=1\" style=\"width:1px; height:1px; display:inline;\"\/><\/p>\n<p>Havia d\u00favidas sobre se, com a publica\u00e7\u00e3o da medida provis\u00f3ria que <a href=\"https:\/\/agenciabrasil.ebc.com.br\/economia\/noticia\/2025-02\/governo-vai-liberar-saldo-do-fgts-quem-optou-por-saque-aniversario\" target=\"_blank\" rel=\"noopener\">liberar\u00e1 cerca de 12 bilh\u00f5es de saldo<\/a> retido no FGTS, o benef\u00edcio valeria para futuros demitidos. A Secretaria de Comunica\u00e7\u00e3o Social (Secom) da Presid\u00eancia da Rep\u00fablica esclareceu que a libera\u00e7\u00e3o dos recursos \u00e9 excepcional e n\u00e3o vai alterar as demais regras do saque-anivers\u00e1rio.<\/p>\n<blockquote>\n<p>\u201cA medida provis\u00f3ria, que ser\u00e1 publicada nesta sexta-feira, 28 de fevereiro, n\u00e3o altera as regras do saque-anivers\u00e1rio, apenas viabiliza a libera\u00e7\u00e3o tempor\u00e1ria dos valores bloqueados. A libera\u00e7\u00e3o do saldo ocorre de forma excepcional e n\u00e3o altera a op\u00e7\u00e3o do trabalhador pelo saque-anivers\u00e1rio\u201d, publicou a Secom em comunicado.<\/p>\n<\/blockquote>\n<p>A pasta ressalta que, no entanto, <strong>ap\u00f3s 28 de fevereiro de 2025, aqueles que aderirem ao saque-anivers\u00e1rio e forem demitidos ter\u00e3o seus saldos bloqueados novamente,<\/strong> podendo sacar apenas a multa rescis\u00f3ria.<\/p>\n<h2>Calend\u00e1rio<\/h2>\n<p>Segundo calend\u00e1rio divulgado na quinta-feira (26) pelo ministro do Trabalho, Luiz Marinho, o <strong>saldo retido ser\u00e1 liberado em duas etapas: uma para valores de at\u00e9 R$ 3 mil, ainda em mar\u00e7o; com a diferen\u00e7a acima de R$ 3 mil sendo liberada em junho.<\/strong><\/p>\n<h2>As datas s\u00e3o as seguintes<\/h2>\n<p><strong>&gt;&gt;Valores at\u00e9 R$ 3 mil<\/strong><\/p>\n<p>\u2022 \u00a0 \u00a0 6 de marc\u0327o: nascidos em janeiro, fevereiro, marc\u0327o e abril;<\/p>\n<p>\u2022 \u00a0 \u00a0 7 de marc\u0327o: nascidos em maio, junho, julho e agosto;<\/p>\n<p>\u2022 \u00a0 \u00a0 10 de marc\u0327o: nascidos em setembro, outubro, novembro e dezembro.<\/p>\n<p><strong>&gt;&gt;Valores acima de R$ 3 mil<\/strong><\/p>\n<p>\u2022 \u00a0 \u00a0 17 de junho: nascidos janeiro, fevereiro, marc\u0327o e abril;<\/p>\n<p>\u2022 \u00a0 \u00a0 18 de junho: nascidos em maio, junho, julho e agosto;<\/p>\n<p>\u2022 \u00a0 \u00a0 20 de junho: nascidos em setembro, outubro, novembro e dezembro.<\/p>\n<h2>Retirada<\/h2>\n<p>Criado em 2019 e em vigor desde 2020, o <strong>saque-anivers\u00e1rio permite a retirada de parte do saldo de qualquer conta ativa ou inativa do fundo a cada ano, no m\u00eas de anivers\u00e1rio. Em troca, o trabalhador n\u00e3o poder\u00e1 sacar o valor depositado pela empresa em caso de demiss\u00e3o sem justa causa, apenas a multa rescis\u00f3ria de 40%.<\/strong><\/p>\n<p>O per\u00edodo de saques come\u00e7a no primeiro dia \u00fatil do m\u00eas de anivers\u00e1rio do trabalhador. Os valores ficam dispon\u00edveis at\u00e9 o \u00faltimo dia \u00fatil do segundo m\u00eas subsequente. Caso o dinheiro n\u00e3o seja retirado no prazo, volta para as contas do FGTS em nome do trabalhador.<\/p>\n<p>      <!-- Relacionada --><\/p>\n<p>            <!-- Relacionada -->\n    <\/div>\n<p><br \/>\n<br \/><a href=\"https:\/\/agenciabrasil.ebc.com.br\/economia\/noticia\/2025-02\/saque-aniversario-futuros-demitidos-continuam-com-fgts-bloqueado\" rel=\"noopener\">Ag\u00eancia Brasil<\/a><\/p>\n","protected":false},"excerpt":{"rendered":"<p>O trabalhador demitido desde 2020 que aderiu ao saque-anivers\u00e1rio n\u00e3o ter\u00e1 de sair da modalidade para sacar o saldo retido do Fundo de Garantia do Tempo de Servi\u00e7o (FGTS), esclareceu nesta quinta-feira (27) o Pal\u00e1cio do Planalto. No entanto, quem for dispensado sem justa causa ap\u00f3s 28 de fevereiro continuar\u00e1 a ter os dep\u00f3sitos do [&hellip;]<\/p>\n","protected":false},"author":1,"featured_media":13275,"comment_status":"open","ping_status":"open","sticky":false,"template":"","format":"standard","meta":{"_jetpack_newsletter_access":"","_jetpack_dont_email_post_to_subs":false,"_jetpack_newsletter_tier_id":0,"_jetpack_memberships_contains_paywalled_content":false,"_mbp_banners":[],"_jetpack_feature_clip_id":0,"_jetpack_memberships_contains_paid_content":false,"footnotes":"","jetpack_publicize_message":"","jetpack_publicize_feature_enabled":true,"jetpack_social_post_already_shared":true,"jetpack_social_options":{"image_generator_settings":{"template":"highway","default_image_id":0,"font":"","enabled":false},"version":2},"jetpack_post_was_ever_published":false},"categories":[24],"tags":[],"class_list":["post-25202","post","type-post","status-publish","format-standard","has-post-thumbnail","category-economia"],"jetpack_publicize_connections":[],"jetpack-related-posts":[],"jetpack_shortlink":"https:\/\/wp.me\/p7Eq1F-6yu","jetpack_sharing_enabled":true,"jetpack_featured_media_url":"https:\/\/i0.wp.com\/guialimeira.com.br\/news\/wp-content\/uploads\/2024\/08\/mg_8465.jpg?fit=1600%2C800&ssl=1","_links":{"self":[{"href":"https:\/\/guialimeira.com.br\/news\/wp-json\/wp\/v2\/posts\/25202","targetHints":{"allow":["GET"]}}],"collection":[{"href":"https:\/\/guialimeira.com.br\/news\/wp-json\/wp\/v2\/posts"}],"about":[{"href":"https:\/\/guialimeira.com.br\/news\/wp-json\/wp\/v2\/types\/post"}],"author":[{"embeddable":true,"href":"https:\/\/guialimeira.com.br\/news\/wp-json\/wp\/v2\/users\/1"}],"replies":[{"embeddable":true,"href":"https:\/\/guialimeira.com.br\/news\/wp-json\/wp\/v2\/comments?post=25202"}],"version-history":[{"count":0,"href":"https:\/\/guialimeira.com.br\/news\/wp-json\/wp\/v2\/posts\/25202\/revisions"}],"wp:featuredmedia":[{"embeddable":true,"href":"https:\/\/guialimeira.com.br\/news\/wp-json\/wp\/v2\/media\/13275"}],"wp:attachment":[{"href":"https:\/\/guialimeira.com.br\/news\/wp-json\/wp\/v2\/media?parent=25202"}],"wp:term":[{"taxonomy":"category","embeddable":true,"href":"https:\/\/guialimeira.com.br\/news\/wp-json\/wp\/v2\/categories?post=25202"},{"taxonomy":"post_tag","embeddable":true,"href":"https:\/\/guialimeira.com.br\/news\/wp-json\/wp\/v2\/tags?post=25202"}],"curies":[{"name":"wp","href":"https:\/\/api.w.org\/{rel}","templated":true}]}}