{"id":25191,"date":"2025-02-27T18:09:58","date_gmt":"2025-02-27T21:09:58","guid":{"rendered":"https:\/\/guialimeira.com.br\/?p=25191"},"modified":"2025-02-27T18:09:59","modified_gmt":"2025-02-27T21:09:59","slug":"vereadora-tatiane-lopes-questiona-transparencia-na-construcao-do-novo-predio-do-bem-estar-animal","status":"publish","type":"post","link":"https:\/\/guialimeira.com.br\/news\/vereadora-tatiane-lopes-questiona-transparencia-na-construcao-do-novo-predio-do-bem-estar-animal\/","title":{"rendered":"Vereadora Tatiane Lopes questiona transpar\u00eancia na constru\u00e7\u00e3o do novo pr\u00e9dio do Bem-Estar Animal"},"content":{"rendered":"\n<p class=\"wp-block-paragraph\">A prote\u00e7\u00e3o e o bem-estar animal s\u00e3o temas cada vez mais presentes nas discuss\u00f5es sobre pol\u00edticas p\u00fablicas. Diante disso, a <strong>vereadora Tatiane Lopes (Avante)<\/strong> apresentou um requerimento ao <strong>Poder Executivo Municipal<\/strong> solicitando informa\u00e7\u00f5es detalhadas sobre a <strong>constru\u00e7\u00e3o do novo pr\u00e9dio do Departamento de Prote\u00e7\u00e3o e Bem-Estar Animal<\/strong>. O projeto ser\u00e1 realizado com recursos provenientes da <strong>opera\u00e7\u00e3o de cr\u00e9dito Finisa<\/strong>, autorizada pela Lei Ordin\u00e1ria 6859\/2023.<\/p>\n\n\n\n<h2 class=\"wp-block-heading\"><strong>Quais s\u00e3o os questionamentos?<\/strong><\/h2>\n\n\n\n<p class=\"wp-block-paragraph\">A vereadora busca esclarecimentos sobre diversos pontos fundamentais da obra, incluindo:<\/p>\n\n\n\n<p class=\"wp-block-paragraph\">\ud83d\udccc <strong>Valor destinado<\/strong>: Qual a quantia exata reservada dentro do financiamento contratado para a constru\u00e7\u00e3o do novo <strong>canil e gatil municipal<\/strong>?<\/p>\n\n\n\n<p class=\"wp-block-paragraph\">\ud83d\udccc <strong>Previs\u00e3o de obras<\/strong>: Quando os trabalhos ter\u00e3o in\u00edcio e qual o prazo estimado para a conclus\u00e3o da estrutura?<\/p>\n\n\n\n<p class=\"wp-block-paragraph\">\ud83d\udccc <strong>Projeto executivo<\/strong>: O projeto j\u00e1 foi elaborado e aprovado? Se sim, a vereadora solicita acesso \u00e0s informa\u00e7\u00f5es e ao cronograma da obra.<\/p>\n\n\n\n<p class=\"wp-block-paragraph\">\ud83d\udccc <strong>Padr\u00f5es de bem-estar animal<\/strong>: Quais medidas est\u00e3o sendo tomadas para garantir que a nova estrutura ofere\u00e7a <strong>condi\u00e7\u00f5es adequadas para os animais resgatados<\/strong>?<\/p>\n\n\n\n<p class=\"wp-block-paragraph\">\ud83d\udccc <strong>Amplia\u00e7\u00e3o da equipe<\/strong>: H\u00e1 previs\u00e3o de aumento no quadro de profissionais e recursos destinados \u00e0 manuten\u00e7\u00e3o e opera\u00e7\u00e3o do novo espa\u00e7o?<\/p>\n\n\n\n<h2 class=\"wp-block-heading\"><strong>Por que essa obra \u00e9 t\u00e3o importante?<\/strong><\/h2>\n\n\n\n<p class=\"wp-block-paragraph\">Atualmente, o espa\u00e7o destinado ao acolhimento de <strong>animais resgatados<\/strong> enfrenta <strong>desafios estruturais e limita\u00e7\u00f5es operacionais<\/strong>, o que compromete a qualidade do servi\u00e7o prestado. Sem um ambiente adequado, o atendimento a esses animais torna-se mais dif\u00edcil, prejudicando seus cuidados e recupera\u00e7\u00e3o.<\/p>\n\n\n\n<p class=\"wp-block-paragraph\">Al\u00e9m disso, a destina\u00e7\u00e3o de recursos p\u00fablicos deve ser feita com <strong>transpar\u00eancia e efici\u00eancia<\/strong>, garantindo que o investimento seja realmente aplicado para melhorar as condi\u00e7\u00f5es do abrigo e proporcionar uma estrutura digna para os animais que precisam de assist\u00eancia.<\/p>\n\n\n\n<h2 class=\"wp-block-heading\"><strong>Compromisso com a causa animal<\/strong><\/h2>\n\n\n\n<p class=\"wp-block-paragraph\">A vereadora Tatiane Lopes refor\u00e7a a necessidade de <strong>garantir padr\u00f5es adequados para o alojamento, tratamento e reabilita\u00e7\u00e3o dos animais<\/strong>, contribuindo para pol\u00edticas p\u00fablicas mais <strong>humanizadas e sustent\u00e1veis<\/strong>. A expectativa \u00e9 que a Prefeitura se posicione sobre essas quest\u00f5es e forne\u00e7a informa\u00e7\u00f5es detalhadas sobre o andamento do projeto.<\/p>\n\n\n\n<p class=\"wp-block-paragraph\">\ud83d\udce2 <strong>E voc\u00ea, o que acha dessa iniciativa? Deixe seu coment\u00e1rio!<\/strong><\/p>\n","protected":false},"excerpt":{"rendered":"<p>A prote\u00e7\u00e3o e o bem-estar animal s\u00e3o temas cada vez mais presentes nas discuss\u00f5es sobre pol\u00edticas p\u00fablicas. Diante disso, a vereadora Tatiane Lopes (Avante) apresentou um requerimento ao Poder Executivo Municipal solicitando informa\u00e7\u00f5es detalhadas sobre a constru\u00e7\u00e3o do novo pr\u00e9dio do Departamento de Prote\u00e7\u00e3o e Bem-Estar Animal. O projeto ser\u00e1 realizado com recursos provenientes da [&hellip;]<\/p>\n","protected":false},"author":1,"featured_media":25192,"comment_status":"open","ping_status":"open","sticky":false,"template":"","format":"standard","meta":{"_jetpack_newsletter_access":"","_jetpack_dont_email_post_to_subs":false,"_jetpack_newsletter_tier_id":0,"_jetpack_memberships_contains_paywalled_content":false,"_mbp_banners":[],"_jetpack_feature_clip_id":0,"_jetpack_memberships_contains_paid_content":false,"footnotes":"","jetpack_publicize_message":"","jetpack_publicize_feature_enabled":true,"jetpack_social_post_already_shared":true,"jetpack_social_options":{"image_generator_settings":{"template":"highway","default_image_id":0,"font":"","enabled":false},"version":2},"jetpack_post_was_ever_published":false},"categories":[19],"tags":[],"class_list":["post-25191","post","type-post","status-publish","format-standard","has-post-thumbnail","category-politica"],"jetpack_publicize_connections":[],"jetpack-related-posts":[],"jetpack_shortlink":"https:\/\/wp.me\/p7Eq1F-6yj","jetpack_sharing_enabled":true,"jetpack_featured_media_url":"https:\/\/i0.wp.com\/guialimeira.com.br\/news\/wp-content\/uploads\/2025\/02\/vereadora-tatiane-lopes_1.jpg?fit=1280%2C640&ssl=1","_links":{"self":[{"href":"https:\/\/guialimeira.com.br\/news\/wp-json\/wp\/v2\/posts\/25191","targetHints":{"allow":["GET"]}}],"collection":[{"href":"https:\/\/guialimeira.com.br\/news\/wp-json\/wp\/v2\/posts"}],"about":[{"href":"https:\/\/guialimeira.com.br\/news\/wp-json\/wp\/v2\/types\/post"}],"author":[{"embeddable":true,"href":"https:\/\/guialimeira.com.br\/news\/wp-json\/wp\/v2\/users\/1"}],"replies":[{"embeddable":true,"href":"https:\/\/guialimeira.com.br\/news\/wp-json\/wp\/v2\/comments?post=25191"}],"version-history":[{"count":1,"href":"https:\/\/guialimeira.com.br\/news\/wp-json\/wp\/v2\/posts\/25191\/revisions"}],"predecessor-version":[{"id":25193,"href":"https:\/\/guialimeira.com.br\/news\/wp-json\/wp\/v2\/posts\/25191\/revisions\/25193"}],"wp:featuredmedia":[{"embeddable":true,"href":"https:\/\/guialimeira.com.br\/news\/wp-json\/wp\/v2\/media\/25192"}],"wp:attachment":[{"href":"https:\/\/guialimeira.com.br\/news\/wp-json\/wp\/v2\/media?parent=25191"}],"wp:term":[{"taxonomy":"category","embeddable":true,"href":"https:\/\/guialimeira.com.br\/news\/wp-json\/wp\/v2\/categories?post=25191"},{"taxonomy":"post_tag","embeddable":true,"href":"https:\/\/guialimeira.com.br\/news\/wp-json\/wp\/v2\/tags?post=25191"}],"curies":[{"name":"wp","href":"https:\/\/api.w.org\/{rel}","templated":true}]}}