{"id":25188,"date":"2025-02-27T18:01:53","date_gmt":"2025-02-27T21:01:53","guid":{"rendered":"https:\/\/guialimeira.com.br\/?p=25188"},"modified":"2025-02-27T18:01:53","modified_gmt":"2025-02-27T21:01:53","slug":"comissao-de-saude-ouve-secretario-sobre-dividas-da-prefeitura-com-cismetro-falta-de-medicamentos-e-pacientes-nas-filas","status":"publish","type":"post","link":"https:\/\/guialimeira.com.br\/news\/comissao-de-saude-ouve-secretario-sobre-dividas-da-prefeitura-com-cismetro-falta-de-medicamentos-e-pacientes-nas-filas\/","title":{"rendered":"Comiss\u00e3o de Sa\u00fade ouve secret\u00e1rio sobre d\u00edvidas da Prefeitura com Cismetro, falta de medicamentos e pacientes nas filas"},"content":{"rendered":"\n<figure class=\"wp-block-gallery has-nested-images columns-default is-cropped wp-block-gallery-1 is-layout-flex wp-block-gallery-is-layout-flex\"><\/figure>\n \r\n<br><img data-recalc-dims=\"1\" decoding=\"async\" src=\"https:\/\/i0.wp.com\/guialimeira.com.br\/wp-content\/uploads\/2025\/02\/2025-02-27_comissao-de-saude-ouve-secretario-sobre-dividas-da-prefeitura-com-cismetro-falta-de-medic.jpeg?w=696&#038;ssl=1\" \/><br><div>\n\t\t\t\t\t<p>Na manh\u00e3 desta quinta-feira, 27 de fevereiro, a Comiss\u00e3o de Sa\u00fade da C\u00e2mara Municipal de Limeira realizou uma reuni\u00e3o com o secret\u00e1rio Municipal de Sa\u00fade, Alexandre Ferrari, para discutir demandas da sa\u00fade p\u00fablica, como pend\u00eancias financeiras da Prefeitura com o Cismetro Limeira, a falta de medicamentos e o represamento de pacientes nas filas de cirurgias eletivas e exames. O superintendente do Cons\u00f3rcio Intermunicipal de Sa\u00fade, Messias Humberto de Oliveira, tamb\u00e9m foi ouvido.<\/p><p>Participaram do di\u00e1logo os membros da Comiss\u00e3o: Dr. Marcelo Rossi (MDB), presidente; Z\u00e9 da Farm\u00e1cia (Solidariedade), vice-presidente; e Elias Barbosa (PRTB), secret\u00e1rio. O presidente da C\u00e2mara, Everton Ferreira (PSD), esteve presente, assim como os vereadores Waguinho da Santa Luzia (PP), Carlinhos do Grotta (PL), Lu Bogo (PL), Costa Junior (Podemos) e Lem\u00e3o da Jeov\u00e1 Raf\u00e1 (PRTB).\u00a0<\/p><p>A reuni\u00e3o pode ser conferida na \u00edntegra neste <a href=\"https:\/\/youtu.be\/IkIokyjiqe4?si=Mkf1QpavahlGXmCd\" rel=\"noopener\">link<\/a>. O colegiado se re\u00fane todas as quintas-feiras, \u00e0s 9h30, e as delibera\u00e7\u00f5es s\u00e3o registradas em <a href=\"https:\/\/consulta.limeira.sp.leg.br\/arquivo?Id=480190\" rel=\"noopener\">ata<\/a>.<\/p><p><strong>D\u00edvidas<\/strong><\/p><p>A atual situa\u00e7\u00e3o das d\u00edvidas da Prefeitura com o Cismetro foi o primeiro t\u00f3pico abordado pelos vereadores. O Cons\u00f3rcio a qual Limeira faz parte \u00e9 respons\u00e1vel por manter contratos para execu\u00e7\u00e3o de programas, a\u00e7\u00f5es e servi\u00e7os de sa\u00fade, como por exemplo, disponibilidade de m\u00e9dicos e outros profissionais da \u00e1rea.<\/p><p>O secret\u00e1rio afirmou que o prefeito Murilo F\u00e9lix (Podemos) decidiu priorizar a sa\u00fade e antecipar os pagamentos ao Cons\u00f3rcio. Em rela\u00e7\u00e3o a pend\u00eancia de 2024, falta pagar as d\u00edvidas de novembro e de dezembro. Atualmente, o valor devido \u00e9 de R$ 3,5 milh\u00f5es.\u00a0<\/p><p>O vereador Dr. Marcelo Rossi (MDB), que preside a Comiss\u00e3o de Sa\u00fade, questionou sobre a expectativa para o pagamento das d\u00edvidas. O secret\u00e1rio respondeu que a inten\u00e7\u00e3o da pasta \u00e9 liquidar os pagamentos no primeiro semestre de 2025, mas que o prazo depende da situa\u00e7\u00e3o financeira da Prefeitura. Com reuni\u00e3o marcada para o mesmo dia, no per\u00edodo da tarde, ele afirmou que, somente ap\u00f3s esse di\u00e1logo conjunto com a Secretaria de Fazenda, um prazo mais concreto seria definido e comunicado aos vereadores e \u00e0 popula\u00e7\u00e3o.\u00a0\u00a0\u00a0<\/p><p>\u201cTenho certeza que t\u00e3o logo a Prefeitura arrecade, h\u00e1 um horizonte criado para sanar a d\u00edvida e fazer a sa\u00fade no Munic\u00edpio com a gest\u00e3o de um plano coeso, com muita austeridade: executando o servi\u00e7o na medida do recurso que se tem\u201d, avaliou o secret\u00e1rio de Sa\u00fade.\u00a0\u00a0<\/p><p>Segundo Alexandre Ferrari, neste momento, n\u00e3o h\u00e1 nenhum m\u00e9dico do Cismetro deixando de atender.\u00a0\u00a0\u00a0<\/p><p><strong>Cirurgias<\/strong><\/p><p>Outro ponto discutido foi a quest\u00e3o das cirurgias, especialmente as eletivas (podem ser agendadas por n\u00e3o serem consideradas de urg\u00eancia ou emerg\u00eancia), que sofreram um represamento. Um dos motivos \u00e9 a falta de repasse de recursos aos hospitais no in\u00edcio do ano, conforme mencionado por Ferrari. Tamb\u00e9m foi detalhado aos vereadores que a demanda por cirurgias \u00e9 elevada, com cerca de 400 cirurgias de m\u00e9dia complexidade por m\u00eas, o gerado ainda um ac\u00famulo das demandas de exames.<\/p><p>Apesar desse cen\u00e1rio, o secret\u00e1rio salientou que as cirurgias emergenciais e oncol\u00f3gicas continuam ocorrendo sem interrup\u00e7\u00f5es. \u201cAs emergenciais, de alta complexidade, como traumas e oncol\u00f3gicas, s\u00e3o feitas de imediato. O que ocasiona uma demanda e demora s\u00e3o as eletivas, como ortop\u00e9dicas, oftalmol\u00f3gicas, ginecol\u00f3gicas, de m\u00e9dia complexidade\u201d, exemplificou.<\/p><p>A implementa\u00e7\u00e3o da tabela do SUS Paulista tem contribu\u00eddo para a melhoria das filas de espera. Trata-se de um complemento aos pagamentos de procedimentos hospitalares realizados em unidades privadas com ou sem fins lucrativos que prestam servi\u00e7os pelo Sistema \u00danico de Sa\u00fade (SUS). Ferrari descreveu que antes pagava-se antecipadamente por um volume de cirurgias. A ordem mudou para p\u00f3s-pagamento, aplicando-se recursos sobre o que \u00e9 produzido, o que proporciona mais agilidade e controle.<\/p><p><strong>Filas<\/strong><\/p><p>Sobre o tempo m\u00e9dio de espera dos pacientes nas filas para cirurgias eletivas, o secret\u00e1rio respondeu que a gest\u00e3o dos recursos e a nova tabela SUS no estado, permitiu diminuir esse prazo de um ano para seis meses, dependendo da especialidade. \u201cN\u00f3s conseguimos chegar nessa m\u00e9dia, mas essa m\u00e9dia j\u00e1 extrapolou\u201d, disse Ferrari.\u00a0<\/p><p>O vereador Elias Barbosa (PRTB) abordou reclama\u00e7\u00e3o de mun\u00edcipes que chegam a esperar dois anos por uma cirurgia ortop\u00e9dica. Alexandre explicou que essa especialidade cir\u00fargica demanda maior aten\u00e7\u00e3o devido ao alto custo e ao alto volume de casos de urg\u00eancia, como as fraturas causadas por acidentes automobil\u00edsticos, principalmente motocicletas. \u201cVamos ter que enfrentar essas quest\u00f5es para chegar novamente na m\u00e9dia de seis meses\u201d, respondeu o secret\u00e1rio, ao confirmar que h\u00e1 interven\u00e7\u00f5es cir\u00fargicas na \u00e1rea de ortopedia que provocam um tempo de espera de um ano ou mais.\u00a0\u00a0\u00a0\u00a0\u00a0<\/p><p>Em rela\u00e7\u00e3o \u00e0s filas para cirurgias, o presidente da C\u00e2mara, vereador Everton Ferreira (PSD), sugeriu a expans\u00e3o desses procedimentos, visto que atualmente elas s\u00e3o concentradas exclusivamente no hospital Santa Casa. \u201cHoje a demanda da ortopedia \u00e9 direcionada para uma \u00fanica unidade, a Santa Casa. E a expans\u00e3o dos atendimentos n\u00e3o se trata somente de dinheiro, trata-se de estrutura, que ela n\u00e3o consegue dar conta. Limeira precisa pensar em outra forma de dar vaz\u00e3o \u00e0 ortopedia na cidade, seja por meio de uma abertura na Humanit\u00e1ria ou de uma terceiriza\u00e7\u00e3o de um parceiro externo\u201d, avaliou.\u00a0<\/p><p><strong>Recurso em caixa\u00a0<\/strong><\/p><p>O secret\u00e1rio sinalizou que h\u00e1 um plano para realizar essas cirurgias no hospital Humanit\u00e1ria. \u201cEm regime de expans\u00e3o, j\u00e1 podemos fazer as cirurgias na Humanit\u00e1ria. N\u00f3s temos recursos em caixa, na ordem de R$ 400 mil, para o come\u00e7o e com possibilidade de aumentar; para fazer cirurgias ortop\u00e9dicas de m\u00e9dia complexidade na Humanit\u00e1ria, em detrimento do seu credenciamento de ortop\u00e9dica\u201d, comunicou Ferrari, complementado que essa disponibilidade de recurso se deve \u00e0 excepcionalidade e necessidade de fazer cirurgias ortop\u00e9dicas.\u00a0<\/p><p>Contudo, o secret\u00e1rio alertou que a institui\u00e7\u00e3o precisa apresentar, at\u00e9 sexta-feira, 28 de fevereiro, um cronograma de realiza\u00e7\u00e3o das cirurgias. \u201cSob pena de a gente ter que devolver essa verba para o Estado e o Estado para a Uni\u00e3o\u201d, salientou Ferrari, que est\u00e1 em di\u00e1logo com a administra\u00e7\u00e3o do hospital Humanit\u00e1ria, na tentativa de evitar a perda dos recursos financeiros destinados a reduzir a fila de pacientes \u00e0 espera da cirurgia ortop\u00e9dica de m\u00e9dia complexidade.\u00a0\u00a0<\/p><p>Por fim, o secret\u00e1rio comentou a proposta de cria\u00e7\u00e3o de uma tabela municipal para custeio de produ\u00e7\u00e3o para cirurgias, em formato similar ao adotado pelo SUS Paulista. A medida, para ele, pode ajudar a melhorar a organiza\u00e7\u00e3o e a realiza\u00e7\u00e3o dessas interven\u00e7\u00f5es no Munic\u00edpio.<\/p><p><strong>Medicamentos\u00a0<\/strong><\/p><p>O vereador Z\u00e9 da Farm\u00e1cia (Solidariedade) questionou a falta de medicamento de uso cont\u00ednuo e se h\u00e1 previs\u00e3o de regularizar a situa\u00e7\u00e3o. O secret\u00e1rio assegurou que a situa\u00e7\u00e3o come\u00e7ou a ser regularizada e que a quantidade de itens faltando chegou a cerca de 30. O primeiro prazo da Prefeitura para regulariza\u00e7\u00e3o da falta de medicamentos seria at\u00e9 o final de fevereiro, mas se estendeu para o fim da primeira quinzena de mar\u00e7o.\u00a0<\/p><p>Sobre o processo de compra, Alexandre respondeu que por muito tempo funcionou por ata de registro de pre\u00e7os, uma modalidade de contrata\u00e7\u00e3o de fornecedores. O Munic\u00edpio chegou a fazer tr\u00eas grandes compras a cada quadrimestre, mas para fazer essa compra \u00e9 necess\u00e1rio recursos, conforme apontado pelo secret\u00e1rio. \u201cPara pedir o medicamento \u00e9 necess\u00e1rio o empenho, ent\u00e3o essa compra funciona quando se tem recursos e funcionou perfeitamente at\u00e9 a pandemia, ap\u00f3s a pandemia o valor dos medicamentos subiu\u201d, contextualizou. Foi informado ainda aos vereadores que, no ano passado, n\u00e3o foram realizadas tr\u00eas, mas apenas duas grandes compras. \u201cA falta de recursos da Secretaria atrapalhou a compra de medicamentos\u201d, considerou.\u00a0<\/p><p>Um dado favor\u00e1vel para o munic\u00edpio compartilhado por Ferrari \u00e9 que o Governo Federal vai incorporar 11 medicamentos que antes eram fornecidos pelo Munic\u00edpio, mas que estar\u00e3o agora dispon\u00edveis gratuitamente no programa Farm\u00e1cia Popular. Com essa incorpora\u00e7\u00e3o, haver\u00e1 uma \u201csobra\u201d de quase 1 milh\u00e3o de medicamentos por ano no estoque para realoca\u00e7\u00e3o de outros itens na rede municipal.\u00a0<\/p><p><strong>Cismetro<\/strong><\/p><p>O superintendente do Cons\u00f3rcio Intermunicipal de Sa\u00fade da Regi\u00e3o Metropolitana de Piracicaba &#8211; Cismetro Limeira, Messias Humberto de Oliveira, dialogou com os vereadores, explicando o funcionamento dos contratos e a import\u00e2ncia dos servi\u00e7os prestados. O Cons\u00f3rcio funciona desde 2022, ap\u00f3s aprova\u00e7\u00e3o da <a href=\"https:\/\/legislacao.limeira.sp.leg.br\/Limeira-SP\/LeisOrdinarias\/6800-2022\" rel=\"noopener\">Lei Ordin\u00e1ria N\u00ba 6.800\/2022<\/a>, na C\u00e2mara Municipal.\u00a0<\/p><p>O cons\u00f3rcio permite que sejam firmados conv\u00eanios e termos de coopera\u00e7\u00e3o com pessoas jur\u00eddicas de direito p\u00fablico ou privado. Hoje h\u00e1 em m\u00e9dia 100 empresas contratadas para prestar algum tipo servi\u00e7o de sa\u00fade em Limeira. \u00c9 a partir desse tipo de gest\u00e3o, por exemplo, que s\u00e3o contratados m\u00e9dicos, psic\u00f3logos, terapeutas ocupacionais e outros profissionais que atendem mun\u00edcipes em Unidades B\u00e1sicas de Sa\u00fade (UBSs), Unidades de Pronto-Atendimento (UPAs) entre outros equipamentos da rede municipal.<\/p>\t\t\t\t<\/div>\r\n<br>\r\n<br><a href=\"https:\/\/www.limeira.sp.leg.br\/noticias\/view\/2025-02-27_comissao-de-saude-ouve-secretario-sobre-dividas-da-prefeitura-com-cismetro-falta-de-medicamentos-e-pacientes-nas-filas\" rel=\"noopener\">Informa\u00e7\u00f5es CML <\/a>","protected":false},"excerpt":{"rendered":"<p>Na manh\u00e3 desta quinta-feira, 27 de fevereiro, a Comiss\u00e3o de Sa\u00fade da C\u00e2mara Municipal de Limeira realizou uma reuni\u00e3o com o secret\u00e1rio Municipal de Sa\u00fade, Alexandre Ferrari, para discutir demandas da sa\u00fade p\u00fablica, como pend\u00eancias financeiras da Prefeitura com o Cismetro Limeira, a falta de medicamentos e o represamento de pacientes nas filas de cirurgias [&hellip;]<\/p>\n","protected":false},"author":1,"featured_media":25189,"comment_status":"open","ping_status":"open","sticky":false,"template":"","format":"standard","meta":{"_jetpack_newsletter_access":"","_jetpack_dont_email_post_to_subs":false,"_jetpack_newsletter_tier_id":0,"_jetpack_memberships_contains_paywalled_content":false,"_mbp_banners":[],"_jetpack_feature_clip_id":0,"_jetpack_memberships_contains_paid_content":false,"footnotes":"","jetpack_publicize_message":"","jetpack_publicize_feature_enabled":true,"jetpack_social_post_already_shared":true,"jetpack_social_options":{"image_generator_settings":{"template":"highway","default_image_id":0,"font":"","enabled":false},"version":2},"jetpack_post_was_ever_published":false},"categories":[19],"tags":[],"class_list":["post-25188","post","type-post","status-publish","format-standard","has-post-thumbnail","category-politica"],"jetpack_publicize_connections":[],"jetpack-related-posts":[],"jetpack_shortlink":"https:\/\/wp.me\/p7Eq1F-6yg","jetpack_sharing_enabled":true,"jetpack_featured_media_url":"https:\/\/i0.wp.com\/guialimeira.com.br\/news\/wp-content\/uploads\/2025\/02\/Comissao-de-Saude-ouve-secretario-sobre-dividas-da-Prefeitura-com.jpeg?fit=1280%2C640&ssl=1","_links":{"self":[{"href":"https:\/\/guialimeira.com.br\/news\/wp-json\/wp\/v2\/posts\/25188","targetHints":{"allow":["GET"]}}],"collection":[{"href":"https:\/\/guialimeira.com.br\/news\/wp-json\/wp\/v2\/posts"}],"about":[{"href":"https:\/\/guialimeira.com.br\/news\/wp-json\/wp\/v2\/types\/post"}],"author":[{"embeddable":true,"href":"https:\/\/guialimeira.com.br\/news\/wp-json\/wp\/v2\/users\/1"}],"replies":[{"embeddable":true,"href":"https:\/\/guialimeira.com.br\/news\/wp-json\/wp\/v2\/comments?post=25188"}],"version-history":[{"count":1,"href":"https:\/\/guialimeira.com.br\/news\/wp-json\/wp\/v2\/posts\/25188\/revisions"}],"predecessor-version":[{"id":25190,"href":"https:\/\/guialimeira.com.br\/news\/wp-json\/wp\/v2\/posts\/25188\/revisions\/25190"}],"wp:featuredmedia":[{"embeddable":true,"href":"https:\/\/guialimeira.com.br\/news\/wp-json\/wp\/v2\/media\/25189"}],"wp:attachment":[{"href":"https:\/\/guialimeira.com.br\/news\/wp-json\/wp\/v2\/media?parent=25188"}],"wp:term":[{"taxonomy":"category","embeddable":true,"href":"https:\/\/guialimeira.com.br\/news\/wp-json\/wp\/v2\/categories?post=25188"},{"taxonomy":"post_tag","embeddable":true,"href":"https:\/\/guialimeira.com.br\/news\/wp-json\/wp\/v2\/tags?post=25188"}],"curies":[{"name":"wp","href":"https:\/\/api.w.org\/{rel}","templated":true}]}}