{"id":25170,"date":"2025-02-27T17:01:04","date_gmt":"2025-02-27T20:01:04","guid":{"rendered":"https:\/\/guialimeira.com.br\/?p=25170"},"modified":"2025-02-27T17:01:04","modified_gmt":"2025-02-27T20:01:04","slug":"comissao-de-direitos-humanos-acolhe-denuncia-de-injuria-racial-em-limeira-e-agenda-oitiva","status":"publish","type":"post","link":"https:\/\/guialimeira.com.br\/news\/comissao-de-direitos-humanos-acolhe-denuncia-de-injuria-racial-em-limeira-e-agenda-oitiva\/","title":{"rendered":"Comiss\u00e3o de Direitos Humanos acolhe den\u00fancia de inj\u00faria racial em Limeira e agenda oitiva"},"content":{"rendered":"\n<figure class=\"wp-block-gallery has-nested-images columns-default is-cropped wp-block-gallery-1 is-layout-flex wp-block-gallery-is-layout-flex\"><\/figure>\n \r\n<br><img data-recalc-dims=\"1\" decoding=\"async\" src=\"https:\/\/i0.wp.com\/guialimeira.com.br\/wp-content\/uploads\/2025\/02\/2025-02-27_comissao-de-direitos-humanos-acolhe-denuncia-de-injuria-racial-em-limeira-e-agenda-oitiva.jpeg?w=696&#038;ssl=1\" \/><br><div>\n\t\t\t\t\t<p>A Comiss\u00e3o de Defesa dos Direitos Humanos agendou para o dia 13 de mar\u00e7o, \u00e0s 10h30, uma reuni\u00e3o para acolher den\u00fancias de inj\u00faria racial sofrida em um restaurante no bairro dos Pires. Quatro pessoas ser\u00e3o ouvidas pelos colegiado, conforme deliberado em<a href=\"https:\/\/consulta.limeira.sp.leg.br\/arquivo?Id=480151\" rel=\"noopener\"> ata<\/a>.\u00a0<\/p><p>A identifica\u00e7\u00e3o dos nomes das pessoas \u00e9 preservada em raz\u00e3o de as apura\u00e7\u00f5es estarem em andamento. Os relatos sobre a ocorr\u00eancia foram apresentados ao colegiado pela vereadora Isabelly Carvalho (PT).\u00a0\u00a0<\/p><p><strong>Sobre o colegiado<\/strong><\/p><p>Fazem parte da Comiss\u00e3o o vereador Sidney Pascotto (PRTB), presidente; a vereadora Isabelly Carvalho, vice-presidente, e o vereador Carlinhos do Grotta (PL), secret\u00e1rio.\u00a0\u00a0<\/p><p>A Comiss\u00e3o de Defesa dos Direitos Humanos \u00e9 respons\u00e1vel por analisar proposituras voltadas \u00e0s tem\u00e1ticas abrangidas pelo colegiado, bem como acolher e investigar den\u00fancias de viola\u00e7\u00f5es de direitos e fiscalizar as a\u00e7\u00f5es voltadas \u00e0 prote\u00e7\u00e3o de direitos, sejam individuais, coletivos ou do consumidor.<\/p><p>\u00a0<\/p>\t\t\t\t<\/div>\r\n<br>\r\n<br><a href=\"https:\/\/www.limeira.sp.leg.br\/noticias\/view\/2025-02-27_comissao-de-direitos-humanos-acolhe-denuncia-de-injuria-racial-em-limeira-e-agenda-oitiva\" rel=\"noopener\">Informa\u00e7\u00f5es CML <\/a>","protected":false},"excerpt":{"rendered":"<p>A Comiss\u00e3o de Defesa dos Direitos Humanos agendou para o dia 13 de mar\u00e7o, \u00e0s 10h30, uma reuni\u00e3o para acolher den\u00fancias de inj\u00faria racial sofrida em um restaurante no bairro dos Pires. Quatro pessoas ser\u00e3o ouvidas pelos colegiado, conforme deliberado em ata.\u00a0 A identifica\u00e7\u00e3o dos nomes das pessoas \u00e9 preservada em raz\u00e3o de as apura\u00e7\u00f5es [&hellip;]<\/p>\n","protected":false},"author":1,"featured_media":25171,"comment_status":"open","ping_status":"open","sticky":false,"template":"","format":"standard","meta":{"_jetpack_newsletter_access":"","_jetpack_dont_email_post_to_subs":false,"_jetpack_newsletter_tier_id":0,"_jetpack_memberships_contains_paywalled_content":false,"_mbp_banners":[],"_jetpack_feature_clip_id":0,"_jetpack_memberships_contains_paid_content":false,"footnotes":"","jetpack_publicize_message":"","jetpack_publicize_feature_enabled":true,"jetpack_social_post_already_shared":true,"jetpack_social_options":{"image_generator_settings":{"template":"highway","default_image_id":0,"font":"","enabled":false},"version":2},"jetpack_post_was_ever_published":false},"categories":[19],"tags":[],"class_list":["post-25170","post","type-post","status-publish","format-standard","has-post-thumbnail","category-politica"],"jetpack_publicize_connections":[],"jetpack-related-posts":[],"jetpack_shortlink":"https:\/\/wp.me\/p7Eq1F-6xY","jetpack_sharing_enabled":true,"jetpack_featured_media_url":"https:\/\/i0.wp.com\/guialimeira.com.br\/news\/wp-content\/uploads\/2025\/02\/Comissao-de-Direitos-Humanos-acolhe-denuncia-de-injuria-racial-em.jpeg?fit=1280%2C640&ssl=1","_links":{"self":[{"href":"https:\/\/guialimeira.com.br\/news\/wp-json\/wp\/v2\/posts\/25170","targetHints":{"allow":["GET"]}}],"collection":[{"href":"https:\/\/guialimeira.com.br\/news\/wp-json\/wp\/v2\/posts"}],"about":[{"href":"https:\/\/guialimeira.com.br\/news\/wp-json\/wp\/v2\/types\/post"}],"author":[{"embeddable":true,"href":"https:\/\/guialimeira.com.br\/news\/wp-json\/wp\/v2\/users\/1"}],"replies":[{"embeddable":true,"href":"https:\/\/guialimeira.com.br\/news\/wp-json\/wp\/v2\/comments?post=25170"}],"version-history":[{"count":1,"href":"https:\/\/guialimeira.com.br\/news\/wp-json\/wp\/v2\/posts\/25170\/revisions"}],"predecessor-version":[{"id":25172,"href":"https:\/\/guialimeira.com.br\/news\/wp-json\/wp\/v2\/posts\/25170\/revisions\/25172"}],"wp:featuredmedia":[{"embeddable":true,"href":"https:\/\/guialimeira.com.br\/news\/wp-json\/wp\/v2\/media\/25171"}],"wp:attachment":[{"href":"https:\/\/guialimeira.com.br\/news\/wp-json\/wp\/v2\/media?parent=25170"}],"wp:term":[{"taxonomy":"category","embeddable":true,"href":"https:\/\/guialimeira.com.br\/news\/wp-json\/wp\/v2\/categories?post=25170"},{"taxonomy":"post_tag","embeddable":true,"href":"https:\/\/guialimeira.com.br\/news\/wp-json\/wp\/v2\/tags?post=25170"}],"curies":[{"name":"wp","href":"https:\/\/api.w.org\/{rel}","templated":true}]}}