{"id":25150,"date":"2025-02-27T14:58:58","date_gmt":"2025-02-27T17:58:58","guid":{"rendered":"https:\/\/guialimeira.com.br\/?p=25150"},"modified":"2025-02-27T14:58:58","modified_gmt":"2025-02-27T17:58:58","slug":"comissao-agenda-reuniao-conjunta-com-secretarias-e-ceprosom-sobre-centros-comunitarios","status":"publish","type":"post","link":"https:\/\/guialimeira.com.br\/news\/comissao-agenda-reuniao-conjunta-com-secretarias-e-ceprosom-sobre-centros-comunitarios\/","title":{"rendered":"Comiss\u00e3o agenda reuni\u00e3o conjunta com secretarias e Ceprosom sobre centros comunit\u00e1rios"},"content":{"rendered":"\n<figure class=\"wp-block-gallery has-nested-images columns-default is-cropped wp-block-gallery-1 is-layout-flex wp-block-gallery-is-layout-flex\"><\/figure>\n \r\n<br><img data-recalc-dims=\"1\" decoding=\"async\" src=\"https:\/\/i0.wp.com\/guialimeira.com.br\/wp-content\/uploads\/2025\/02\/2025-02-27_comissao-agenda-reuniao-conjunta-com-secretarias-e-ceprosom-sobre-centros-comunitarios_1..jpeg?w=696&#038;ssl=1\" \/><br><div>\n\t\t\t\t\t<p>Nesta quinta-feira, 27 de fevereiro, a Comiss\u00e3o de Esporte, Cultura e Lazer deliberou convidar os secret\u00e1rios municipais, Julio Florindo (Esporte e Lazer), Siddhartha Le\u00e3o (Seguran\u00e7a P\u00fablica), al\u00e9m de um representante do Centro de Promo\u00e7\u00e3o Social e Municipal de Limeira (Ceprosom), para participarem de reuni\u00e3o conjunta sobre o funcionamento dos centros comunit\u00e1rios. Ser\u00e1 no dia 13 de mar\u00e7o, \u00e0s 8h, na C\u00e2mara. As delibera\u00e7\u00f5es constam na<a href=\"https:\/\/consulta.limeira.sp.leg.br\/arquivo?Id=480060\" rel=\"noopener\"> ata<\/a>.<\/p><p>A gest\u00e3o dos servi\u00e7os prestados nos centros comunit\u00e1rios tem sido alvo de preocupa\u00e7\u00e3o por parte dos vereadores.\u00a0 Por ser um espa\u00e7o f\u00edsico destinado \u00e0 integra\u00e7\u00e3o e ao desenvolvimento da comunidade local com atividades esportivas e de lazer, a Comiss\u00e3o est\u00e1 levantando as principais demandas da popula\u00e7\u00e3o e busca aprimorar o funcionamento desses equipamentos p\u00fablicos.\u00a0<\/p><p>Na semana passada, o colegiado fiscalizou <a href=\"https:\/\/www.limeira.sp.leg.br\/noticias\/view\/2025-02-21_comissoes-de-esporte-e-de-seguranca-fazem-diligencia-no-centro-comunitario-do-parque-hipolito\" rel=\"noopener\">o funcionamento do Centro Comunit\u00e1rio Jo\u00e3o Mofato<\/a>, situado no Parque Hip\u00f3lito. A visita gerou um relat\u00f3rio t\u00e9cnico da Consultoria T\u00e9cnica Especializada da Casa, que considerou problemas cr\u00f4nicos identificados no funcionamento do Centro Comunit\u00e1rio, como a aus\u00eancia de uma gest\u00e3o centralizada e a seguran\u00e7a do pr\u00f3prio p\u00fablico.<\/p><p>Conforme observado pelos vereadores na visita e apontado no documento, \u201cn\u00e3o existe uma a\u00e7\u00e3o coordenada entre as diversas Secretarias e entidades que ali atuam lotando seus profissionais, o que reflete, consequentemente, na desorganiza\u00e7\u00e3o do funcionamento interno do Centro Comunit\u00e1rio\u201d. Uma c\u00f3pia do relat\u00f3rio ser\u00e1 encaminhada \u00e0s secretarias competentes para ci\u00eancia dos apontamentos.\u00a0<\/p><p>Algumas das necessidades levantadas tamb\u00e9m geraram requerimentos para que a Prefeitura as esclare\u00e7a. Segundo a Comiss\u00e3o, a finalidade \u00e9, por meio do di\u00e1logo e dos pedidos de informa\u00e7\u00f5es, melhorar as condi\u00e7\u00f5es para a pr\u00e1tica esportiva e garantir a seguran\u00e7a dos usu\u00e1rios desses espa\u00e7os.\u00a0\u00a0<\/p><p><strong>Limpeza das piscinas\u00a0\u00a0\u00a0<\/strong><\/p><p>A Comiss\u00e3o deliberou pela expedi\u00e7\u00e3o de of\u00edcio ao Poder Executivo solicitando informa\u00e7\u00f5es sobre a falta de servidores respons\u00e1veis pela limpeza das piscinas p\u00fablicas e de um cronograma de manuten\u00e7\u00e3o regular nos centros comunit\u00e1rios, conforme reclamado por alunos de hidrogin\u00e1stica e nata\u00e7\u00e3o que tiveram as aulas prejudicadas.\u00a0<\/p><p>Sobre essa quest\u00e3o, os parlamentares solicitaram informa\u00e7\u00f5es: se existe um cronograma organizado para a limpeza das piscinas p\u00fablicas, e, em caso afirmativo, que seja encaminhada uma c\u00f3pia do cronograma.\u00a0\u00a0\u00a0<\/p><p>Os membros querem ainda saber se, diante da falta de servidores, seria poss\u00edvel a contrata\u00e7\u00e3o emergencial de empresa privada para realizar o servi\u00e7o.\u00a0<\/p><p><strong>Primeiros socorros<\/strong><\/p><p>A Comiss\u00e3o tomou conhecimento de que n\u00e3o h\u00e1 kits de primeiros socorros nos centros comunit\u00e1rios. Eles solicitaram ao Executivo que esclare\u00e7a os motivos para n\u00e3o haver disponibilidade desses materiais e se h\u00e1 capacita\u00e7\u00e3o de profissionais para o uso adequado dos kits.<\/p><p><strong>Conselho Municipal de Esporte e Lazer<\/strong><\/p><p>Outro tema abordado foi relativo \u00e0 Lei<a href=\"https:\/\/legislacao.limeira.sp.leg.br\/Limeira-SP\/LeisOrdinarias\/5207-2013\" rel=\"noopener\"> Municipal N\u00ba 5.207\/2013<\/a>, que instituiu o Conselho Municipal de Esporte e Lazer. Em raz\u00e3o da exist\u00eancia dela, foi deliberado o envio de um of\u00edcio \u00e0 Prefeitura com questionamentos:<\/p><ul><li>A Lei j\u00e1 foi regulamentada ou est\u00e1 em processo de regulamenta\u00e7\u00e3o?<\/li><li>O Conselho Municipal de Esporte e Lazer foi efetivamente institu\u00eddo no Munic\u00edpio?<\/li><li>Houve a elabora\u00e7\u00e3o do estatuto do Conselho Municipal de Esporte? Caso afirmativo, quando ser\u00e1 implementado?<\/li><li>Se o Conselho j\u00e1 foi criado, quais atividades j\u00e1 foram desenvolvidas? Caso contr\u00e1rio, existe um cronograma para a implementa\u00e7\u00e3o de suas atividades e quais os pr\u00f3ximos passos para sua regulamenta\u00e7\u00e3o, elei\u00e7\u00e3o dos conselheiros e formaliza\u00e7\u00e3o de sua estrutura?<\/li><li>Quais s\u00e3o as fontes de financiamento e or\u00e7amentos destinados ao Conselho Municipal de Esporte? J\u00e1 houve repasse de recursos? Existe algum fundo espec\u00edfico criado para apoiar as atividades do Conselho?<\/li><\/ul><p><strong>A Comiss\u00e3o<\/strong><\/p><p>Fazem parte da Comiss\u00e3o de Esporte, Cultura e Turismo: Guilherme Guido (PL), presidente; Costa Junior (Podemos), vice-presidente; e Waguinho da Santa Luzia (PP), secret\u00e1rio.<\/p><p>\u00c9 de compet\u00eancia deste colegiado opinar sobre proposi\u00e7\u00f5es, promover debates, semin\u00e1rios e a\u00e7\u00f5es educativas que visem a identificar problemas e propor solu\u00e7\u00f5es para o fortalecimento e a melhoria das pol\u00edticas p\u00fablicas locais nas \u00e1reas de esporte, lazer, cultura e turismo, al\u00e9m de fiscalizar, acompanhar e avaliar a efetividade de programas governamentais, estudar e propor pol\u00edticas p\u00fablicas aptas a proporcionar melhoria de qualidade de vida aos mun\u00edcipes e bem-estar nessas \u00e1reas.<\/p>\t\t\t\t<\/div>\r\n<br>\r\n<br><a href=\"https:\/\/www.limeira.sp.leg.br\/noticias\/view\/2025-02-27_comissao-agenda-reuniao-conjunta-com-secretarias-e-ceprosom-sobre-centros-comunitarios\" rel=\"noopener\">Informa\u00e7\u00f5es CML <\/a>","protected":false},"excerpt":{"rendered":"<p>Nesta quinta-feira, 27 de fevereiro, a Comiss\u00e3o de Esporte, Cultura e Lazer deliberou convidar os secret\u00e1rios municipais, Julio Florindo (Esporte e Lazer), Siddhartha Le\u00e3o (Seguran\u00e7a P\u00fablica), al\u00e9m de um representante do Centro de Promo\u00e7\u00e3o Social e Municipal de Limeira (Ceprosom), para participarem de reuni\u00e3o conjunta sobre o funcionamento dos centros comunit\u00e1rios. Ser\u00e1 no dia 13 [&hellip;]<\/p>\n","protected":false},"author":1,"featured_media":25151,"comment_status":"open","ping_status":"open","sticky":false,"template":"","format":"standard","meta":{"_jetpack_newsletter_access":"","_jetpack_dont_email_post_to_subs":false,"_jetpack_newsletter_tier_id":0,"_jetpack_memberships_contains_paywalled_content":false,"_mbp_banners":[],"_jetpack_feature_clip_id":0,"_jetpack_memberships_contains_paid_content":false,"footnotes":"","jetpack_publicize_message":"","jetpack_publicize_feature_enabled":true,"jetpack_social_post_already_shared":true,"jetpack_social_options":{"image_generator_settings":{"template":"highway","default_image_id":0,"font":"","enabled":false},"version":2},"jetpack_post_was_ever_published":false},"categories":[19],"tags":[],"class_list":["post-25150","post","type-post","status-publish","format-standard","has-post-thumbnail","category-politica"],"jetpack_publicize_connections":[],"jetpack-related-posts":[],"jetpack_shortlink":"https:\/\/wp.me\/p7Eq1F-6xE","jetpack_sharing_enabled":true,"jetpack_featured_media_url":"https:\/\/i0.wp.com\/guialimeira.com.br\/news\/wp-content\/uploads\/2025\/02\/Comissao-agenda-reuniao-conjunta-com-secretarias-e-Ceprosom-sobre-centros.jpeg?fit=1280%2C640&ssl=1","_links":{"self":[{"href":"https:\/\/guialimeira.com.br\/news\/wp-json\/wp\/v2\/posts\/25150","targetHints":{"allow":["GET"]}}],"collection":[{"href":"https:\/\/guialimeira.com.br\/news\/wp-json\/wp\/v2\/posts"}],"about":[{"href":"https:\/\/guialimeira.com.br\/news\/wp-json\/wp\/v2\/types\/post"}],"author":[{"embeddable":true,"href":"https:\/\/guialimeira.com.br\/news\/wp-json\/wp\/v2\/users\/1"}],"replies":[{"embeddable":true,"href":"https:\/\/guialimeira.com.br\/news\/wp-json\/wp\/v2\/comments?post=25150"}],"version-history":[{"count":1,"href":"https:\/\/guialimeira.com.br\/news\/wp-json\/wp\/v2\/posts\/25150\/revisions"}],"predecessor-version":[{"id":25152,"href":"https:\/\/guialimeira.com.br\/news\/wp-json\/wp\/v2\/posts\/25150\/revisions\/25152"}],"wp:featuredmedia":[{"embeddable":true,"href":"https:\/\/guialimeira.com.br\/news\/wp-json\/wp\/v2\/media\/25151"}],"wp:attachment":[{"href":"https:\/\/guialimeira.com.br\/news\/wp-json\/wp\/v2\/media?parent=25150"}],"wp:term":[{"taxonomy":"category","embeddable":true,"href":"https:\/\/guialimeira.com.br\/news\/wp-json\/wp\/v2\/categories?post=25150"},{"taxonomy":"post_tag","embeddable":true,"href":"https:\/\/guialimeira.com.br\/news\/wp-json\/wp\/v2\/tags?post=25150"}],"curies":[{"name":"wp","href":"https:\/\/api.w.org\/{rel}","templated":true}]}}