{"id":25121,"date":"2025-02-27T10:45:48","date_gmt":"2025-02-27T13:45:48","guid":{"rendered":"https:\/\/guialimeira.com.br\/2025\/02\/27\/taxa-de-desemprego-sobe-para-65-no-trimestre-encerrado-em-janeiro\/"},"modified":"2025-02-27T10:45:48","modified_gmt":"2025-02-27T13:45:48","slug":"taxa-de-desemprego-sobe-para-65-no-trimestre-encerrado-em-janeiro","status":"publish","type":"post","link":"https:\/\/guialimeira.com.br\/news\/taxa-de-desemprego-sobe-para-65-no-trimestre-encerrado-em-janeiro\/","title":{"rendered":"Taxa de desemprego sobe para 6,5% no trimestre encerrado em janeiro"},"content":{"rendered":"<p> <br \/>\n<\/p>\n<div>\n<p>A taxa de desocupa\u00e7\u00e3o ficou em 6,5% no trimestre encerrado em janeiro deste ano, portanto acima dos 6,2% apurados no trimestre anterior (encerrado em outubro de 2024). Os dados s\u00e3o da Pesquisa Nacional pro Amostra de Domic\u00edlios (Pnad) Cont\u00ednua, divulgada nesta quinta-feira (27), pelo Instituto Brasileiro de Geografia e Estat\u00edstica (IBGE).<img data-recalc-dims=\"1\" decoding=\"async\" src=\"https:\/\/i0.wp.com\/agenciabrasil.ebc.com.br\/ebc.png?w=696&#038;ssl=1\" style=\"width:1px; height:1px; display:inline;\"\/><img data-recalc-dims=\"1\" decoding=\"async\" src=\"https:\/\/i0.wp.com\/agenciabrasil.ebc.com.br\/ebc.gif?w=696&#038;ssl=1\" style=\"width:1px; height:1px; display:inline;\"\/><\/p>\n<p><strong>Esta \u00e9 a segunda alta consecutiva do indicador, depois de registrar o menor patamar da s\u00e9rie hist\u00f3rica (iniciada em 2012), no trimestre encerrado novembro do ano passado (9,1%).<\/strong><\/p>\n<p>Mesmo com a alta na compara\u00e7\u00e3o trimestral, a taxa de desemprego est\u00e1 abaixo da observada no trimestre encerrado em janeiro de 2024 (7,4%), de acordo com o IBGE.<\/p>\n<p><strong>A popula\u00e7\u00e3o desocupada ficou em 7,2 milh\u00f5es no trimestre encerrado em janeiro deste ano, ou seja, uma alta de 5,3% (mais 400 mil pessoas) em rela\u00e7\u00e3o ao trimestre anterior.<\/strong> Na compara\u00e7\u00e3o anual, ou seja, na compara\u00e7\u00e3o com o trimestre encerrado em janeiro do ano passado, houve uma queda de 13,1% (menos 1,1 milh\u00e3o de pessoas).<\/p>\n<p><strong>A popula\u00e7\u00e3o ocupada (103 milh\u00f5es) ficou 0,6% abaixo da observada no trimestre anterior (menos 641 mil pessoas) e 2,4% acima da apurada em janeiro de 2024 (mais 2,4 milh\u00f5es de pessoas).<\/strong><\/p>\n<p>O rendimento real habitual\u00a0de todos os trabalhos (R$ 3.343) cresceu 1,4% no trimestre e 3,7% no ano. A massa de rendimento real habitual\u00a0(R$ 339,5 bilh\u00f5es) ficou est\u00e1vel no trimestre e aumentou 6,2% (mais R$ 19,9 bilh\u00f5es) no ano.<\/p>\n<p>      <!-- Relacionada --><\/p>\n<p>            <!-- Relacionada -->\n    <\/div>\n<p><br \/>\n<br \/><a href=\"https:\/\/agenciabrasil.ebc.com.br\/economia\/noticia\/2025-02\/taxa-de-desemprego-sobe-para-65-no-trimestre-encerrado-em-janeiro\" rel=\"noopener\">Ag\u00eancia Brasil<\/a><\/p>\n","protected":false},"excerpt":{"rendered":"<p>A taxa de desocupa\u00e7\u00e3o ficou em 6,5% no trimestre encerrado em janeiro deste ano, portanto acima dos 6,2% apurados no trimestre anterior (encerrado em outubro de 2024). Os dados s\u00e3o da Pesquisa Nacional pro Amostra de Domic\u00edlios (Pnad) Cont\u00ednua, divulgada nesta quinta-feira (27), pelo Instituto Brasileiro de Geografia e Estat\u00edstica (IBGE). Esta \u00e9 a segunda [&hellip;]<\/p>\n","protected":false},"author":1,"featured_media":6877,"comment_status":"open","ping_status":"open","sticky":false,"template":"","format":"standard","meta":{"_jetpack_newsletter_access":"","_jetpack_dont_email_post_to_subs":false,"_jetpack_newsletter_tier_id":0,"_jetpack_memberships_contains_paywalled_content":false,"_mbp_banners":[],"_jetpack_feature_clip_id":0,"_jetpack_memberships_contains_paid_content":false,"footnotes":"","jetpack_publicize_message":"","jetpack_publicize_feature_enabled":true,"jetpack_social_post_already_shared":true,"jetpack_social_options":{"image_generator_settings":{"template":"highway","default_image_id":0,"font":"","enabled":false},"version":2},"jetpack_post_was_ever_published":false},"categories":[24],"tags":[],"class_list":["post-25121","post","type-post","status-publish","format-standard","has-post-thumbnail","category-economia"],"jetpack_publicize_connections":[],"jetpack-related-posts":[],"jetpack_shortlink":"https:\/\/wp.me\/p7Eq1F-6xb","jetpack_sharing_enabled":true,"jetpack_featured_media_url":"https:\/\/i0.wp.com\/guialimeira.com.br\/news\/wp-content\/uploads\/2024\/05\/01_carteira_de_trabalho2.jpg?fit=1600%2C800&ssl=1","_links":{"self":[{"href":"https:\/\/guialimeira.com.br\/news\/wp-json\/wp\/v2\/posts\/25121","targetHints":{"allow":["GET"]}}],"collection":[{"href":"https:\/\/guialimeira.com.br\/news\/wp-json\/wp\/v2\/posts"}],"about":[{"href":"https:\/\/guialimeira.com.br\/news\/wp-json\/wp\/v2\/types\/post"}],"author":[{"embeddable":true,"href":"https:\/\/guialimeira.com.br\/news\/wp-json\/wp\/v2\/users\/1"}],"replies":[{"embeddable":true,"href":"https:\/\/guialimeira.com.br\/news\/wp-json\/wp\/v2\/comments?post=25121"}],"version-history":[{"count":0,"href":"https:\/\/guialimeira.com.br\/news\/wp-json\/wp\/v2\/posts\/25121\/revisions"}],"wp:featuredmedia":[{"embeddable":true,"href":"https:\/\/guialimeira.com.br\/news\/wp-json\/wp\/v2\/media\/6877"}],"wp:attachment":[{"href":"https:\/\/guialimeira.com.br\/news\/wp-json\/wp\/v2\/media?parent=25121"}],"wp:term":[{"taxonomy":"category","embeddable":true,"href":"https:\/\/guialimeira.com.br\/news\/wp-json\/wp\/v2\/categories?post=25121"},{"taxonomy":"post_tag","embeddable":true,"href":"https:\/\/guialimeira.com.br\/news\/wp-json\/wp\/v2\/tags?post=25121"}],"curies":[{"name":"wp","href":"https:\/\/api.w.org\/{rel}","templated":true}]}}