{"id":2512,"date":"2024-04-23T18:38:16","date_gmt":"2024-04-23T21:38:16","guid":{"rendered":"https:\/\/guialimeira.com.br\/2024\/04\/23\/stj-elege-ministro-herman-benjamin-para-comandar-o-tribunal\/"},"modified":"2024-04-23T18:38:16","modified_gmt":"2024-04-23T21:38:16","slug":"stj-elege-ministro-herman-benjamin-para-comandar-o-tribunal","status":"publish","type":"post","link":"https:\/\/guialimeira.com.br\/news\/stj-elege-ministro-herman-benjamin-para-comandar-o-tribunal\/","title":{"rendered":"STJ elege ministro Herman Benjamin para comandar o tribunal"},"content":{"rendered":"<p> <br \/>\n<\/p>\n<div>\n<p>O Superior Tribunal de Justi\u00e7a (STJ) elegeu nesta ter\u00e7a-feira (23) o ministro Herman Benjamin para o cargo de presidente do tribunal no bi\u00eanio 2024-2026. O ministro Lu\u00eds Felipe Salom\u00e3o ser\u00e1 o vice-presidente. A posse ser\u00e1 realizada em agosto deste ano.<img data-recalc-dims=\"1\" decoding=\"async\" src=\"https:\/\/i0.wp.com\/agenciabrasil.ebc.com.br\/ebc.png?w=696&#038;ssl=1\" style=\"width:1px; height:1px; display:inline;\"\/><img data-recalc-dims=\"1\" decoding=\"async\" src=\"https:\/\/i0.wp.com\/agenciabrasil.ebc.com.br\/ebc.gif?w=696&#038;ssl=1\" style=\"width:1px; height:1px; display:inline;\"\/><\/p>\n<p>Os eleitos v\u00e3o substituir a atual presidente do STJ, ministra Maria Thereza de Assis Moura, e o vice, Og Fernandes, no comando do tribunal.<\/p>\n<p>Herman Benjamin \u00e9 conhecido pela atua\u00e7\u00e3o na \u00e1rea ambiental. Nascido em Catol\u00e9 do Rocha (PB), ele foi empossado no STJ em 2006 e ganhou proje\u00e7\u00e3o nacional em 2017, quando votou pela cassa\u00e7\u00e3o da chapa Dilma-Temer. Na \u00e9poca, o ministro tamb\u00e9m ocupava uma das cadeiras do STJ no Tribunal Superior Eleitoral (TSE).<\/p>\n<p>Lu\u00eds Felipe Salom\u00e3o nasceu em Salvador, mas fez carreira jur\u00eddica no Rio de Janeiro. Ele est\u00e1 no STJ desde 2008. Atualmente, o ministro tamb\u00e9m ocupa a cadeira de corregedor nacional de Justi\u00e7a, fun\u00e7\u00e3o que ocupa no Conselho Nacional de Justi\u00e7a (CNJ).<\/p>\n<p>O STJ \u00e9 o tribunal respons\u00e1vel pelo julgamento definitivo de quest\u00f5es criminais e civis que n\u00e3o envolvem mat\u00e9rias constitucionais. O tribunal possui 33 ministros, que s\u00e3o nomeados pelo presidente da Rep\u00fablica e sabatinados pelo Senado.<\/p>\n<\/p><\/div>\n<p><br \/>\n<br \/><a href=\"https:\/\/agenciabrasil.ebc.com.br\/justica\/noticia\/2024-04\/stj-elege-ministro-herman-benjamin-para-comandar-o-tribunal\" rel=\"noopener\">Ag\u00eancia Brasil<\/a><\/p>\n","protected":false},"excerpt":{"rendered":"<p>O Superior Tribunal de Justi\u00e7a (STJ) elegeu nesta ter\u00e7a-feira (23) o ministro Herman Benjamin para o cargo de presidente do tribunal no bi\u00eanio 2024-2026. O ministro Lu\u00eds Felipe Salom\u00e3o ser\u00e1 o vice-presidente. A posse ser\u00e1 realizada em agosto deste ano. Os eleitos v\u00e3o substituir a atual presidente do STJ, ministra Maria Thereza de Assis Moura, [&hellip;]<\/p>\n","protected":false},"author":1,"featured_media":2513,"comment_status":"open","ping_status":"open","sticky":false,"template":"","format":"standard","meta":{"_jetpack_newsletter_access":"","_jetpack_dont_email_post_to_subs":false,"_jetpack_newsletter_tier_id":0,"_jetpack_memberships_contains_paywalled_content":false,"_mbp_banners":[],"_jetpack_feature_clip_id":0,"_jetpack_memberships_contains_paid_content":false,"footnotes":"","jetpack_publicize_message":"","jetpack_publicize_feature_enabled":true,"jetpack_social_post_already_shared":true,"jetpack_social_options":{"image_generator_settings":{"template":"highway","default_image_id":0,"font":"","enabled":false},"version":2},"jetpack_post_was_ever_published":false},"categories":[22],"tags":[],"class_list":["post-2512","post","type-post","status-publish","format-standard","has-post-thumbnail","category-nacional"],"jetpack_publicize_connections":[],"jetpack-related-posts":[],"jetpack_shortlink":"https:\/\/wp.me\/p7Eq1F-Ew","jetpack_sharing_enabled":true,"jetpack_featured_media_url":"https:\/\/i0.wp.com\/guialimeira.com.br\/news\/wp-content\/uploads\/2024\/04\/stj_1908200979_0.jpg?fit=1600%2C800&ssl=1","_links":{"self":[{"href":"https:\/\/guialimeira.com.br\/news\/wp-json\/wp\/v2\/posts\/2512","targetHints":{"allow":["GET"]}}],"collection":[{"href":"https:\/\/guialimeira.com.br\/news\/wp-json\/wp\/v2\/posts"}],"about":[{"href":"https:\/\/guialimeira.com.br\/news\/wp-json\/wp\/v2\/types\/post"}],"author":[{"embeddable":true,"href":"https:\/\/guialimeira.com.br\/news\/wp-json\/wp\/v2\/users\/1"}],"replies":[{"embeddable":true,"href":"https:\/\/guialimeira.com.br\/news\/wp-json\/wp\/v2\/comments?post=2512"}],"version-history":[{"count":0,"href":"https:\/\/guialimeira.com.br\/news\/wp-json\/wp\/v2\/posts\/2512\/revisions"}],"wp:featuredmedia":[{"embeddable":true,"href":"https:\/\/guialimeira.com.br\/news\/wp-json\/wp\/v2\/media\/2513"}],"wp:attachment":[{"href":"https:\/\/guialimeira.com.br\/news\/wp-json\/wp\/v2\/media?parent=2512"}],"wp:term":[{"taxonomy":"category","embeddable":true,"href":"https:\/\/guialimeira.com.br\/news\/wp-json\/wp\/v2\/categories?post=2512"},{"taxonomy":"post_tag","embeddable":true,"href":"https:\/\/guialimeira.com.br\/news\/wp-json\/wp\/v2\/tags?post=2512"}],"curies":[{"name":"wp","href":"https:\/\/api.w.org\/{rel}","templated":true}]}}