{"id":25115,"date":"2025-02-27T09:44:56","date_gmt":"2025-02-27T12:44:56","guid":{"rendered":"https:\/\/guialimeira.com.br\/2025\/02\/27\/igp-m-registra-inflacao-de-844-em-12-meses\/"},"modified":"2025-02-27T09:44:56","modified_gmt":"2025-02-27T12:44:56","slug":"igp-m-registra-inflacao-de-844-em-12-meses","status":"publish","type":"post","link":"https:\/\/guialimeira.com.br\/news\/igp-m-registra-inflacao-de-844-em-12-meses\/","title":{"rendered":"IGP-M registra infla\u00e7\u00e3o de 8,44% em 12 meses"},"content":{"rendered":"<p> <br \/>\n<\/p>\n<div>\n<p>O <strong>\u00cdndice Geral de Pre\u00e7os \u2013 Mercado\u00a0(IGP-M)<\/strong>, usado para<strong> reajustar alguns contratos de aluguel,\u00a0registrou infla\u00e7\u00e3o de 1,06% em fevereiro deste ano<\/strong>. O resultado ficou acima do m\u00eas anterior (0,27%). Em fevereiro do ano passado, o <strong>IGP-M teve uma defla\u00e7\u00e3o (queda de pre\u00e7os) de 0,52%<\/strong>. Informa\u00e7\u00e3o foi divulgada hoje, (27) pelo Instituto Brasileiro de Economia da Funda\u00e7\u00e3o Getulio Vargas (FGV Ibre).<img data-recalc-dims=\"1\" decoding=\"async\" src=\"https:\/\/i0.wp.com\/agenciabrasil.ebc.com.br\/ebc.png?w=696&#038;ssl=1\" style=\"width:1px; height:1px; display:inline;\"\/><img data-recalc-dims=\"1\" decoding=\"async\" src=\"https:\/\/i0.wp.com\/agenciabrasil.ebc.com.br\/ebc.gif?w=696&#038;ssl=1\" style=\"width:1px; height:1px; display:inline;\"\/><\/p>\n<p><strong>Com o resultado de fevereiro, o IGP-M acumula taxa de infla\u00e7\u00e3o de 8,44% em 12 meses, bem acima da taxa acumulada em fevereiro de 2024 (-3,76%).<\/strong><\/p>\n<p>O avan\u00e7o da taxa de infla\u00e7\u00e3o de janeiro para fevereiro foi puxado pelos pre\u00e7os no atacado e no varejo. <strong>O \u00cdndice de Pre\u00e7os ao Produtor Amplo (IPA), sub\u00edndice que analisa o atacado, passou de 0,24% em janeiro para 1,17% em fevereiro.<\/strong><\/p>\n<p>J\u00e1 o <strong>\u00cdndice de Pre\u00e7os ao Consumidor (IPC), que analisa o varejo, subiu de 0,14% para 0,91% no per\u00edodo.<\/strong><\/p>\n<p>Por outro lado, o <strong>\u00cdndice Nacional de Custo da Constru\u00e7\u00e3o (INCC) foi o \u00fanico sub\u00edndice componente do IGP-M que apresentou queda da taxa de infla\u00e7\u00e3o, ao passar de 0,71% em janeiro para 0,51% em fevereiro.<\/strong><\/p>\n<p>\u00a0<\/p>\n<p>      <!-- Relacionada --><\/p>\n<p>            <!-- Relacionada -->\n    <\/div>\n<p><br \/>\n<br \/><a href=\"https:\/\/agenciabrasil.ebc.com.br\/economia\/noticia\/2025-02\/igp-m-registra-inflacao-de-844-em-12-meses\" rel=\"noopener\">Ag\u00eancia Brasil<\/a><\/p>\n","protected":false},"excerpt":{"rendered":"<p>O \u00cdndice Geral de Pre\u00e7os \u2013 Mercado\u00a0(IGP-M), usado para reajustar alguns contratos de aluguel,\u00a0registrou infla\u00e7\u00e3o de 1,06% em fevereiro deste ano. O resultado ficou acima do m\u00eas anterior (0,27%). Em fevereiro do ano passado, o IGP-M teve uma defla\u00e7\u00e3o (queda de pre\u00e7os) de 0,52%. Informa\u00e7\u00e3o foi divulgada hoje, (27) pelo Instituto Brasileiro de Economia da [&hellip;]<\/p>\n","protected":false},"author":1,"featured_media":20765,"comment_status":"open","ping_status":"open","sticky":false,"template":"","format":"standard","meta":{"_jetpack_newsletter_access":"","_jetpack_dont_email_post_to_subs":false,"_jetpack_newsletter_tier_id":0,"_jetpack_memberships_contains_paywalled_content":false,"_mbp_banners":[],"_jetpack_feature_clip_id":0,"_jetpack_memberships_contains_paid_content":false,"footnotes":"","jetpack_publicize_message":"","jetpack_publicize_feature_enabled":true,"jetpack_social_post_already_shared":true,"jetpack_social_options":{"image_generator_settings":{"template":"highway","default_image_id":0,"font":"","enabled":false},"version":2},"jetpack_post_was_ever_published":false},"categories":[24],"tags":[],"class_list":["post-25115","post","type-post","status-publish","format-standard","has-post-thumbnail","category-economia"],"jetpack_publicize_connections":[],"jetpack-related-posts":[],"jetpack_shortlink":"https:\/\/wp.me\/p7Eq1F-6x5","jetpack_sharing_enabled":true,"jetpack_featured_media_url":"https:\/\/i0.wp.com\/guialimeira.com.br\/news\/wp-content\/uploads\/2025\/01\/sp_governo_cidade_vista_aerea_270320193512.jpg?fit=1600%2C800&ssl=1","_links":{"self":[{"href":"https:\/\/guialimeira.com.br\/news\/wp-json\/wp\/v2\/posts\/25115","targetHints":{"allow":["GET"]}}],"collection":[{"href":"https:\/\/guialimeira.com.br\/news\/wp-json\/wp\/v2\/posts"}],"about":[{"href":"https:\/\/guialimeira.com.br\/news\/wp-json\/wp\/v2\/types\/post"}],"author":[{"embeddable":true,"href":"https:\/\/guialimeira.com.br\/news\/wp-json\/wp\/v2\/users\/1"}],"replies":[{"embeddable":true,"href":"https:\/\/guialimeira.com.br\/news\/wp-json\/wp\/v2\/comments?post=25115"}],"version-history":[{"count":0,"href":"https:\/\/guialimeira.com.br\/news\/wp-json\/wp\/v2\/posts\/25115\/revisions"}],"wp:featuredmedia":[{"embeddable":true,"href":"https:\/\/guialimeira.com.br\/news\/wp-json\/wp\/v2\/media\/20765"}],"wp:attachment":[{"href":"https:\/\/guialimeira.com.br\/news\/wp-json\/wp\/v2\/media?parent=25115"}],"wp:term":[{"taxonomy":"category","embeddable":true,"href":"https:\/\/guialimeira.com.br\/news\/wp-json\/wp\/v2\/categories?post=25115"},{"taxonomy":"post_tag","embeddable":true,"href":"https:\/\/guialimeira.com.br\/news\/wp-json\/wp\/v2\/tags?post=25115"}],"curies":[{"name":"wp","href":"https:\/\/api.w.org\/{rel}","templated":true}]}}