{"id":2510,"date":"2024-04-23T18:36:58","date_gmt":"2024-04-23T21:36:58","guid":{"rendered":"https:\/\/guialimeira.com.br\/2024\/04\/23\/inscricoes-para-os-jogos-municipais-adaptados-terminam-nesta-sexta\/"},"modified":"2024-04-23T18:36:58","modified_gmt":"2024-04-23T21:36:58","slug":"inscricoes-para-os-jogos-municipais-adaptados-terminam-nesta-sexta","status":"publish","type":"post","link":"https:\/\/guialimeira.com.br\/news\/inscricoes-para-os-jogos-municipais-adaptados-terminam-nesta-sexta\/","title":{"rendered":"Inscri\u00e7\u00f5es para os Jogos Municipais Adaptados terminam nesta sexta"},"content":{"rendered":"<p> <br \/>\n<\/p>\n<div>\n            <main class=\"\">&#13;<br \/>\n                &#13;<br \/>\n&#13;<br \/>\n&#13;<br \/>\n&#13;<br \/>\n    <img data-recalc-dims=\"1\" decoding=\"async\" src=\"https:\/\/i0.wp.com\/ecrie.com.br\/sistema\/conteudos\/imagem\/m_137_0_1_23042024161228.jpg?w=696&#038;ssl=1\" alt=\"Inscri\u00e7\u00f5es para os Jogos Municipais Adaptados terminam nesta sexta\"\/>&#13;<br \/>\n&#13;<\/p>\n<div style=\"text-align: justify;\">As inscri\u00e7\u00f5es para os Jogos Municipais Adaptados terminam nesta sexta-feira (26). Para participar, as entidades e escolas participantes devem encaminhar um of\u00edcio a Secretaria de Esporte e Lazer, pessoalmente ou por e-mail (<a href=\"http:\/\/limeira.sp.gov.br\/cdn-cgi\/l\/email-protection#8dfee8eeffe8f9ecffe4ece9e8e8fefde2fff9e8fecde1e4e0e8e4ffeca3fefda3eae2fba3efff\" target=\"_blank\" rel=\"noopener\" data-fr-linked=\"true\"><span class=\"__cf_email__\" data-cfemail=\"b1c2d4d2c3d4c5d0c3d8d0d5d4d4c2c1dec3c5d4c2f1ddd8dcd4d8c3d09fc2c19fd6dec79fd3c3\">[email\u00a0protected]<\/span><\/a>), constando n\u00famero de participantes, modalidades, nome do atleta, prova, n\u00edvel\/tempo, sexo e natureza da defici\u00eancia. Essa \u00e9 a 8\u00aa edi\u00e7\u00e3o do evento.<\/div>\n<p>&#13;<\/p>\n<p>\u00a0<\/p>\n<p>&#13;<\/p>\n<p>As modalidades s\u00e3o: atletismo, ciclismo adaptado, nata\u00e7\u00e3o, futsal, gin\u00e1stica r\u00edtmica e t\u00eanis de mesa. A abertura ocorre no dia 10 de maio e as competi\u00e7\u00f5es ser\u00e3o de 13 a 17 de maio.\u00a0<\/p>\n<p>&#13;<\/p>\n<p>\u00a0<\/p>\n<p>&#13;<br \/>\n&#13;<\/p>\n<p>\u00a0<\/p>\n<p>&#13;<br \/>\n&#13;<br \/>\n&#13;<br \/>\n&#13;<\/p>\n<aside class=\"list-related no-print\">&#13;<br \/>\n        &#13;<br \/>\n&#13;<\/p>\n<article class=\"list-item noticias \">&#13;<br \/>\n                    <a class=\"list-item__img\" href=\"https:\/\/limeira.sp.gov.br\/imprensa\/noticias\/esporte-e-lazer\/prefeito-mario-botion-e-vice-prefeita-erika-tank-acompanham-final-da-copa-limeira\" tabindex=\"-1\" aria-hidden=\"true\" rel=\"noopener\">&#13;<br \/>\n                        <img data-recalc-dims=\"1\" decoding=\"async\" src=\"https:\/\/i0.wp.com\/ecrie.com.br\/sistema\/conteudos\/imagem\/m_137_2_1_21042024165058.jpg?w=696&#038;ssl=1\" alt=\"Prefeito Mario Botion e vice-prefeita Erika Tank acompanham final da Copa Limeira\"\/>&#13;<br \/>\n                    <\/a>&#13;<br \/>\n&#13;<br \/>\n                &#13;<br \/>\n            <\/article>\n<p>&#13;<\/p>\n<article class=\"list-item noticias \">&#13;<br \/>\n                    <a class=\"list-item__img\" href=\"https:\/\/limeira.sp.gov.br\/imprensa\/noticias\/esporte-e-lazer\/confira-boletim-sobre-a-participacao-de-limeira-nos-jogos-da-melhor-idade\" tabindex=\"-1\" aria-hidden=\"true\" rel=\"noopener\">&#13;<br \/>\n                        <img data-recalc-dims=\"1\" decoding=\"async\" src=\"https:\/\/i0.wp.com\/ecrie.com.br\/sistema\/conteudos\/imagem\/m_137_0_1_19042024181105.jpeg?w=696&#038;ssl=1\" alt=\"Confira boletim sobre a participa\u00e7\u00e3o de Limeira nos Jogos da Melhor Idade\"\/>&#13;<br \/>\n                    <\/a>&#13;<br \/>\n&#13;<br \/>\n                &#13;<br \/>\n            <\/article>\n<p>&#13;<\/p>\n<article class=\"list-item noticias \">&#13;<br \/>\n                    <a class=\"list-item__img\" href=\"https:\/\/limeira.sp.gov.br\/imprensa\/noticias\/esporte-e-lazer\/congresso-tecnico-define-os-grupos-para-o-76-torneio-1-de-maio\" tabindex=\"-1\" aria-hidden=\"true\" rel=\"noopener\">&#13;<br \/>\n                        <img data-recalc-dims=\"1\" decoding=\"async\" src=\"https:\/\/i0.wp.com\/ecrie.com.br\/sistema\/conteudos\/imagem\/m_137_0_1_18042024161633.jpg?w=696&#038;ssl=1\" alt=\"Congresso t\u00e9cnico define os grupos para o 76\u00ba Torneio 1\u00ba de Maio\"\/>&#13;<br \/>\n                    <\/a>&#13;<br \/>\n&#13;<br \/>\n                &#13;<br \/>\n            <\/article>\n<p>&#13;<br \/>\n    <\/aside>\n<p>&#13;<br \/>\n&#13;<br \/>\n            <\/main><\/p><\/div>\n<p><br \/>\n<br \/><a href=\"https:\/\/limeira.sp.gov.br\/inscricoes-para-os-jogos-municipais-adaptados-terminam-nesta-sexta\" rel=\"noopener\">Informa\u00e7\u00f5es da PML <\/a><\/p>\n","protected":false},"excerpt":{"rendered":"<p>&#13; &#13; &#13; &#13; &#13; &#13; &#13; As inscri\u00e7\u00f5es para os Jogos Municipais Adaptados terminam nesta sexta-feira (26). Para participar, as entidades e escolas participantes devem encaminhar um of\u00edcio a Secretaria de Esporte e Lazer, pessoalmente ou por e-mail ([email\u00a0protected]), constando n\u00famero de participantes, modalidades, nome do atleta, prova, n\u00edvel\/tempo, sexo e natureza da defici\u00eancia. [&hellip;]<\/p>\n","protected":false},"author":1,"featured_media":2511,"comment_status":"open","ping_status":"open","sticky":false,"template":"","format":"standard","meta":{"_jetpack_newsletter_access":"","_jetpack_dont_email_post_to_subs":false,"_jetpack_newsletter_tier_id":0,"_jetpack_memberships_contains_paywalled_content":false,"_mbp_banners":[],"_jetpack_feature_clip_id":0,"_jetpack_memberships_contains_paid_content":false,"footnotes":"","jetpack_publicize_message":"","jetpack_publicize_feature_enabled":true,"jetpack_social_post_already_shared":true,"jetpack_social_options":{"image_generator_settings":{"template":"highway","default_image_id":0,"font":"","enabled":false},"version":2},"jetpack_post_was_ever_published":false},"categories":[16],"tags":[],"class_list":["post-2510","post","type-post","status-publish","format-standard","has-post-thumbnail","category-local"],"jetpack_publicize_connections":[],"jetpack-related-posts":[],"jetpack_shortlink":"https:\/\/wp.me\/p7Eq1F-Eu","jetpack_sharing_enabled":true,"jetpack_featured_media_url":"https:\/\/i0.wp.com\/guialimeira.com.br\/news\/wp-content\/uploads\/2024\/04\/m_137_0_1_23042024161228.jpg?fit=900%2C506&ssl=1","_links":{"self":[{"href":"https:\/\/guialimeira.com.br\/news\/wp-json\/wp\/v2\/posts\/2510","targetHints":{"allow":["GET"]}}],"collection":[{"href":"https:\/\/guialimeira.com.br\/news\/wp-json\/wp\/v2\/posts"}],"about":[{"href":"https:\/\/guialimeira.com.br\/news\/wp-json\/wp\/v2\/types\/post"}],"author":[{"embeddable":true,"href":"https:\/\/guialimeira.com.br\/news\/wp-json\/wp\/v2\/users\/1"}],"replies":[{"embeddable":true,"href":"https:\/\/guialimeira.com.br\/news\/wp-json\/wp\/v2\/comments?post=2510"}],"version-history":[{"count":0,"href":"https:\/\/guialimeira.com.br\/news\/wp-json\/wp\/v2\/posts\/2510\/revisions"}],"wp:featuredmedia":[{"embeddable":true,"href":"https:\/\/guialimeira.com.br\/news\/wp-json\/wp\/v2\/media\/2511"}],"wp:attachment":[{"href":"https:\/\/guialimeira.com.br\/news\/wp-json\/wp\/v2\/media?parent=2510"}],"wp:term":[{"taxonomy":"category","embeddable":true,"href":"https:\/\/guialimeira.com.br\/news\/wp-json\/wp\/v2\/categories?post=2510"},{"taxonomy":"post_tag","embeddable":true,"href":"https:\/\/guialimeira.com.br\/news\/wp-json\/wp\/v2\/tags?post=2510"}],"curies":[{"name":"wp","href":"https:\/\/api.w.org\/{rel}","templated":true}]}}