{"id":25097,"date":"2025-02-27T04:19:38","date_gmt":"2025-02-27T07:19:38","guid":{"rendered":"https:\/\/guialimeira.com.br\/?p=25097"},"modified":"2025-02-27T04:19:40","modified_gmt":"2025-02-27T07:19:40","slug":"vereador-marcelo-rossi-solicita-melhorias-nas-academias-ao-ar-livre-de-limeira","status":"publish","type":"post","link":"https:\/\/guialimeira.com.br\/news\/vereador-marcelo-rossi-solicita-melhorias-nas-academias-ao-ar-livre-de-limeira\/","title":{"rendered":"Vereador Marcelo Rossi solicita melhorias nas academias ao ar livre de Limeira"},"content":{"rendered":"\n<p class=\"wp-block-paragraph\">As academias ao ar livre s\u00e3o espa\u00e7os fundamentais para incentivar a pr\u00e1tica de atividades f\u00edsicas e promover a qualidade de vida da popula\u00e7\u00e3o. No entanto, muitos desses locais ainda carecem de infraestrutura b\u00e1sica, como <strong>bebedouros e \u00e1reas sombreadas<\/strong>, o que pode comprometer a seguran\u00e7a e o bem-estar dos usu\u00e1rios.<\/p>\n\n\n\n<p class=\"wp-block-paragraph\">Diante dessa necessidade, o <strong>vereador Marcelo Rossi (MDB)<\/strong> apresentou um requerimento ao <strong>Poder Executivo Municipal<\/strong>, solicitando informa\u00e7\u00f5es sobre as condi\u00e7\u00f5es atuais dessas academias e a possibilidade de melhorias.<\/p>\n\n\n\n<h2 class=\"wp-block-heading\"><strong>O que foi solicitado?<\/strong><\/h2>\n\n\n\n<p class=\"wp-block-paragraph\">O vereador busca respostas para as seguintes quest\u00f5es:<\/p>\n\n\n\n<p class=\"wp-block-paragraph\">\ud83d\udccc <strong>Quantas academias ao ar livre existem no munic\u00edpio e onde est\u00e3o localizadas?<\/strong><br>\ud83d\udccc <strong>Quantos desses espa\u00e7os possuem bebedouros ou pontos de \u00e1gua pot\u00e1vel para consumo?<\/strong><br>\ud83d\udccc <strong>H\u00e1 previs\u00e3o or\u00e7ament\u00e1ria para a instala\u00e7\u00e3o de bebedouros e a cria\u00e7\u00e3o de \u00e1reas sombreadas nesses locais?<\/strong><\/p>\n\n\n\n<h2 class=\"wp-block-heading\"><strong>Por que essas melhorias s\u00e3o importantes?<\/strong><\/h2>\n\n\n\n<p class=\"wp-block-paragraph\">\ud83d\udd39 <strong>Hidrata\u00e7\u00e3o adequada<\/strong>: A falta de \u00e1gua pot\u00e1vel pode causar <strong>desidrata\u00e7\u00e3o, fadiga e queda de press\u00e3o<\/strong>, prejudicando a pr\u00e1tica de atividades f\u00edsicas, especialmente nos per\u00edodos mais quentes do ano.<\/p>\n\n\n\n<p class=\"wp-block-paragraph\">\ud83d\udd39 <strong>Prote\u00e7\u00e3o contra o sol<\/strong>: A aus\u00eancia de sombra natural exp\u00f5e os frequentadores ao risco de <strong>insola\u00e7\u00e3o, queimaduras solares e desconforto t\u00e9rmico<\/strong>, tornando a experi\u00eancia menos segura e agrad\u00e1vel.<\/p>\n\n\n\n<p class=\"wp-block-paragraph\">\ud83d\udd39 <strong>Incentivo \u00e0 pr\u00e1tica esportiva<\/strong>: Com estrutura adequada, mais pessoas se sentir\u00e3o motivadas a utilizar as academias ao ar livre, promovendo <strong>h\u00e1bitos saud\u00e1veis e o bem-estar coletivo<\/strong>.<\/p>\n\n\n\n<h2 class=\"wp-block-heading\"><strong>Um passo essencial para um ambiente mais saud\u00e1vel<\/strong><\/h2>\n\n\n\n<p class=\"wp-block-paragraph\">A solicita\u00e7\u00e3o do <strong>vereador Marcelo Rossi<\/strong> refor\u00e7a a import\u00e2ncia de investir em infraestrutura urbana que favore\u00e7a a sa\u00fade e a qualidade de vida da popula\u00e7\u00e3o. A instala\u00e7\u00e3o de <strong>pontos de \u00e1gua pot\u00e1vel e \u00e1reas sombreadas<\/strong> pode tornar esses espa\u00e7os mais acess\u00edveis e seguros para todas as idades, especialmente para os idosos, que s\u00e3o um dos principais p\u00fablicos das academias ao ar livre.<\/p>\n\n\n\n<p class=\"wp-block-paragraph\">Aguardamos um posicionamento da Prefeitura sobre essas demandas e seguimos acompanhando os desdobramentos dessa iniciativa.<\/p>\n\n\n\n<p class=\"wp-block-paragraph\">\ud83d\udce2 <strong>O que voc\u00ea acha dessa proposta? Comente sua opini\u00e3o!<\/strong><\/p>\n","protected":false},"excerpt":{"rendered":"<p>As academias ao ar livre s\u00e3o espa\u00e7os fundamentais para incentivar a pr\u00e1tica de atividades f\u00edsicas e promover a qualidade de vida da popula\u00e7\u00e3o. No entanto, muitos desses locais ainda carecem de infraestrutura b\u00e1sica, como bebedouros e \u00e1reas sombreadas, o que pode comprometer a seguran\u00e7a e o bem-estar dos usu\u00e1rios. Diante dessa necessidade, o vereador Marcelo [&hellip;]<\/p>\n","protected":false},"author":1,"featured_media":25098,"comment_status":"open","ping_status":"open","sticky":false,"template":"","format":"standard","meta":{"_jetpack_newsletter_access":"","_jetpack_dont_email_post_to_subs":false,"_jetpack_newsletter_tier_id":0,"_jetpack_memberships_contains_paywalled_content":false,"_mbp_banners":[],"_jetpack_feature_clip_id":0,"_jetpack_memberships_contains_paid_content":false,"footnotes":"","jetpack_publicize_message":"","jetpack_publicize_feature_enabled":true,"jetpack_social_post_already_shared":true,"jetpack_social_options":{"image_generator_settings":{"template":"highway","default_image_id":0,"font":"","enabled":false},"version":2},"jetpack_post_was_ever_published":false},"categories":[23,19],"tags":[],"class_list":["post-25097","post","type-post","status-publish","format-standard","has-post-thumbnail","category-esportes","category-politica"],"jetpack_publicize_connections":[],"jetpack-related-posts":[],"jetpack_shortlink":"https:\/\/wp.me\/p7Eq1F-6wN","jetpack_sharing_enabled":true,"jetpack_featured_media_url":"https:\/\/i0.wp.com\/guialimeira.com.br\/news\/wp-content\/uploads\/2025\/02\/marcelo-rossi.jpg?fit=1280%2C640&ssl=1","_links":{"self":[{"href":"https:\/\/guialimeira.com.br\/news\/wp-json\/wp\/v2\/posts\/25097","targetHints":{"allow":["GET"]}}],"collection":[{"href":"https:\/\/guialimeira.com.br\/news\/wp-json\/wp\/v2\/posts"}],"about":[{"href":"https:\/\/guialimeira.com.br\/news\/wp-json\/wp\/v2\/types\/post"}],"author":[{"embeddable":true,"href":"https:\/\/guialimeira.com.br\/news\/wp-json\/wp\/v2\/users\/1"}],"replies":[{"embeddable":true,"href":"https:\/\/guialimeira.com.br\/news\/wp-json\/wp\/v2\/comments?post=25097"}],"version-history":[{"count":1,"href":"https:\/\/guialimeira.com.br\/news\/wp-json\/wp\/v2\/posts\/25097\/revisions"}],"predecessor-version":[{"id":25099,"href":"https:\/\/guialimeira.com.br\/news\/wp-json\/wp\/v2\/posts\/25097\/revisions\/25099"}],"wp:featuredmedia":[{"embeddable":true,"href":"https:\/\/guialimeira.com.br\/news\/wp-json\/wp\/v2\/media\/25098"}],"wp:attachment":[{"href":"https:\/\/guialimeira.com.br\/news\/wp-json\/wp\/v2\/media?parent=25097"}],"wp:term":[{"taxonomy":"category","embeddable":true,"href":"https:\/\/guialimeira.com.br\/news\/wp-json\/wp\/v2\/categories?post=25097"},{"taxonomy":"post_tag","embeddable":true,"href":"https:\/\/guialimeira.com.br\/news\/wp-json\/wp\/v2\/tags?post=25097"}],"curies":[{"name":"wp","href":"https:\/\/api.w.org\/{rel}","templated":true}]}}