{"id":25085,"date":"2025-02-26T23:52:50","date_gmt":"2025-02-27T02:52:50","guid":{"rendered":"https:\/\/guialimeira.com.br\/?p=25085"},"modified":"2025-02-26T23:52:50","modified_gmt":"2025-02-27T02:52:50","slug":"congresso-promete-ao-stf-identificar-todos-os-padrinhos-de-emendas","status":"publish","type":"post","link":"https:\/\/guialimeira.com.br\/news\/congresso-promete-ao-stf-identificar-todos-os-padrinhos-de-emendas\/","title":{"rendered":"Congresso promete ao STF identificar todos os padrinhos de emendas"},"content":{"rendered":"\n<figure class=\"wp-block-gallery has-nested-images columns-default is-cropped wp-block-gallery-1 is-layout-flex wp-block-gallery-is-layout-flex\">\n<figure class=\"wp-block-image size-large\"><\/figure>\n\t\t\t\t\t\n<figure class=\"wp-block-image size-large\"><img loading=\"lazy\" decoding=\"async\" width=\"1\" height=\"1\" data-attachment-id=\"25084\" data-permalink=\"https:\/\/guialimeira.com.br\/news\/congresso-promete-ao-stf-identificar-todos-os-padrinhos-de-emendas-2\/\" data-orig-file=\"https:\/\/i0.wp.com\/guialimeira.com.br\/news\/wp-content\/uploads\/2025\/02\/1740624767_426_ebc.gif?fit=1%2C1&amp;ssl=1\" data-orig-size=\"1,1\" data-comments-opened=\"1\" data-image-meta=\"{&quot;aperture&quot;:&quot;0&quot;,&quot;credit&quot;:&quot;&quot;,&quot;camera&quot;:&quot;&quot;,&quot;caption&quot;:&quot;&quot;,&quot;created_timestamp&quot;:&quot;0&quot;,&quot;copyright&quot;:&quot;&quot;,&quot;focal_length&quot;:&quot;0&quot;,&quot;iso&quot;:&quot;0&quot;,&quot;shutter_speed&quot;:&quot;0&quot;,&quot;title&quot;:&quot;&quot;,&quot;orientation&quot;:&quot;0&quot;}\" data-image-title=\"Congresso promete ao STF identificar todos os padrinhos de emendas\" data-image-description=\"\" data-image-caption=\"\" data-large-file=\"https:\/\/i0.wp.com\/guialimeira.com.br\/news\/wp-content\/uploads\/2025\/02\/1740624767_426_ebc.gif?fit=1%2C1&amp;ssl=1\" data-id=\"25084\" src=\"https:\/\/i0.wp.com\/guialimeira.com.br\/wp-content\/uploads\/2025\/02\/1740624767_426_ebc.gif?resize=1%2C1&amp;ssl=1\" alt=\"\" class=\"wp-image-25084\" \/><\/figure>\n\t\t\t\t\t<\/figure>\n \r\n<br><div>\n                    <p>As <strong>mesas diretoras da C\u00e2mara e do Senado<\/strong> enviaram ao ministro Fl\u00e1vio Dino, do Supremo Tribunal Federal (STF), um documento em que se comprometem a identificar todos os parlamentares respons\u00e1veis por indicar a <strong>destina\u00e7\u00e3o de emendas ao Or\u00e7amento da Uni\u00e3o<\/strong>, bem como os benefici\u00e1rios dos repasses.<img data-recalc-dims=\"1\" decoding=\"async\" src=\"https:\/\/i0.wp.com\/guialimeira.com.br\/wp-content\/uploads\/2025\/02\/1740624766_880_ebc.png?w=696&#038;ssl=1\" style=\"width:1px;height:1px\" \/><img data-recalc-dims=\"1\" decoding=\"async\" src=\"https:\/\/i0.wp.com\/guialimeira.com.br\/wp-content\/uploads\/2025\/02\/1740624767_426_ebc.gif?w=696&#038;ssl=1\" style=\"width:1px;height:1px\" \/><\/p>\n\n<p>Ambas as <strong>casas legislativas prometeram que, do exerc\u00edcio financeiro de 2025 em diante n\u00e3o ser\u00e1 mais poss\u00edvel empenhar emendas sem a identifica\u00e7\u00e3o de padrinho<\/strong> e benefici\u00e1rio final, principal problema apontado pelo Supremo na execu\u00e7\u00e3o de emendas or\u00e7ament\u00e1rias.<\/p>\n\n<p>A falta de transpar\u00eancia na libera\u00e7\u00e3o de emendas levou a um impasse com o Supremo, que imp\u00f4s crit\u00e9rios mais r\u00edgidos para que os repasses pudessem ser feitos. Diante do impasse, a <strong>Lei Or\u00e7ament\u00e1ria Anual de 2025 (LOA) ainda n\u00e3o foi aprovada pelo Congresso<\/strong>.<\/p>\n\n<p>O <a href=\"https:\/\/agenciabrasil.ebc.com.br\/justica\/noticia\/2025-02\/dino-convoca-audiencia-com-executivo-e-congresso-sobre-emendas\" target=\"_blank\" rel=\"noopener\">plano conjunto foi apresentado a Dino, relator do tema no Supremo, na v\u00e9spera de uma audi\u00eancia de concilia\u00e7\u00e3o<\/a> convocada pelo ministro para avaliar a execu\u00e7\u00e3o das medidas de controle e transpar\u00eancia determinadas por ele, e pelo plen\u00e1rio da Corte, desde 2022.<\/p>\n\n<p>O <strong>Plano de Trabalho Conjunto foi enviado ao Supremo ap\u00f3s acordo com o governo federal<\/strong>. A Advocacia-Geral da Uni\u00e3o (AGU) tamb\u00e9m informou ao ministro Fl\u00e1vio Dino sobre medidas para aprimorar a transpar\u00eancia em sistemas mantidos pela Uni\u00e3o para divulgar a execu\u00e7\u00e3o do Or\u00e7amento, com a inclus\u00e3o do nome dos parlamentares respons\u00e1veis por cada emenda liberada.<\/p>\n\n<p>Segundo a AGU, o plano conjunto tem como objetivo \u201caprimorar a interface entre os sistemas dos poderes Executivo e Legislativo na execu\u00e7\u00e3o das emendas, aprimorando o tr\u00e2mite administrativo e facilitando o controle social e o acesso p\u00fablico \u00e0s informa\u00e7\u00f5es\u201d.<\/p>\n\n<p><strong>O governo federal tamb\u00e9m prometeu empenho na fiscaliza\u00e7\u00e3o da execu\u00e7\u00e3o or\u00e7ament\u00e1ria<\/strong>.\u00a0<\/p>\n\n<h2>Mudan\u00e7a de regra<\/h2>\n\n<p>O plano aborda, em especial, as emendas individuais de transfer\u00eancia, as chamadas emendas Pix &#8211; identificada nos sistemas or\u00e7ament\u00e1rios pela sigla RP6 -, de bancada estadual (RP7), de comiss\u00e3o (RP8) e as emendas de relator, que deram origem \u00e0 express\u00e3o \u201cor\u00e7amento secreto\u201d (RP9).<\/p>\n\n<p>As duas Casas prometeram aprovar uma mudan\u00e7a na resolu\u00e7\u00e3o que disciplina a proposi\u00e7\u00e3o de emendas parlamentares, de modo a adequar as regras e cumprir a determina\u00e7\u00e3o do Supremo de identificar cada congressista respons\u00e1vel por indicar emendas, incluindo as de comiss\u00e3o e de bancada.<\/p>\n\n<p>Segundo o plano, a indica\u00e7\u00e3o de cada emenda precisar\u00e1 obrigatoriamente ser acompanhada de ata de delibera\u00e7\u00e3o na respectiva comiss\u00e3o ou bancada partid\u00e1ria e estadual, bem como de planilhas indicando quem prop\u00f4s cada destina\u00e7\u00e3o dos recursos e o benefici\u00e1rio.<\/p>\n\n<p>A medida visa impedir o chamado \u201crateio\u201d de emendas em comiss\u00f5es, quando uma emenda gen\u00e9rica acaba sendo dividida entre diferentes destinos sem que seja identificado o parlamentar que fez a indica\u00e7\u00e3o.<\/p>\n\n<p>De acordo com as informa\u00e7\u00f5es da C\u00e2mara e do Senado, as emendas apresentadas ao Or\u00e7amento de 2025 j\u00e1 foram feitas sob o novo modelo, mesmo antes da mudan\u00e7a na regra.<\/p>\n\n<h2>Restos a pagar<\/h2>\n\n<p>Em rela\u00e7\u00e3o aos restos a pagar de 2024, cada comiss\u00e3o permanente do Congresso dever\u00e1 novamente deliberar sobre cada empenho de emendas de comiss\u00e3o, ratificando ou n\u00e3o a destina\u00e7\u00e3o dos recursos, at\u00e9 o dia 31 de mar\u00e7o.<\/p>\n\n<p>O resultado das delibera\u00e7\u00f5es dever\u00e1 ser divulgado em cinco dias pela Comiss\u00e3o Mista do Or\u00e7amento (CMO), informaram a C\u00e2mara e o Senado.<\/p>\n\n<p>Os restos a pagar de 2023 e anos anteriores tamb\u00e9m devem ter seus padrinhos e benefici\u00e1rios identificados, por meio de atualiza\u00e7\u00f5es no Registro de Apoio \u00e0s Emendas Parlamentares, sistema que dever\u00e1 ser aprimorado em 30 dias, a partir da homologa\u00e7\u00e3o do plano de trabalho pelo Supremo.<\/p>\n\n<p>Em dezembro, o ministro <a href=\"https:\/\/agenciabrasil.ebc.com.br\/justica\/noticia\/2024-12\/dino-suspende-o-pagamento-de-r-42-bilhoes-em-emendas-de-comissao\" target=\"_blank\" rel=\"noopener\">Fl\u00e1vio Dino bloqueou, por exemplo, a execu\u00e7\u00e3o de ao menos R$ 4,2 bilh\u00f5es em emendas de comiss\u00e3o<\/a> que n\u00e3o teriam cumprido crit\u00e9rios de transpar\u00eancia para sua execu\u00e7\u00e3o, por n\u00e3o permitirem identificar o pol\u00edtico que indicou a emenda ou o benefici\u00e1rio final da transfer\u00eancia de recursos.<\/p>\n\n<p><strong>O total destinado a emendas parlamentares no Or\u00e7amento de 2025 chega a R$ 52 bilh\u00f5es<\/strong>, uma alta em rela\u00e7\u00e3o a 2024, quando a cifra foi de R$ 49,2 bilh\u00f5es. H\u00e1 dez anos, em 2014, esse valor era de R$ 6,1 bilh\u00f5es.\u00a0<\/p>\n\n      <!-- Relacionada -->\n              \n            <!-- Relacionada -->\n    <\/div>\r\n<br>\r\n<br><a href=\"https:\/\/agenciabrasil.ebc.com.br\/politica\/noticia\/2025-02\/congresso-promete-ao-stf-identificar-todos-os-padrinhos-de-emendas\" rel=\"noopener\">Ag\u00eancia Brasil<\/a>","protected":false},"excerpt":{"rendered":"<p>As mesas diretoras da C\u00e2mara e do Senado enviaram ao ministro Fl\u00e1vio Dino, do Supremo Tribunal Federal (STF), um documento em que se comprometem a identificar todos os parlamentares respons\u00e1veis por indicar a destina\u00e7\u00e3o de emendas ao Or\u00e7amento da Uni\u00e3o, bem como os benefici\u00e1rios dos repasses. Ambas as casas legislativas prometeram que, do exerc\u00edcio financeiro [&hellip;]<\/p>\n","protected":false},"author":1,"featured_media":18753,"comment_status":"open","ping_status":"open","sticky":false,"template":"","format":"standard","meta":{"_jetpack_newsletter_access":"","_jetpack_dont_email_post_to_subs":false,"_jetpack_newsletter_tier_id":0,"_jetpack_memberships_contains_paywalled_content":false,"_mbp_banners":[],"_jetpack_feature_clip_id":0,"_jetpack_memberships_contains_paid_content":false,"footnotes":"","jetpack_publicize_message":"","jetpack_publicize_feature_enabled":true,"jetpack_social_post_already_shared":true,"jetpack_social_options":{"image_generator_settings":{"template":"highway","default_image_id":0,"font":"","enabled":false},"version":2},"jetpack_post_was_ever_published":false},"categories":[19],"tags":[],"class_list":["post-25085","post","type-post","status-publish","format-standard","has-post-thumbnail","category-politica"],"jetpack_publicize_connections":[],"jetpack-related-posts":[],"jetpack_shortlink":"https:\/\/wp.me\/p7Eq1F-6wB","jetpack_sharing_enabled":true,"jetpack_featured_media_url":"https:\/\/i0.wp.com\/guialimeira.com.br\/news\/wp-content\/uploads\/2024\/12\/ja_0377.jpg?fit=1600%2C800&ssl=1","_links":{"self":[{"href":"https:\/\/guialimeira.com.br\/news\/wp-json\/wp\/v2\/posts\/25085","targetHints":{"allow":["GET"]}}],"collection":[{"href":"https:\/\/guialimeira.com.br\/news\/wp-json\/wp\/v2\/posts"}],"about":[{"href":"https:\/\/guialimeira.com.br\/news\/wp-json\/wp\/v2\/types\/post"}],"author":[{"embeddable":true,"href":"https:\/\/guialimeira.com.br\/news\/wp-json\/wp\/v2\/users\/1"}],"replies":[{"embeddable":true,"href":"https:\/\/guialimeira.com.br\/news\/wp-json\/wp\/v2\/comments?post=25085"}],"version-history":[{"count":1,"href":"https:\/\/guialimeira.com.br\/news\/wp-json\/wp\/v2\/posts\/25085\/revisions"}],"predecessor-version":[{"id":25086,"href":"https:\/\/guialimeira.com.br\/news\/wp-json\/wp\/v2\/posts\/25085\/revisions\/25086"}],"wp:featuredmedia":[{"embeddable":true,"href":"https:\/\/guialimeira.com.br\/news\/wp-json\/wp\/v2\/media\/18753"}],"wp:attachment":[{"href":"https:\/\/guialimeira.com.br\/news\/wp-json\/wp\/v2\/media?parent=25085"}],"wp:term":[{"taxonomy":"category","embeddable":true,"href":"https:\/\/guialimeira.com.br\/news\/wp-json\/wp\/v2\/categories?post=25085"},{"taxonomy":"post_tag","embeddable":true,"href":"https:\/\/guialimeira.com.br\/news\/wp-json\/wp\/v2\/tags?post=25085"}],"curies":[{"name":"wp","href":"https:\/\/api.w.org\/{rel}","templated":true}]}}