{"id":25082,"date":"2025-02-26T23:34:48","date_gmt":"2025-02-27T02:34:48","guid":{"rendered":"https:\/\/guialimeira.com.br\/2025\/02\/26\/pesquisa-mostra-otimismo-de-microempreendedores-individuais-com-2025\/"},"modified":"2025-02-26T23:34:48","modified_gmt":"2025-02-27T02:34:48","slug":"pesquisa-mostra-otimismo-de-microempreendedores-individuais-com-2025","status":"publish","type":"post","link":"https:\/\/guialimeira.com.br\/news\/pesquisa-mostra-otimismo-de-microempreendedores-individuais-com-2025\/","title":{"rendered":"Pesquisa mostra otimismo de microempreendedores individuais com 2025"},"content":{"rendered":"<p> <br \/>\n<\/p>\n<div>\n<p>Metade dos microempreendedores individuais espera que o cen\u00e1rio da economia brasileiro seja favor\u00e1vel a seus neg\u00f3cios neste ano de 2025, revela a Sondagem Econ\u00f4mica do MEI, realizada pelo Servi\u00e7o Brasileiro de Apoio \u00e0s Micro e Pequenas Empresas (Sebrae) e pela Funda\u00e7\u00e3o Getulio Vargas (FGV).<img data-recalc-dims=\"1\" decoding=\"async\" src=\"https:\/\/i0.wp.com\/agenciabrasil.ebc.com.br\/ebc.png?w=696&#038;ssl=1\" style=\"width:1px; height:1px; display:inline;\"\/><img data-recalc-dims=\"1\" decoding=\"async\" src=\"https:\/\/i0.wp.com\/agenciabrasil.ebc.com.br\/ebc.gif?w=696&#038;ssl=1\" style=\"width:1px; height:1px; display:inline;\"\/><\/p>\n<p><strong>A pesquisa indica que 50% est\u00e3o otimistas com o desempenho de seus neg\u00f3cios neste ano, que dever\u00e1 ser melhor que o de 2024.<\/strong><\/p>\n<p>As regi\u00f5es que concentram o maior n\u00famero de microempres\u00e1rios otimistas s\u00e3o o Norte e o Centro-Oeste do pa\u00eds, com 47,8% dos consultados. Em seguida, v\u00eam os nordestinos, com 44,9%. J\u00e1 o Sudeste, com 37,6%, e o Sul, com 35,4%, s\u00e3o as regi\u00f5es menos otimistas.<\/p>\n<p>Por campo de atividade, os microempres\u00e1rios da \u00e1rea de com\u00e9rcio est\u00e3o na ponta da pesquisa, com uma perspectiva positiva de 53,4% para este ano. A ind\u00fastria registrou \u00edndice de 49,6%, e o setor de servi\u00e7os ficou um pouco abaixo, com 48,7%.<\/p>\n<p>Est\u00e3o tamb\u00e9m no Norte e Centro-Oeste os MEIs mais esperan\u00e7osos de bons resultados para seus pr\u00f3prios neg\u00f3cios: 56,9%. Depois v\u00eam os microempres\u00e1rios do Nordeste (53,3%), do Sudeste (48,5) e do Sul (47,9%).<\/p>\n<h2>Otimismo de volta<\/h2>\n<p>Segundo o presidente do Sebrae, D\u00e9cio Lima, a pesquisa endossa a corre\u00e7\u00e3o das iniciativas econ\u00f4micas adotadas pelo governo federal.<\/p>\n<blockquote>\n<p>\u201cOs pequenos neg\u00f3cios representam o segmento que mais gerou empregos em 2024 e o que mais abriu empresas, com mais de 4 milh\u00f5es de novos empreendimentos. Esses empreendedores s\u00e3o aqueles que nunca desistem, que acordam de manh\u00e3 e buscam criar oportunidades, gerando emprego e renda. Estamos devolvendo o otimismo ao brasileiro, que voltou a comprar, colocando a economia em movimento\u201d, disse Lima.<\/p>\n<\/blockquote>\n<p>Ainda sobre a pesquisa do Sebrae e FGV, pouco mais de 15% dos microempreendedores entrevistados acreditam que o resultado de 2025 ser\u00e1 igual ao do ano passado e apenas 13,8% est\u00e3o pessimistas.<\/p>\n<p>De acordo com o Sebrae, o<strong> Brasil conta com aproximadamente 11 milh\u00f5es de MEIs com registro ativo<\/strong>, dos quais, 90% est\u00e3o em atividade.<strong> <\/strong>O modelo do MEI \u00e9 a categoria mais popular hoje de formaliza\u00e7\u00e3o legal dos pequenos empreendedores brasileiros.<\/p>\n<p>Ontem (25), o ministro da Fazenda, Fernando Haddad, <a href=\"https:\/\/agenciabrasil.ebc.com.br\/economia\/noticia\/2025-02\/haddad-desmente-fake-news-sobre-aumento-de-contribuicao-do-mei\" target=\"_blank\" rel=\"noopener\">desmentiu uma fake news sobre aumento da contribui\u00e7\u00e3o dos MEIs<\/a>.\u00a0<\/p>\n<blockquote>\n<p>&#8220;A contribui\u00e7\u00e3o social do MEI continua em 5% do sal\u00e1rio m\u00ednimo, como sempre. E\u00a0s\u00f3 pode ser alterada pelo Congresso Nacional. N\u00e3o h\u00e1 nenhuma iniciativa parlamentar nesse sentido. Quem espalha essas mentiras est\u00e1 atrapalhando o empreendedor brasileiro\u201d, postou o ministro no X.<\/p>\n<\/blockquote>\n<p>      <!-- Relacionada --><\/p>\n<p>            <!-- Relacionada -->\n    <\/div>\n<p><br \/>\n<br \/><a href=\"https:\/\/agenciabrasil.ebc.com.br\/economia\/noticia\/2025-02\/pesquisa-mostra-otimismo-de-microempreendedores-individuais-com-2025\" rel=\"noopener\">Ag\u00eancia Brasil<\/a><\/p>\n","protected":false},"excerpt":{"rendered":"<p>Metade dos microempreendedores individuais espera que o cen\u00e1rio da economia brasileiro seja favor\u00e1vel a seus neg\u00f3cios neste ano de 2025, revela a Sondagem Econ\u00f4mica do MEI, realizada pelo Servi\u00e7o Brasileiro de Apoio \u00e0s Micro e Pequenas Empresas (Sebrae) e pela Funda\u00e7\u00e3o Getulio Vargas (FGV). A pesquisa indica que 50% est\u00e3o otimistas com o desempenho de [&hellip;]<\/p>\n","protected":false},"author":1,"featured_media":8637,"comment_status":"open","ping_status":"open","sticky":false,"template":"","format":"standard","meta":{"_jetpack_newsletter_access":"","_jetpack_dont_email_post_to_subs":false,"_jetpack_newsletter_tier_id":0,"_jetpack_memberships_contains_paywalled_content":false,"_mbp_banners":[],"_jetpack_feature_clip_id":0,"_jetpack_memberships_contains_paid_content":false,"footnotes":"","jetpack_publicize_message":"","jetpack_publicize_feature_enabled":true,"jetpack_social_post_already_shared":true,"jetpack_social_options":{"image_generator_settings":{"template":"highway","default_image_id":0,"font":"","enabled":false},"version":2},"jetpack_post_was_ever_published":false},"categories":[24],"tags":[],"class_list":["post-25082","post","type-post","status-publish","format-standard","has-post-thumbnail","category-economia"],"jetpack_publicize_connections":[],"jetpack-related-posts":[],"jetpack_shortlink":"https:\/\/wp.me\/p7Eq1F-6wy","jetpack_sharing_enabled":true,"jetpack_featured_media_url":"https:\/\/i0.wp.com\/guialimeira.com.br\/news\/wp-content\/uploads\/2024\/06\/estudante_em_curso_de_cabeleireiro_do_senac.jpg?fit=1600%2C800&ssl=1","_links":{"self":[{"href":"https:\/\/guialimeira.com.br\/news\/wp-json\/wp\/v2\/posts\/25082","targetHints":{"allow":["GET"]}}],"collection":[{"href":"https:\/\/guialimeira.com.br\/news\/wp-json\/wp\/v2\/posts"}],"about":[{"href":"https:\/\/guialimeira.com.br\/news\/wp-json\/wp\/v2\/types\/post"}],"author":[{"embeddable":true,"href":"https:\/\/guialimeira.com.br\/news\/wp-json\/wp\/v2\/users\/1"}],"replies":[{"embeddable":true,"href":"https:\/\/guialimeira.com.br\/news\/wp-json\/wp\/v2\/comments?post=25082"}],"version-history":[{"count":0,"href":"https:\/\/guialimeira.com.br\/news\/wp-json\/wp\/v2\/posts\/25082\/revisions"}],"wp:featuredmedia":[{"embeddable":true,"href":"https:\/\/guialimeira.com.br\/news\/wp-json\/wp\/v2\/media\/8637"}],"wp:attachment":[{"href":"https:\/\/guialimeira.com.br\/news\/wp-json\/wp\/v2\/media?parent=25082"}],"wp:term":[{"taxonomy":"category","embeddable":true,"href":"https:\/\/guialimeira.com.br\/news\/wp-json\/wp\/v2\/categories?post=25082"},{"taxonomy":"post_tag","embeddable":true,"href":"https:\/\/guialimeira.com.br\/news\/wp-json\/wp\/v2\/tags?post=25082"}],"curies":[{"name":"wp","href":"https:\/\/api.w.org\/{rel}","templated":true}]}}