{"id":25067,"date":"2025-02-26T20:31:59","date_gmt":"2025-02-26T23:31:59","guid":{"rendered":"https:\/\/guialimeira.com.br\/2025\/02\/26\/dolar-supera-r-580-apos-caged-e-ameacas-de-trump\/"},"modified":"2025-02-26T20:31:59","modified_gmt":"2025-02-26T23:31:59","slug":"dolar-supera-r-580-apos-caged-e-ameacas-de-trump","status":"publish","type":"post","link":"https:\/\/guialimeira.com.br\/news\/dolar-supera-r-580-apos-caged-e-ameacas-de-trump\/","title":{"rendered":"D\u00f3lar supera R$ 5,80 ap\u00f3s Caged e amea\u00e7as de Trump"},"content":{"rendered":"<p> <br \/>\n<\/p>\n<div>\n<p>Num dia de instabilidade no mercado interno e externo, o d\u00f3lar superou os R$ 5,80 e atingiu a maior cota\u00e7\u00e3o desde o in\u00edcio do m\u00eas. <strong>A bolsa de valores recuou quase 1%.<\/strong><img data-recalc-dims=\"1\" decoding=\"async\" src=\"https:\/\/i0.wp.com\/agenciabrasil.ebc.com.br\/ebc.png?w=696&#038;ssl=1\" style=\"width:1px; height:1px; display:inline;\"\/><img data-recalc-dims=\"1\" decoding=\"async\" src=\"https:\/\/i0.wp.com\/agenciabrasil.ebc.com.br\/ebc.gif?w=696&#038;ssl=1\" style=\"width:1px; height:1px; display:inline;\"\/><\/p>\n<p>O d\u00f3lar comercial encerrou esta quarta-feira (26) vendido a R$ 5,803, com alta de R$ 0,048 (+0,83%). A cota\u00e7\u00e3o chegou a iniciar o dia em queda, chegando a R$ 5,74 por volta das 10h, mas passou a subir ap\u00f3s a <a href=\"https:\/\/agenciabrasil.ebc.com.br\/economia\/noticia\/2025-02\/brasil-criou-1373-mil-postos-formais-de-trabalho-em-janeiro\" rel=\"noopener\">divulga\u00e7\u00e3o dos dados do Cadastro Geral de Empregados e Desempregados<\/a> (Caged), que apontou a cria\u00e7\u00e3o de 137,3 mil postos formais de trabalho em janeiro.<\/p>\n<p><strong>A cota\u00e7\u00e3o operou em firme alta durante toda a tarde e ultrapassou a barreira de R$ 5,80 perto do fim das negocia\u00e7\u00f5es, <\/strong>ap\u00f3s o presidente norte-americano, Donald Trump, amea\u00e7ar impor tarifas de 25% a produtos da Uni\u00e3o Europeia e anunciar que as tarifas para M\u00e9xico e Canad\u00e1 s\u00f3 entrar\u00e3o em vigor em abril.<\/p>\n<p><strong>O mercado de a\u00e7\u00f5es tamb\u00e9m teve um dia tenso. <\/strong>O \u00edndice Ibovespa, da B3, fechou aos 124.769 pontos, com queda de 0,96%. Al\u00e9m do mercado interno, o indicador foi influenciado pela queda no pre\u00e7o das commodities (bens prim\u00e1rios com cota\u00e7\u00e3o internacional) e pelo desempenho das bolsas norte-americanas.<\/p>\n<p>No cen\u00e1rio dom\u00e9stico, a divulga\u00e7\u00e3o de que a economia brasileira criou mais empregos com carteira assinada que o esperado reacendeu as expectativas de que o Banco Central (BC) eleve a Taxa Selic (juros b\u00e1sicos da economia) mais que o previsto. Isso impacta negativamente a bolsa porque estimula a migra\u00e7\u00e3o de recursos das a\u00e7\u00f5es, investimentos de maior risco, para a renda fixa, motivada pelos juros altos.<\/p>\n<p><em>*Com informa\u00e7\u00f5es da Reuters<\/em><\/p>\n<p>      <!-- Relacionada --><\/p>\n<p>            <!-- Relacionada -->\n    <\/div>\n<p><br \/>\n<br \/><a href=\"https:\/\/agenciabrasil.ebc.com.br\/economia\/noticia\/2025-02\/dolar-supera-r-580-apos-caged-e-ameacas-de-trump\" rel=\"noopener\">Ag\u00eancia Brasil<\/a><\/p>\n","protected":false},"excerpt":{"rendered":"<p>Num dia de instabilidade no mercado interno e externo, o d\u00f3lar superou os R$ 5,80 e atingiu a maior cota\u00e7\u00e3o desde o in\u00edcio do m\u00eas. A bolsa de valores recuou quase 1%. O d\u00f3lar comercial encerrou esta quarta-feira (26) vendido a R$ 5,803, com alta de R$ 0,048 (+0,83%). A cota\u00e7\u00e3o chegou a iniciar o [&hellip;]<\/p>\n","protected":false},"author":1,"featured_media":14460,"comment_status":"open","ping_status":"open","sticky":false,"template":"","format":"standard","meta":{"_jetpack_newsletter_access":"","_jetpack_dont_email_post_to_subs":false,"_jetpack_newsletter_tier_id":0,"_jetpack_memberships_contains_paywalled_content":false,"_mbp_banners":[],"_jetpack_feature_clip_id":0,"_jetpack_memberships_contains_paid_content":false,"footnotes":"","jetpack_publicize_message":"","jetpack_publicize_feature_enabled":true,"jetpack_social_post_already_shared":true,"jetpack_social_options":{"image_generator_settings":{"template":"highway","default_image_id":0,"font":"","enabled":false},"version":2},"jetpack_post_was_ever_published":false},"categories":[24],"tags":[],"class_list":["post-25067","post","type-post","status-publish","format-standard","has-post-thumbnail","category-economia"],"jetpack_publicize_connections":[],"jetpack-related-posts":[],"jetpack_shortlink":"https:\/\/wp.me\/p7Eq1F-6wj","jetpack_sharing_enabled":true,"jetpack_featured_media_url":"https:\/\/i0.wp.com\/guialimeira.com.br\/news\/wp-content\/uploads\/2024\/09\/2020-09-28t121101z_1_lynxmpeg8r165_rtroptp_4_dolar-abre.jpg?fit=1600%2C800&ssl=1","_links":{"self":[{"href":"https:\/\/guialimeira.com.br\/news\/wp-json\/wp\/v2\/posts\/25067","targetHints":{"allow":["GET"]}}],"collection":[{"href":"https:\/\/guialimeira.com.br\/news\/wp-json\/wp\/v2\/posts"}],"about":[{"href":"https:\/\/guialimeira.com.br\/news\/wp-json\/wp\/v2\/types\/post"}],"author":[{"embeddable":true,"href":"https:\/\/guialimeira.com.br\/news\/wp-json\/wp\/v2\/users\/1"}],"replies":[{"embeddable":true,"href":"https:\/\/guialimeira.com.br\/news\/wp-json\/wp\/v2\/comments?post=25067"}],"version-history":[{"count":0,"href":"https:\/\/guialimeira.com.br\/news\/wp-json\/wp\/v2\/posts\/25067\/revisions"}],"wp:featuredmedia":[{"embeddable":true,"href":"https:\/\/guialimeira.com.br\/news\/wp-json\/wp\/v2\/media\/14460"}],"wp:attachment":[{"href":"https:\/\/guialimeira.com.br\/news\/wp-json\/wp\/v2\/media?parent=25067"}],"wp:term":[{"taxonomy":"category","embeddable":true,"href":"https:\/\/guialimeira.com.br\/news\/wp-json\/wp\/v2\/categories?post=25067"},{"taxonomy":"post_tag","embeddable":true,"href":"https:\/\/guialimeira.com.br\/news\/wp-json\/wp\/v2\/tags?post=25067"}],"curies":[{"name":"wp","href":"https:\/\/api.w.org\/{rel}","templated":true}]}}