{"id":25033,"date":"2025-02-26T17:28:50","date_gmt":"2025-02-26T20:28:50","guid":{"rendered":"https:\/\/guialimeira.com.br\/2025\/02\/26\/rui-costa-descarta-medida-excepcional-para-impulsionar-economia\/"},"modified":"2025-02-26T17:28:50","modified_gmt":"2025-02-26T20:28:50","slug":"rui-costa-descarta-medida-excepcional-para-impulsionar-economia","status":"publish","type":"post","link":"https:\/\/guialimeira.com.br\/news\/rui-costa-descarta-medida-excepcional-para-impulsionar-economia\/","title":{"rendered":"Rui Costa descarta \u201cmedida excepcional\u201d para impulsionar economia"},"content":{"rendered":"<p> <br \/>\n<\/p>\n<div>\n<p>O ministro da Casa Civil, Rui Costa, disse\u00a0hoje (26) que o <strong>governo do presidente Luiz In\u00e1cio Lula da Silva n\u00e3o vai editar qualquer \u201cmedida excepcional\u201d para impulsionar a atividade econ\u00f4mica<\/strong> do pa\u00eds.<img data-recalc-dims=\"1\" decoding=\"async\" src=\"https:\/\/i0.wp.com\/agenciabrasil.ebc.com.br\/ebc.png?w=696&#038;ssl=1\" style=\"width:1px; height:1px; display:inline;\"\/><img data-recalc-dims=\"1\" decoding=\"async\" src=\"https:\/\/i0.wp.com\/agenciabrasil.ebc.com.br\/ebc.gif?w=696&#038;ssl=1\" style=\"width:1px; height:1px; display:inline;\"\/><\/p>\n<blockquote>\n<p>\u201cN\u00e3o haver\u00e1 medida excepcional para impulsionar o crescimento da economia. A economia vai crescer pelo que est\u00e1 contratado. Quem est\u00e1 fazendo investimento em ferrovia n\u00e3o vai parar, porque\u00a0est\u00e1 contratado no longo prazo. Quem investiu em um porto ou um aeroporto, quem ganhou uma concess\u00e3o, tem um contrato a cumprir, portanto, esses investimentos n\u00e3o v\u00e3o parar.\u00a0 N\u00e3o haver\u00e1 nenhuma medida excepcional para reaquecer a economia.\u201d<\/p>\n<\/blockquote>\n<p>Questionado se a <a href=\"https:\/\/agenciabrasil.ebc.com.br\/economia\/noticia\/2025-02\/consignado-privado-sera-inedito-e-com-juros-menores-diz-haddad\" target=\"_blank\" rel=\"noopener\">proposta de cria\u00e7\u00e3o do cr\u00e9dito consignado<\/a>\u00a0voltado para trabalhadores do mercado privado n\u00e3o seria uma medida do governo para acelerar a economia, o ministro afirmou\u00a0que <strong>a medida \u00e9 estrutural e para o longo prazo, n\u00e3o \u00e9 para turbinar a economia ou melhorar a popularidade do atual governo.<\/strong><\/p>\n<blockquote>\n<p>\u201cPara adotar, por exemplo, a medida do consignado, Lula se reuniu com os principais bancos, em Bras\u00edlia, para ouvir a opini\u00e3o deles. Essa medida traz seguran\u00e7a jur\u00eddica ao banco, melhora as garantias, melhora a performance do empr\u00e9stimo e \u00e9 muito melhor para o sistema financeiro, porque vai aumentar o volume. Portanto, \u00e9 uma medida estrutural, n\u00e3o pontual.&#8221;\u00a0<\/p>\n<\/blockquote>\n<p><a href=\"http:\/\/agenciabrasil.ebc.com.br\/economia\/noticia\/2025-02\/consignado-privado-sera-inedito-e-com-juros-menores-diz-haddad\" target=\"_blank\" rel=\"noopener\">&gt;&gt;Consignado privado ser\u00e1 in\u00e9dito e com juros menores, diz Haddad<\/a><\/p>\n<p>Segundo o ministro, a medida \u00e9\u00a0positiva para a economia brasileira a longo prazo, possibilitando que a pessoa &#8220;troque uma d\u00edvida cara por uma d\u00edvida mais barata&#8221;.\u00a0<\/p>\n<p>Em entrevista\u00a0no in\u00edcio da tarde desta quarta-feira,\u00a0no CEO Conference Brasil 2025, evento organizado pelo\u00a0banco BTG Pactual,\u00a0<strong>o ministro destacou que o governo n\u00e3o vai deixar de lado o compromisso com a responsabilidade fiscal.<\/strong><\/p>\n<blockquote>\n<p>\u201cLogo ali, a gente vai ver, o mais breve poss\u00edvel, a economia se ajustando, o d\u00f3lar recuando, como j\u00e1 est\u00e1. E eu diria que a seguran\u00e7a e a confiabilidade no governo,\u00a0 aumentando. N\u00e3o tenha d\u00favida da absoluta responsabilidade fiscal do governo do presidente Lula.\u201d<\/p>\n<\/blockquote>\n<h2>Popularidade<\/h2>\n<p>Para o ministro, a queda na popularidade do presidente Lula, que vem sendo verificada nas \u00faltimas pesquisas divulgadas, pode ter sido provocada por uma falta de melhor comunica\u00e7\u00e3o do governo e tamb\u00e9m por not\u00edcias falsas que vem sendo divulgadas\u00a0pelas redes sociais.\u00a0<\/p>\n<blockquote>\n<p>\u201cAcho importante afirmar que quem governa &#8211; e governa com serenidade, sabendo aonde quer chegar &#8211; nem a pessoa d\u00e1 pulos de euforia quando voc\u00ea est\u00e1 bem nas pesquisas e nem vai para debaixo da cama e fica com depress\u00e3o quando est\u00e1 embaixo. Voc\u00ea tem que identificar, analisar e atuar para reverter uma eventual an\u00e1lise.&#8221;<\/p>\n<\/blockquote>\n<p><strong>Segundo Rui Costa, o governo pretende agora melhorar sua comunica\u00e7\u00e3o com a popula\u00e7\u00e3o.<\/strong><\/p>\n<p>\u201cEstamos melhorando a comunica\u00e7\u00e3o porque algu\u00e9m disse, em uma reuni\u00e3o, que h\u00e1 um deserto de percep\u00e7\u00e3o da popula\u00e7\u00e3o em rela\u00e7\u00e3o ao governo, ou seja, comunicamos mal o que fizemos. E segundo, precisamos ajustar a comunica\u00e7\u00e3o para que as\u00a0<em>fake news<\/em>, que s\u00e3o\u00a0a vers\u00e3o falsa, n\u00e3o cheguem antes da not\u00edcia verdadeira porque, quando isso ocorre, voc\u00ea vai perder sempre\u201d, disse.<\/p>\n<p>Para ele, essa melhoria na comunica\u00e7\u00e3o, aliada \u00e0 expectativa de se obter uma grande safra neste ano podem n\u00e3o s\u00f3 provocar queda no pre\u00e7o dos alimentos como tamb\u00e9m melhorar a percep\u00e7\u00e3o da popula\u00e7\u00e3o em rela\u00e7\u00e3o ao governo.<\/p>\n<blockquote>\n<p>\u201cN\u00f3s estamos confiantes que com a entrada da super safra e a melhoria da comunica\u00e7\u00e3o, n\u00f3s vamos reverter essa tend\u00eancia at\u00e9 o meio do ano\u201d, disse.<\/p>\n<\/blockquote>\n<p><strong>Durante a entrevista, o ministro negou ainda que haja uma divis\u00e3o no atual governo entre ele e o ministro da Fazenda, Fernando Haddad.<\/strong><\/p>\n<blockquote>\n<p>\u201cEssa \u00e9 uma luta que se trava entre o fake e a verdade. Eu sou e sempre fui uma pessoa de equipe, de grupo pol\u00edtico. N\u00e3o existe governo forte com o ministro da Fazenda fraco. E n\u00e3o existe governo que seja forte com o ministro da Casa Civil fraco. O governo s\u00f3 \u00e9 forte quando os ministros se entendem\u201d.<\/p>\n<\/blockquote>\n<h2>Marco legal<\/h2>\n<p>Durante o evento, o ministro tamb\u00e9m comentou que o governo espera que o Congresso aprove, ainda neste ano, o marco legal sobre o saneamento ambiental. \u201cEstamos discutindo com os senadores e esperamos que esse ano a gente consiga finalizar, no Congresso, a vota\u00e7\u00e3o desse arranjo inicial para termos um marco legal mais \u00e1gil, mais r\u00e1pido e que n\u00e3o significar\u00e1 abrir m\u00e3o da preserva\u00e7\u00e3o ambiental\u201d.<\/p>\n<p>      <!-- Relacionada --><\/p>\n<p>            <!-- Relacionada -->\n    <\/div>\n<p><br \/>\n<br \/><a href=\"https:\/\/agenciabrasil.ebc.com.br\/economia\/noticia\/2025-02\/rui-costa-descarta-medida-excepcional-para-impulsionar-economia\" rel=\"noopener\">Ag\u00eancia Brasil<\/a><\/p>\n","protected":false},"excerpt":{"rendered":"<p>O ministro da Casa Civil, Rui Costa, disse\u00a0hoje (26) que o governo do presidente Luiz In\u00e1cio Lula da Silva n\u00e3o vai editar qualquer \u201cmedida excepcional\u201d para impulsionar a atividade econ\u00f4mica do pa\u00eds. \u201cN\u00e3o haver\u00e1 medida excepcional para impulsionar o crescimento da economia. A economia vai crescer pelo que est\u00e1 contratado. Quem est\u00e1 fazendo investimento em [&hellip;]<\/p>\n","protected":false},"author":1,"featured_media":25034,"comment_status":"open","ping_status":"open","sticky":false,"template":"","format":"standard","meta":{"_jetpack_newsletter_access":"","_jetpack_dont_email_post_to_subs":false,"_jetpack_newsletter_tier_id":0,"_jetpack_memberships_contains_paywalled_content":false,"_mbp_banners":[],"_jetpack_feature_clip_id":0,"_jetpack_memberships_contains_paid_content":false,"footnotes":"","jetpack_publicize_message":"","jetpack_publicize_feature_enabled":true,"jetpack_social_post_already_shared":true,"jetpack_social_options":{"image_generator_settings":{"template":"highway","default_image_id":0,"font":"","enabled":false},"version":2},"jetpack_post_was_ever_published":false},"categories":[24],"tags":[],"class_list":["post-25033","post","type-post","status-publish","format-standard","has-post-thumbnail","category-economia"],"jetpack_publicize_connections":[],"jetpack-related-posts":[],"jetpack_shortlink":"https:\/\/wp.me\/p7Eq1F-6vL","jetpack_sharing_enabled":true,"jetpack_featured_media_url":"https:\/\/i0.wp.com\/guialimeira.com.br\/news\/wp-content\/uploads\/2025\/02\/lula6392-25.jpg?fit=1600%2C800&ssl=1","_links":{"self":[{"href":"https:\/\/guialimeira.com.br\/news\/wp-json\/wp\/v2\/posts\/25033","targetHints":{"allow":["GET"]}}],"collection":[{"href":"https:\/\/guialimeira.com.br\/news\/wp-json\/wp\/v2\/posts"}],"about":[{"href":"https:\/\/guialimeira.com.br\/news\/wp-json\/wp\/v2\/types\/post"}],"author":[{"embeddable":true,"href":"https:\/\/guialimeira.com.br\/news\/wp-json\/wp\/v2\/users\/1"}],"replies":[{"embeddable":true,"href":"https:\/\/guialimeira.com.br\/news\/wp-json\/wp\/v2\/comments?post=25033"}],"version-history":[{"count":0,"href":"https:\/\/guialimeira.com.br\/news\/wp-json\/wp\/v2\/posts\/25033\/revisions"}],"wp:featuredmedia":[{"embeddable":true,"href":"https:\/\/guialimeira.com.br\/news\/wp-json\/wp\/v2\/media\/25034"}],"wp:attachment":[{"href":"https:\/\/guialimeira.com.br\/news\/wp-json\/wp\/v2\/media?parent=25033"}],"wp:term":[{"taxonomy":"category","embeddable":true,"href":"https:\/\/guialimeira.com.br\/news\/wp-json\/wp\/v2\/categories?post=25033"},{"taxonomy":"post_tag","embeddable":true,"href":"https:\/\/guialimeira.com.br\/news\/wp-json\/wp\/v2\/tags?post=25033"}],"curies":[{"name":"wp","href":"https:\/\/api.w.org\/{rel}","templated":true}]}}