{"id":25024,"date":"2025-02-26T17:00:20","date_gmt":"2025-02-26T20:00:20","guid":{"rendered":"https:\/\/guialimeira.com.br\/?p=25024"},"modified":"2025-02-26T17:00:22","modified_gmt":"2025-02-26T20:00:22","slug":"projeto-de-lei-propoe-reforco-na-fiscalizacao-contra-poluicao-sonora-em-limeira","status":"publish","type":"post","link":"https:\/\/guialimeira.com.br\/news\/projeto-de-lei-propoe-reforco-na-fiscalizacao-contra-poluicao-sonora-em-limeira\/","title":{"rendered":"Projeto de Lei  prop\u00f5e refor\u00e7o na fiscaliza\u00e7\u00e3o contra polui\u00e7\u00e3o sonora em Limeira"},"content":{"rendered":"\n<p class=\"wp-block-paragraph\">A polui\u00e7\u00e3o sonora tem sido um dos principais motivos de reclama\u00e7\u00e3o da popula\u00e7\u00e3o limeirense, especialmente devido ao som excessivo de ve\u00edculos com autofalantes potentes e motocicletas com escapamentos adulterados. Para ampliar a fiscaliza\u00e7\u00e3o e coibir essas infra\u00e7\u00f5es, o vereador <strong>Estev\u00e3o Nogueira (Avante)<\/strong> apresentou o <strong>Projeto de Lei N\u00ba 29\/2025<\/strong>, que altera a <strong>Lei N\u00ba 5.515\/2015<\/strong>, conhecida como <strong>Lei do Pancad\u00e3o<\/strong>.<\/p>\n\n\n\n<p class=\"wp-block-paragraph\">A proposta acrescenta dois par\u00e1grafos ao <strong>artigo 3\u00ba da Lei N\u00ba 5.515\/2015<\/strong>, trazendo duas mudan\u00e7as importantes:<\/p>\n\n\n\n<p class=\"wp-block-paragraph\">\ud83d\udd39 <strong>Responsabilidade do propriet\u00e1rio<\/strong>: Caso o ve\u00edculo seja apreendido, o dono dever\u00e1 arcar com os custos de remo\u00e7\u00e3o e estadia do equipamento de som e do pr\u00f3prio autom\u00f3vel.<\/p>\n\n\n\n<p class=\"wp-block-paragraph\">\ud83d\udd39 <strong>Amplia\u00e7\u00e3o da fiscaliza\u00e7\u00e3o<\/strong>: O projeto autoriza o <strong>Poder Executivo Municipal<\/strong> a firmar conv\u00eanios com a <strong>Pol\u00edcia Militar do Estado de S\u00e3o Paulo<\/strong>, permitindo que a PM tamb\u00e9m fiscalize e aplique penalidades aos infratores.<\/p>\n\n\n\n<h2 class=\"wp-block-heading\"><strong>Por que essa mudan\u00e7a \u00e9 necess\u00e1ria?<\/strong><\/h2>\n\n\n\n<p class=\"wp-block-paragraph\">Atualmente, a fiscaliza\u00e7\u00e3o do som excessivo em Limeira \u00e9 de responsabilidade exclusiva da <strong>Guarda Municipal<\/strong>. No entanto, devido \u00e0 crescente demanda e ao efetivo limitado, a inclus\u00e3o da <strong>Pol\u00edcia Militar<\/strong> no processo pode ampliar significativamente a capacidade de resposta \u00e0s infra\u00e7\u00f5es.<\/p>\n\n\n\n<p class=\"wp-block-paragraph\">Al\u00e9m disso, <strong>motocicletas com escapamentos adulterados<\/strong> tamb\u00e9m passaram a ser alvo da legisla\u00e7\u00e3o, atendendo a in\u00fameras queixas da popula\u00e7\u00e3o sobre o barulho excessivo gerado por esses ve\u00edculos.<\/p>\n\n\n\n<h2 class=\"wp-block-heading\"><strong>Benef\u00edcios esperados com a nova lei<\/strong><\/h2>\n\n\n\n<p class=\"wp-block-paragraph\">\u2705 <strong>Mais seguran\u00e7a e qualidade de vida<\/strong>: Redu\u00e7\u00e3o dos ru\u00eddos urbanos e maior sensa\u00e7\u00e3o de tranquilidade para os moradores.<br>\u2705 <strong>Maior presen\u00e7a policial nas ruas<\/strong>: Inibi\u00e7\u00e3o de infra\u00e7\u00f5es e fortalecimento das a\u00e7\u00f5es de fiscaliza\u00e7\u00e3o.<br>\u2705 <strong>Uso eficiente dos recursos p\u00fablicos<\/strong>: Otimiza\u00e7\u00e3o das for\u00e7as de seguran\u00e7a para garantir mais efici\u00eancia na fiscaliza\u00e7\u00e3o.<br>\u2705 <strong>Integra\u00e7\u00e3o entre for\u00e7as de seguran\u00e7a<\/strong>: Trabalho conjunto entre Guarda Municipal e Pol\u00edcia Militar para um combate mais eficaz \u00e0 polui\u00e7\u00e3o sonora.<\/p>\n\n\n\n<p class=\"wp-block-paragraph\">A aprova\u00e7\u00e3o do <strong>Projeto de Lei N\u00ba 29\/2025<\/strong> representa um avan\u00e7o na luta contra a <strong>polui\u00e7\u00e3o sonora em Limeira<\/strong>. Com a delega\u00e7\u00e3o de compet\u00eancia para a Pol\u00edcia Militar, espera-se uma fiscaliza\u00e7\u00e3o mais \u00e1gil e rigorosa, proporcionando mais tranquilidade e qualidade de vida para a popula\u00e7\u00e3o.<\/p>\n\n\n\n<p class=\"wp-block-paragraph\">\ud83d\udccc <strong>Fique por dentro das atualiza\u00e7\u00f5es sobre esse projeto e outras medidas que impactam o dia a dia da nossa cidade!<\/strong><\/p>\n","protected":false},"excerpt":{"rendered":"<p>A polui\u00e7\u00e3o sonora tem sido um dos principais motivos de reclama\u00e7\u00e3o da popula\u00e7\u00e3o limeirense, especialmente devido ao som excessivo de ve\u00edculos com autofalantes potentes e motocicletas com escapamentos adulterados. Para ampliar a fiscaliza\u00e7\u00e3o e coibir essas infra\u00e7\u00f5es, o vereador Estev\u00e3o Nogueira (Avante) apresentou o Projeto de Lei N\u00ba 29\/2025, que altera a Lei N\u00ba 5.515\/2015, [&hellip;]<\/p>\n","protected":false},"author":1,"featured_media":25025,"comment_status":"open","ping_status":"open","sticky":false,"template":"","format":"standard","meta":{"_jetpack_newsletter_access":"","_jetpack_dont_email_post_to_subs":false,"_jetpack_newsletter_tier_id":0,"_jetpack_memberships_contains_paywalled_content":false,"_mbp_banners":[],"_jetpack_feature_clip_id":0,"_jetpack_memberships_contains_paid_content":false,"footnotes":"","jetpack_publicize_message":"","jetpack_publicize_feature_enabled":true,"jetpack_social_post_already_shared":true,"jetpack_social_options":{"image_generator_settings":{"template":"highway","default_image_id":0,"font":"","enabled":false},"version":2},"jetpack_post_was_ever_published":false},"categories":[16,19],"tags":[],"class_list":["post-25024","post","type-post","status-publish","format-standard","has-post-thumbnail","category-local","category-politica"],"jetpack_publicize_connections":[],"jetpack-related-posts":[],"jetpack_shortlink":"https:\/\/wp.me\/p7Eq1F-6vC","jetpack_sharing_enabled":true,"jetpack_featured_media_url":"https:\/\/i0.wp.com\/guialimeira.com.br\/news\/wp-content\/uploads\/2025\/02\/som-alto.jpg?fit=681%2C367&ssl=1","_links":{"self":[{"href":"https:\/\/guialimeira.com.br\/news\/wp-json\/wp\/v2\/posts\/25024","targetHints":{"allow":["GET"]}}],"collection":[{"href":"https:\/\/guialimeira.com.br\/news\/wp-json\/wp\/v2\/posts"}],"about":[{"href":"https:\/\/guialimeira.com.br\/news\/wp-json\/wp\/v2\/types\/post"}],"author":[{"embeddable":true,"href":"https:\/\/guialimeira.com.br\/news\/wp-json\/wp\/v2\/users\/1"}],"replies":[{"embeddable":true,"href":"https:\/\/guialimeira.com.br\/news\/wp-json\/wp\/v2\/comments?post=25024"}],"version-history":[{"count":1,"href":"https:\/\/guialimeira.com.br\/news\/wp-json\/wp\/v2\/posts\/25024\/revisions"}],"predecessor-version":[{"id":25026,"href":"https:\/\/guialimeira.com.br\/news\/wp-json\/wp\/v2\/posts\/25024\/revisions\/25026"}],"wp:featuredmedia":[{"embeddable":true,"href":"https:\/\/guialimeira.com.br\/news\/wp-json\/wp\/v2\/media\/25025"}],"wp:attachment":[{"href":"https:\/\/guialimeira.com.br\/news\/wp-json\/wp\/v2\/media?parent=25024"}],"wp:term":[{"taxonomy":"category","embeddable":true,"href":"https:\/\/guialimeira.com.br\/news\/wp-json\/wp\/v2\/categories?post=25024"},{"taxonomy":"post_tag","embeddable":true,"href":"https:\/\/guialimeira.com.br\/news\/wp-json\/wp\/v2\/tags?post=25024"}],"curies":[{"name":"wp","href":"https:\/\/api.w.org\/{rel}","templated":true}]}}