{"id":25016,"date":"2025-02-26T16:34:06","date_gmt":"2025-02-26T19:34:06","guid":{"rendered":"https:\/\/guialimeira.com.br\/?p=25016"},"modified":"2025-02-26T16:34:08","modified_gmt":"2025-02-26T19:34:08","slug":"vereador-costa-junior-solicita-ampliacao-de-horario-para-exames-de-imagem-em-limeira","status":"publish","type":"post","link":"https:\/\/guialimeira.com.br\/news\/vereador-costa-junior-solicita-ampliacao-de-horario-para-exames-de-imagem-em-limeira\/","title":{"rendered":"Vereador Costa J\u00fanior solicita amplia\u00e7\u00e3o de hor\u00e1rio para exames de imagem em Limeira"},"content":{"rendered":"\n<p class=\"wp-block-paragraph\">A alta demanda por exames de imagem tem gerado longas filas de espera em Limeira, dificultando o acesso da popula\u00e7\u00e3o a diagn\u00f3sticos essenciais. Diante desse cen\u00e1rio, o vereador <strong>Costa J\u00fanior (Podemos)<\/strong> apresentou um <strong>requerimento ao Poder Executivo<\/strong>, solicitando informa\u00e7\u00f5es sobre a possibilidade de amplia\u00e7\u00e3o dos hor\u00e1rios de atendimento por meio do <strong>Cismetro<\/strong>.<\/p>\n\n\n\n<h2 class=\"wp-block-heading\"><strong>Quais informa\u00e7\u00f5es foram solicitadas?<\/strong><\/h2>\n\n\n\n<p class=\"wp-block-paragraph\">No requerimento, o vereador levanta quatro pontos fundamentais sobre a amplia\u00e7\u00e3o do hor\u00e1rio de atendimento para exames de imagem:<\/p>\n\n\n\n<p class=\"wp-block-paragraph\">1\ufe0f\u20e3 <strong>H\u00e1 um estudo ou planejamento em andamento para essa amplia\u00e7\u00e3o?<\/strong><br>2\ufe0f\u20e3 <strong>Quais s\u00e3o os principais desafios para a implementa\u00e7\u00e3o dessa medida?<\/strong><br>3\ufe0f\u20e3 <strong>Existe previs\u00e3o de recursos financeiros para viabilizar a mudan\u00e7a?<\/strong><br>4\ufe0f\u20e3 <strong>Quais seriam os impactos esperados na qualidade do atendimento?<\/strong><\/p>\n\n\n\n<h2 class=\"wp-block-heading\"><strong>Por que a amplia\u00e7\u00e3o do hor\u00e1rio \u00e9 importante?<\/strong><\/h2>\n\n\n\n<p class=\"wp-block-paragraph\">O aumento na demanda por exames de imagem reflete a necessidade de um atendimento mais \u00e1gil e acess\u00edvel \u00e0 popula\u00e7\u00e3o. A amplia\u00e7\u00e3o do hor\u00e1rio poderia:<\/p>\n\n\n\n<p class=\"wp-block-paragraph\">\u2705 <strong>Reduzir filas e tempo de espera<\/strong> para a realiza\u00e7\u00e3o dos exames;<br>\u2705 <strong>Atender um maior n\u00famero de pacientes<\/strong>, incluindo aqueles que trabalham durante o dia e encontram dificuldades para agendar seus exames;<br>\u2705 <strong>Melhorar a efici\u00eancia do sistema de sa\u00fade<\/strong>, evitando atrasos no diagn\u00f3stico e tratamento de diversas condi\u00e7\u00f5es m\u00e9dicas.<\/p>\n\n\n\n<h2 class=\"wp-block-heading\">A solicita\u00e7\u00e3o do vereador <strong>Costa J\u00fanior<\/strong> refor\u00e7a a necessidade de buscar solu\u00e7\u00f5es para melhorar o acesso \u00e0 sa\u00fade em Limeira. Agora, aguarda-se a resposta do <strong>Poder Executivo<\/strong> para entender a viabilidade da amplia\u00e7\u00e3o do hor\u00e1rio de atendimento dos exames de imagem.<\/h2>\n\n\n\n<p class=\"wp-block-paragraph\">\ud83d\udccc <strong>Fique por dentro das atualiza\u00e7\u00f5es sobre esse tema e outras iniciativas voltadas para a sa\u00fade no munic\u00edpio.<\/strong><\/p>\n","protected":false},"excerpt":{"rendered":"<p>A alta demanda por exames de imagem tem gerado longas filas de espera em Limeira, dificultando o acesso da popula\u00e7\u00e3o a diagn\u00f3sticos essenciais. Diante desse cen\u00e1rio, o vereador Costa J\u00fanior (Podemos) apresentou um requerimento ao Poder Executivo, solicitando informa\u00e7\u00f5es sobre a possibilidade de amplia\u00e7\u00e3o dos hor\u00e1rios de atendimento por meio do Cismetro. Quais informa\u00e7\u00f5es foram [&hellip;]<\/p>\n","protected":false},"author":1,"featured_media":25020,"comment_status":"open","ping_status":"open","sticky":false,"template":"","format":"standard","meta":{"_jetpack_newsletter_access":"","_jetpack_dont_email_post_to_subs":false,"_jetpack_newsletter_tier_id":0,"_jetpack_memberships_contains_paywalled_content":false,"_mbp_banners":[],"_jetpack_feature_clip_id":0,"_jetpack_memberships_contains_paid_content":false,"footnotes":"","jetpack_publicize_message":"","jetpack_publicize_feature_enabled":true,"jetpack_social_post_already_shared":true,"jetpack_social_options":{"image_generator_settings":{"template":"highway","default_image_id":0,"font":"","enabled":false},"version":2},"jetpack_post_was_ever_published":false},"categories":[19,15],"tags":[],"class_list":["post-25016","post","type-post","status-publish","format-standard","has-post-thumbnail","category-politica","category-saude"],"jetpack_publicize_connections":[],"jetpack-related-posts":[],"jetpack_shortlink":"https:\/\/wp.me\/p7Eq1F-6vu","jetpack_sharing_enabled":true,"jetpack_featured_media_url":"https:\/\/i0.wp.com\/guialimeira.com.br\/news\/wp-content\/uploads\/2025\/02\/noticia-3-960x600-1.jpg?fit=960%2C600&ssl=1","_links":{"self":[{"href":"https:\/\/guialimeira.com.br\/news\/wp-json\/wp\/v2\/posts\/25016","targetHints":{"allow":["GET"]}}],"collection":[{"href":"https:\/\/guialimeira.com.br\/news\/wp-json\/wp\/v2\/posts"}],"about":[{"href":"https:\/\/guialimeira.com.br\/news\/wp-json\/wp\/v2\/types\/post"}],"author":[{"embeddable":true,"href":"https:\/\/guialimeira.com.br\/news\/wp-json\/wp\/v2\/users\/1"}],"replies":[{"embeddable":true,"href":"https:\/\/guialimeira.com.br\/news\/wp-json\/wp\/v2\/comments?post=25016"}],"version-history":[{"count":1,"href":"https:\/\/guialimeira.com.br\/news\/wp-json\/wp\/v2\/posts\/25016\/revisions"}],"predecessor-version":[{"id":25021,"href":"https:\/\/guialimeira.com.br\/news\/wp-json\/wp\/v2\/posts\/25016\/revisions\/25021"}],"wp:featuredmedia":[{"embeddable":true,"href":"https:\/\/guialimeira.com.br\/news\/wp-json\/wp\/v2\/media\/25020"}],"wp:attachment":[{"href":"https:\/\/guialimeira.com.br\/news\/wp-json\/wp\/v2\/media?parent=25016"}],"wp:term":[{"taxonomy":"category","embeddable":true,"href":"https:\/\/guialimeira.com.br\/news\/wp-json\/wp\/v2\/categories?post=25016"},{"taxonomy":"post_tag","embeddable":true,"href":"https:\/\/guialimeira.com.br\/news\/wp-json\/wp\/v2\/tags?post=25016"}],"curies":[{"name":"wp","href":"https:\/\/api.w.org\/{rel}","templated":true}]}}