{"id":25005,"date":"2025-02-26T15:55:04","date_gmt":"2025-02-26T18:55:04","guid":{"rendered":"https:\/\/guialimeira.com.br\/?p=25005"},"modified":"2025-02-26T15:59:02","modified_gmt":"2025-02-26T18:59:02","slug":"secretario-de-habitacao-de-limeira-marco-xavier-solicita-desligamento-da-prefeitura","status":"publish","type":"post","link":"https:\/\/guialimeira.com.br\/news\/secretario-de-habitacao-de-limeira-marco-xavier-solicita-desligamento-da-prefeitura\/","title":{"rendered":"Secret\u00e1rio de Habita\u00e7\u00e3o de Limeira, Marco Xavier, solicita desligamento da Prefeitura"},"content":{"rendered":"\n<p class=\"wp-block-paragraph\">O Secret\u00e1rio de Habita\u00e7\u00e3o de Limeira, <strong>Marco Xavier<\/strong>, solicitou seu desligamento da Prefeitura nesta quarta-feira (26\/02). O an\u00fancio foi feito pelo prefeito <strong>Murilo F\u00e9lix<\/strong> em suas redes sociais, informando que a sa\u00edda ocorreu por quest\u00f5es pessoais.<\/p>\n\n\n\n<blockquote class=\"wp-block-quote is-layout-flow wp-block-quote-is-layout-flow\">\n<figure class=\"wp-block-image size-full\"><img data-recalc-dims=\"1\" loading=\"lazy\" decoding=\"async\" width=\"539\" height=\"367\" data-attachment-id=\"25006\" data-permalink=\"https:\/\/guialimeira.com.br\/news\/secretario-de-habitacao-de-limeira-marco-xavier-solicita-desligamento-da-prefeitura\/xavier\/\" data-orig-file=\"https:\/\/i0.wp.com\/guialimeira.com.br\/news\/wp-content\/uploads\/2025\/02\/xavier.png?fit=539%2C367&amp;ssl=1\" data-orig-size=\"539,367\" data-comments-opened=\"1\" data-image-meta=\"{&quot;aperture&quot;:&quot;0&quot;,&quot;credit&quot;:&quot;&quot;,&quot;camera&quot;:&quot;&quot;,&quot;caption&quot;:&quot;&quot;,&quot;created_timestamp&quot;:&quot;0&quot;,&quot;copyright&quot;:&quot;&quot;,&quot;focal_length&quot;:&quot;0&quot;,&quot;iso&quot;:&quot;0&quot;,&quot;shutter_speed&quot;:&quot;0&quot;,&quot;title&quot;:&quot;&quot;,&quot;orientation&quot;:&quot;0&quot;}\" data-image-title=\"xavier\" data-image-description=\"\" data-image-caption=\"\" data-large-file=\"https:\/\/i0.wp.com\/guialimeira.com.br\/news\/wp-content\/uploads\/2025\/02\/xavier.png?fit=539%2C367&amp;ssl=1\" src=\"https:\/\/i0.wp.com\/guialimeira.com.br\/wp-content\/uploads\/2025\/02\/xavier.png?resize=539%2C367&#038;ssl=1\" alt=\"\" class=\"wp-image-25006\" srcset=\"https:\/\/i0.wp.com\/guialimeira.com.br\/news\/wp-content\/uploads\/2025\/02\/xavier.png?w=539&amp;ssl=1 539w, https:\/\/i0.wp.com\/guialimeira.com.br\/news\/wp-content\/uploads\/2025\/02\/xavier.png?resize=300%2C204&amp;ssl=1 300w\" sizes=\"auto, (max-width: 539px) 100vw, 539px\" \/><\/figure>\n<\/blockquote>\n\n\n\n<h2 class=\"wp-block-heading\"><strong>Trajet\u00f3ria de Marco Xavier<\/strong><\/h2>\n\n\n\n<p class=\"wp-block-paragraph\">Nomeado Secret\u00e1rio de Habita\u00e7\u00e3o no inicio de fevereiro, <strong>Marco Xavier<\/strong> trouxe consigo uma ampla experi\u00eancia na \u00e1rea imobili\u00e1ria e na gest\u00e3o p\u00fablica.<\/p>\n\n\n\n<ul class=\"wp-block-list\">\n<li><strong>Forma\u00e7\u00e3o e Atua\u00e7\u00e3o Imobili\u00e1ria<\/strong>: Formado em Gest\u00e3o P\u00fablica e corretor de im\u00f3veis, Xavier fez parte do Conselho Regional de Corretores de Im\u00f3veis do Estado de S\u00e3o Paulo e atuou como correspondente <strong>CAIXA Aqui<\/strong>, facilitando o financiamento habitacional para diversas fam\u00edlias limeirenses.<\/li>\n\n\n\n<li><strong>Contribui\u00e7\u00e3o na Habita\u00e7\u00e3o<\/strong>: Desde 1999, participou da elabora\u00e7\u00e3o de empreendimentos habitacionais, contribuindo para que mais de <strong>duas mil fam\u00edlias<\/strong> realizassem o sonho da casa pr\u00f3pria.<\/li>\n\n\n\n<li><strong>Vida Pol\u00edtica<\/strong>: Foi eleito vereador por dois mandatos consecutivos (2017-2020 e 2021-2024). Durante sua atua\u00e7\u00e3o no Legislativo, integrou a <strong>Comiss\u00e3o de Obras e Servi\u00e7os P\u00fablicos<\/strong> e ajudou na revis\u00e3o do <strong>Plano Diretor Territorial-Ambiental<\/strong>, al\u00e9m de colaborar com projetos de Habita\u00e7\u00e3o de Interesse Social e Mercado Popular.<\/li>\n<\/ul>\n\n\n\n<p class=\"wp-block-paragraph\">Ao assumir a pasta, Xavier refor\u00e7ou a necessidade de agilizar processos e ampliar o acesso aos programas habitacionais. Sua gest\u00e3o buscou fortalecer pol\u00edticas p\u00fablicas voltadas \u00e0 moradia, garantindo que mais limeirenses pudessem conquistar um lar digno.<\/p>\n\n\n\n<p class=\"wp-block-paragraph\">Com sua sa\u00edda, ainda n\u00e3o h\u00e1 informa\u00e7\u00f5es sobre quem assumir\u00e1 o cargo na Secretaria de Habita\u00e7\u00e3o.<\/p>\n","protected":false},"excerpt":{"rendered":"<p>O Secret\u00e1rio de Habita\u00e7\u00e3o de Limeira, Marco Xavier, solicitou seu desligamento da Prefeitura nesta quarta-feira (26\/02). O an\u00fancio foi feito pelo prefeito Murilo F\u00e9lix em suas redes sociais, informando que a sa\u00edda ocorreu por quest\u00f5es pessoais. Trajet\u00f3ria de Marco Xavier Nomeado Secret\u00e1rio de Habita\u00e7\u00e3o no inicio de fevereiro, Marco Xavier trouxe consigo uma ampla experi\u00eancia [&hellip;]<\/p>\n","protected":false},"author":1,"featured_media":25007,"comment_status":"open","ping_status":"open","sticky":false,"template":"","format":"standard","meta":{"_jetpack_newsletter_access":"","_jetpack_dont_email_post_to_subs":false,"_jetpack_newsletter_tier_id":0,"_jetpack_memberships_contains_paywalled_content":false,"_mbp_banners":[],"_jetpack_feature_clip_id":0,"_jetpack_memberships_contains_paid_content":false,"footnotes":"","jetpack_publicize_message":"","jetpack_publicize_feature_enabled":true,"jetpack_social_post_already_shared":true,"jetpack_social_options":{"image_generator_settings":{"template":"highway","default_image_id":0,"font":"","enabled":false},"version":2},"jetpack_post_was_ever_published":false},"categories":[16,19],"tags":[],"class_list":["post-25005","post","type-post","status-publish","format-standard","has-post-thumbnail","category-local","category-politica"],"jetpack_publicize_connections":[],"jetpack-related-posts":[],"jetpack_shortlink":"https:\/\/wp.me\/p7Eq1F-6vj","jetpack_sharing_enabled":true,"jetpack_featured_media_url":"https:\/\/i0.wp.com\/guialimeira.com.br\/news\/wp-content\/uploads\/2025\/02\/m_137_0_1_06022025200956-1.jpg?fit=800%2C533&ssl=1","_links":{"self":[{"href":"https:\/\/guialimeira.com.br\/news\/wp-json\/wp\/v2\/posts\/25005","targetHints":{"allow":["GET"]}}],"collection":[{"href":"https:\/\/guialimeira.com.br\/news\/wp-json\/wp\/v2\/posts"}],"about":[{"href":"https:\/\/guialimeira.com.br\/news\/wp-json\/wp\/v2\/types\/post"}],"author":[{"embeddable":true,"href":"https:\/\/guialimeira.com.br\/news\/wp-json\/wp\/v2\/users\/1"}],"replies":[{"embeddable":true,"href":"https:\/\/guialimeira.com.br\/news\/wp-json\/wp\/v2\/comments?post=25005"}],"version-history":[{"count":2,"href":"https:\/\/guialimeira.com.br\/news\/wp-json\/wp\/v2\/posts\/25005\/revisions"}],"predecessor-version":[{"id":25009,"href":"https:\/\/guialimeira.com.br\/news\/wp-json\/wp\/v2\/posts\/25005\/revisions\/25009"}],"wp:featuredmedia":[{"embeddable":true,"href":"https:\/\/guialimeira.com.br\/news\/wp-json\/wp\/v2\/media\/25007"}],"wp:attachment":[{"href":"https:\/\/guialimeira.com.br\/news\/wp-json\/wp\/v2\/media?parent=25005"}],"wp:term":[{"taxonomy":"category","embeddable":true,"href":"https:\/\/guialimeira.com.br\/news\/wp-json\/wp\/v2\/categories?post=25005"},{"taxonomy":"post_tag","embeddable":true,"href":"https:\/\/guialimeira.com.br\/news\/wp-json\/wp\/v2\/tags?post=25005"}],"curies":[{"name":"wp","href":"https:\/\/api.w.org\/{rel}","templated":true}]}}