{"id":24997,"date":"2025-02-26T14:26:26","date_gmt":"2025-02-26T17:26:26","guid":{"rendered":"https:\/\/guialimeira.com.br\/2025\/02\/26\/caixa-fecha-dezembro-com-saldo-de-r-8321-bi-em-credito-imobiliario\/"},"modified":"2025-02-26T14:26:26","modified_gmt":"2025-02-26T17:26:26","slug":"caixa-fecha-dezembro-com-saldo-de-r-8321-bi-em-credito-imobiliario","status":"publish","type":"post","link":"https:\/\/guialimeira.com.br\/news\/caixa-fecha-dezembro-com-saldo-de-r-8321-bi-em-credito-imobiliario\/","title":{"rendered":"Caixa fecha dezembro com saldo de R$ 832,1 bi em cr\u00e9dito imobili\u00e1rio"},"content":{"rendered":"<p> <br \/>\n<\/p>\n<div>\n<p>A Caixa encerrou o m\u00eas de dezembro de 2024 com <strong>saldo de R$ 832,1 bilh\u00f5es na carteira de cr\u00e9dito imobili\u00e1rio. O valor atingido \u00e9 13,5% maior do que o patamar de dezembro de 2023,<\/strong> conforme salientado em balan\u00e7o divulgado nesta quarta-feira (26), na capital paulista.<img data-recalc-dims=\"1\" decoding=\"async\" src=\"https:\/\/i0.wp.com\/agenciabrasil.ebc.com.br\/ebc.png?w=696&#038;ssl=1\" style=\"width:1px; height:1px; display:inline;\"\/><img data-recalc-dims=\"1\" decoding=\"async\" src=\"https:\/\/i0.wp.com\/agenciabrasil.ebc.com.br\/ebc.gif?w=696&#038;ssl=1\" style=\"width:1px; height:1px; display:inline;\"\/><\/p>\n<p>A an\u00e1lise de todo o ano de 2024 indica que as contrata\u00e7\u00f5es de cr\u00e9dito imobili\u00e1rio somaram R$ 223,6 bilh\u00f5es, total 20,6% superior ao de 2023. A marca alcan\u00e7ada no ano passado \u00e9 recorde. Ao todo, a Caixa financiou 803,4 mil im\u00f3veis, permitindo que 3,2 milh\u00f5es de pessoas adquirissem a casa pr\u00f3pria.<\/p>\n<p>Outro resultado destacado pela Caixa foi o da poupan\u00e7a, indicador capaz de ampliar a percep\u00e7\u00e3o sobre aspectos como a forma com que os brasileiros est\u00e3o lidando com o dinheiro e se t\u00eam conseguido economizar.<strong> Em dezembro de 2024, os dep\u00f3sitos na poupan\u00e7a aumentaram 7,5%, gerando saldo de R$ 385,4 bilh\u00f5es<\/strong>.<\/p>\n<p>O balan\u00e7o apresentado pela institui\u00e7\u00e3o revela que o total de cr\u00e9dito consignado naquele m\u00eas foi de R$ 101,5 bilh\u00f5es. Uma das discuss\u00f5es atuais \u00e9 a <a href=\"https:\/\/agenciabrasil.ebc.com.br\/economia\/noticia\/2025-02\/consignado-privado-sera-inedito-e-com-juros-menores-diz-haddad\" target=\"_blank\" rel=\"noopener\">oferta dessa op\u00e7\u00e3o a trabalhadores da iniciativa privada<\/a>, j\u00e1 dispon\u00edvel para funcion\u00e1rios p\u00fablicos e aposentados.<\/p>\n<p>O presidente da Caixa, Carlos Vieira Fernandes, ressaltou que, a princ\u00edpio, h\u00e1 40 milh\u00f5es de pessoas habilitadas para obter aprova\u00e7\u00e3o na linha e que a modalidade \u00e9 importante tamb\u00e9m porque reduz custos de opera\u00e7\u00e3o. &#8220;Estamos s\u00f3 aguardando a regulamenta\u00e7\u00e3o&#8221;, afirmou.<\/p>\n<div class=\"dnd-widget-wrapper context-grande_6colunas type-image atom-align-left\">\n<div class=\"dnd-atom-rendered\"><!-- scald=367641:grande_6colunas {\"additionalClasses\":\"\"} --><br \/>\n            <img data-recalc-dims=\"1\" decoding=\"async\" src=\"https:\/\/i0.wp.com\/imagens.ebc.com.br\/QfiRGtvCkVbVbRXrjQN3iMKiAWE%3D\/463x0\/smart\/https%3A\/\/agenciabrasil.ebc.com.br\/sites\/default\/files\/thumbnails\/image\/vac_abr1601245867.jpg?w=696&#038;ssl=1\" alt=\"Bras\u00edlia, (DF) \u2013 16\/01\/2024 \u2013 Presidente da Caixa\u00a0Econ\u00f4mica Federal,\u00a0Carlos\u00a0Ant\u00f4nio\u00a0Vieira, participa do programa A Voz do Brasil. Foto Valter Campanato\/Ag\u00eancia Brasil.\" title=\"Valter Campanato\/Ag\u00eancia Brasil\"\/><br \/>\n        <img data-recalc-dims=\"1\" decoding=\"async\" src=\"https:\/\/i0.wp.com\/imagens.ebc.com.br\/QfiRGtvCkVbVbRXrjQN3iMKiAWE%3D\/463x0\/smart\/https%3A\/\/agenciabrasil.ebc.com.br\/sites\/default\/files\/thumbnails\/image\/vac_abr1601245867.jpg?w=696&#038;ssl=1\" alt=\"Bras\u00edlia, (DF) \u2013 16\/01\/2024 \u2013 Presidente da Caixa\u00a0Econ\u00f4mica Federal,\u00a0Carlos\u00a0Ant\u00f4nio\u00a0Vieira, participa do programa A Voz do Brasil. Foto Valter Campanato\/Ag\u00eancia Brasil.\" title=\"Valter Campanato\/Ag\u00eancia Brasil\"\/><br \/>\n    <!-- END scald=367641 --><\/div>\n<div class=\"dnd-caption-wrapper\">\n<p><strong><!--copyright=367641-->Carlos\u00a0Ant\u00f4nio\u00a0Vieira, presidente da Caixa &#8211; Valter Campanato\/Ag\u00eancia Brasil<\/strong><!--END copyright=367641--><\/p>\n<\/div>\n<\/div>\n<p>Fernandes comemorou o desempenho da institui\u00e7\u00e3o financeira e<strong> fez coloca\u00e7\u00f5es sobre a guinada digital do banco. Segundo ele, a fase, no momento, \u00e9 de remanejamento de ag\u00eancias, algo que est\u00e1 sendo feito gradualmente, conforme demandas identificadas<\/strong>.<\/p>\n<p>Ele disse que o plano \u00e9 de apenas redistribuir unidades em locais com mais clientes e n<strong>\u00e3o perder de vista a voca\u00e7\u00e3o social do banco, que \u00e9 ponte para atendimentos de benefici\u00e1rios de programas do governo federal. <\/strong>Apenas em 2024, R$ 404,1 bilh\u00f5es foram pagos a pessoas neles cadastrados, sendo R$ 163,3 bilh\u00f5es somente do Bolsa Fam\u00edlia e R$ 5,6 bilh\u00f5es a estudantes inscritos no P\u00e9-de-Meia.\u00a0<\/p>\n<p>&#8220;Vamos at\u00e9 crescer um pouco&#8221;, assegurou Fernandes, quando questionado sobre as perspectivas de expans\u00e3o da Caixa em 2025.<\/p>\n<p>      <!-- Relacionada --><\/p>\n<p>            <!-- Relacionada -->\n    <\/div>\n<p><br \/>\n<br \/><a href=\"https:\/\/agenciabrasil.ebc.com.br\/economia\/noticia\/2025-02\/caixa-fecha-dezembro-com-saldo-de-r-8321-bi-em-credito-imobiliario\" rel=\"noopener\">Ag\u00eancia Brasil<\/a><\/p>\n","protected":false},"excerpt":{"rendered":"<p>A Caixa encerrou o m\u00eas de dezembro de 2024 com saldo de R$ 832,1 bilh\u00f5es na carteira de cr\u00e9dito imobili\u00e1rio. O valor atingido \u00e9 13,5% maior do que o patamar de dezembro de 2023, conforme salientado em balan\u00e7o divulgado nesta quarta-feira (26), na capital paulista. A an\u00e1lise de todo o ano de 2024 indica que [&hellip;]<\/p>\n","protected":false},"author":1,"featured_media":24998,"comment_status":"open","ping_status":"open","sticky":false,"template":"","format":"standard","meta":{"_jetpack_newsletter_access":"","_jetpack_dont_email_post_to_subs":false,"_jetpack_newsletter_tier_id":0,"_jetpack_memberships_contains_paywalled_content":false,"_mbp_banners":[],"_jetpack_feature_clip_id":0,"_jetpack_memberships_contains_paid_content":false,"footnotes":"","jetpack_publicize_message":"","jetpack_publicize_feature_enabled":true,"jetpack_social_post_already_shared":true,"jetpack_social_options":{"image_generator_settings":{"template":"highway","default_image_id":0,"font":"","enabled":false},"version":2},"jetpack_post_was_ever_published":false},"categories":[24],"tags":[],"class_list":["post-24997","post","type-post","status-publish","format-standard","has-post-thumbnail","category-economia"],"jetpack_publicize_connections":[],"jetpack-related-posts":[],"jetpack_shortlink":"https:\/\/wp.me\/p7Eq1F-6vb","jetpack_sharing_enabled":true,"jetpack_featured_media_url":"https:\/\/i0.wp.com\/guialimeira.com.br\/news\/wp-content\/uploads\/2025\/02\/vac_abr1601245867.jpg?fit=1600%2C800&ssl=1","_links":{"self":[{"href":"https:\/\/guialimeira.com.br\/news\/wp-json\/wp\/v2\/posts\/24997","targetHints":{"allow":["GET"]}}],"collection":[{"href":"https:\/\/guialimeira.com.br\/news\/wp-json\/wp\/v2\/posts"}],"about":[{"href":"https:\/\/guialimeira.com.br\/news\/wp-json\/wp\/v2\/types\/post"}],"author":[{"embeddable":true,"href":"https:\/\/guialimeira.com.br\/news\/wp-json\/wp\/v2\/users\/1"}],"replies":[{"embeddable":true,"href":"https:\/\/guialimeira.com.br\/news\/wp-json\/wp\/v2\/comments?post=24997"}],"version-history":[{"count":0,"href":"https:\/\/guialimeira.com.br\/news\/wp-json\/wp\/v2\/posts\/24997\/revisions"}],"wp:featuredmedia":[{"embeddable":true,"href":"https:\/\/guialimeira.com.br\/news\/wp-json\/wp\/v2\/media\/24998"}],"wp:attachment":[{"href":"https:\/\/guialimeira.com.br\/news\/wp-json\/wp\/v2\/media?parent=24997"}],"wp:term":[{"taxonomy":"category","embeddable":true,"href":"https:\/\/guialimeira.com.br\/news\/wp-json\/wp\/v2\/categories?post=24997"},{"taxonomy":"post_tag","embeddable":true,"href":"https:\/\/guialimeira.com.br\/news\/wp-json\/wp\/v2\/tags?post=24997"}],"curies":[{"name":"wp","href":"https:\/\/api.w.org\/{rel}","templated":true}]}}