{"id":24990,"date":"2025-02-26T13:32:10","date_gmt":"2025-02-26T16:32:10","guid":{"rendered":"https:\/\/guialimeira.com.br\/?p=24990"},"modified":"2025-02-26T13:32:10","modified_gmt":"2025-02-26T16:32:10","slug":"comissao-de-orcamento-quer-esclarecimentos-da-prefeitura-sobre-a-inclusao-de-contribuintes-inadimplentes-no-spc-e-serasa","status":"publish","type":"post","link":"https:\/\/guialimeira.com.br\/news\/comissao-de-orcamento-quer-esclarecimentos-da-prefeitura-sobre-a-inclusao-de-contribuintes-inadimplentes-no-spc-e-serasa\/","title":{"rendered":"Comiss\u00e3o de Or\u00e7amento quer esclarecimentos da Prefeitura sobre a inclus\u00e3o de contribuintes inadimplentes no SPC e Serasa"},"content":{"rendered":"\n<figure class=\"wp-block-gallery has-nested-images columns-default is-cropped wp-block-gallery-1 is-layout-flex wp-block-gallery-is-layout-flex\"><\/figure>\n \r\n<br><img data-recalc-dims=\"1\" decoding=\"async\" src=\"https:\/\/i0.wp.com\/guialimeira.com.br\/wp-content\/uploads\/2025\/02\/2025-02-26_comissao-de-orcamento-quer-esclarecimentos-da-prefeitura-sobre-a-inclusao-de-contribuinte.jpeg?w=696&#038;ssl=1\" \/><br><div>\n\t\t\t\t\t<p>A possibilidade de incluir cidad\u00e3os e empresas devedores de tributos municipais nas listas de inadimplentes do SPC e Serasa gerou questionamentos por parte dos vereadores da Comiss\u00e3o de Or\u00e7amento e Fiscaliza\u00e7\u00e3o do Executivo de Limeira. Durante uma reuni\u00e3o na quarta-feira, 26 de fevereiro, a comiss\u00e3o decidiu elaborar um requerimento para que a Prefeitura esclare\u00e7a a medida informada.\u00a0<\/p><p>Os questionamentos foram feitos com base em resposta do <a href=\"https:\/\/youtu.be\/_63dXcnrmM4?t=5862\" rel=\"noopener\">secret\u00e1rio de Fazenda, Valmir Barreira<\/a>, durante a audi\u00eancia p\u00fablica de presta\u00e7\u00e3o de contas das metas fiscais, na noite anterior (ter\u00e7a-feira, 25 de fevereiro). Ele explicava, na ocasi\u00e3o, sobre quais mecanismos est\u00e3o sendo adotados para diminuir a d\u00edvida ativa. \u00a0<\/p><p>Segundo Valmir, a pasta est\u00e1 protestando devedores e \u201cagilizando um conv\u00eanio com o SPC, j\u00e1 praticamente fechado\u201d. Tamb\u00e9m informou \u201cque vai trabalhar com o Serasa para que esses contribuintes fiquem com os nomes nessas institui\u00e7\u00f5es.\u201d<\/p><p>S\u00e3o inscritos na d\u00edvida ativa pessoas f\u00edsicas e jur\u00eddicas que deixam de pagar seu d\u00e9bito com a Prefeitura de Limeira, como IPTU, ISS e multas administrativas dentro do prazo de vencimento. Apesar de o objetivo ser o aumento da efic\u00e1cia na cobran\u00e7a dessas d\u00edvidas, devido \u00e0s implica\u00e7\u00f5es para os devedores, os vereadores pediram esclarecimento sobre como o processo ser\u00e1 conduzido.\u00a0\u00a0<\/p><p>No requerimento, a Comiss\u00e3o questiona o seguinte:\u00a0\u00a0\u00a0<\/p><ul><li>A Prefeitura j\u00e1 iniciou ou pretende iniciar a inclus\u00e3o de contribuintes inadimplentes nos cadastros de restri\u00e7\u00e3o ao cr\u00e9dito?<\/li><li>Quais tipos de d\u00e9bitos poder\u00e3o levar \u00e0 negativa\u00e7\u00e3o? (IPTU, ISS, multas administrativas, taxas diversas, entre outros).<\/li><li>Haver\u00e1 um valor m\u00ednimo de d\u00edvida para que ocorra a negativa\u00e7\u00e3o? Se sim, qual?<\/li><li>Antes da inclus\u00e3o no SPC\/Serasa, como e com qual prazo o contribuinte ser\u00e1 notificado?<\/li><li>Haver\u00e1 um canal espec\u00edfico para que o contribuinte possa contestar a d\u00edvida antes da negativa\u00e7\u00e3o?<\/li><li>Existe previs\u00e3o de um programa de regulariza\u00e7\u00e3o ou parcelamento para evitar a negativa\u00e7\u00e3o?<\/li><\/ul><p>As delibera\u00e7\u00f5es s\u00e3o registradas em <a href=\"https:\/\/consulta.limeira.sp.leg.br\/arquivo?Id=479913\" rel=\"noopener\">ata<\/a>.\u00a0<\/p><p><strong>Sobre a Comiss\u00e3o<\/strong><\/p><p>Fazem parte do colegiado a vereadora Lu Bogo (PL), presidente; Estev\u00e3o Nogueira (Avante), vice-presidente; e Elias Barbosa (PRTB), secret\u00e1rio.<strong>\u00a0<\/strong><\/p><p>Os membros s\u00e3o respons\u00e1veis por analisar os aspectos financeiros e or\u00e7ament\u00e1rios de todas as proposi\u00e7\u00f5es apresentadas tanto pelo Legislativo, quanto pela Prefeitura, bem como fiscalizar os atos do Poder Executivo e investigar den\u00fancias sobre malversa\u00e7\u00e3o de dinheiro p\u00fablico, desvio de finalidade ou de poder praticados pelas autoridades p\u00fablicas integrantes da Administra\u00e7\u00e3o Municipal, inclusive os da administra\u00e7\u00e3o indireta.<\/p>\t\t\t\t<\/div>\r\n<br>\r\n<br><a href=\"https:\/\/www.limeira.sp.leg.br\/noticias\/view\/2025-02-26_comissao-de-orcamento-quer-esclarecimentos-da-prefeitura-sobre-a-inclusao-de-contribuintes-inadimplentes-no-spc-e-serasa\" rel=\"noopener\">Informa\u00e7\u00f5es CML <\/a>","protected":false},"excerpt":{"rendered":"<p>A possibilidade de incluir cidad\u00e3os e empresas devedores de tributos municipais nas listas de inadimplentes do SPC e Serasa gerou questionamentos por parte dos vereadores da Comiss\u00e3o de Or\u00e7amento e Fiscaliza\u00e7\u00e3o do Executivo de Limeira. Durante uma reuni\u00e3o na quarta-feira, 26 de fevereiro, a comiss\u00e3o decidiu elaborar um requerimento para que a Prefeitura esclare\u00e7a a [&hellip;]<\/p>\n","protected":false},"author":1,"featured_media":24991,"comment_status":"open","ping_status":"open","sticky":false,"template":"","format":"standard","meta":{"_jetpack_newsletter_access":"","_jetpack_dont_email_post_to_subs":false,"_jetpack_newsletter_tier_id":0,"_jetpack_memberships_contains_paywalled_content":false,"_mbp_banners":[],"_jetpack_feature_clip_id":0,"_jetpack_memberships_contains_paid_content":false,"footnotes":"","jetpack_publicize_message":"","jetpack_publicize_feature_enabled":true,"jetpack_social_post_already_shared":true,"jetpack_social_options":{"image_generator_settings":{"template":"highway","default_image_id":0,"font":"","enabled":false},"version":2},"jetpack_post_was_ever_published":false},"categories":[19],"tags":[],"class_list":["post-24990","post","type-post","status-publish","format-standard","has-post-thumbnail","category-politica"],"jetpack_publicize_connections":[],"jetpack-related-posts":[],"jetpack_shortlink":"https:\/\/wp.me\/p7Eq1F-6v4","jetpack_sharing_enabled":true,"jetpack_featured_media_url":"https:\/\/i0.wp.com\/guialimeira.com.br\/news\/wp-content\/uploads\/2025\/02\/Comissao-de-Orcamento-quer-esclarecimentos-da-Prefeitura-sobre-a-inclusao.jpeg?fit=1280%2C640&ssl=1","_links":{"self":[{"href":"https:\/\/guialimeira.com.br\/news\/wp-json\/wp\/v2\/posts\/24990","targetHints":{"allow":["GET"]}}],"collection":[{"href":"https:\/\/guialimeira.com.br\/news\/wp-json\/wp\/v2\/posts"}],"about":[{"href":"https:\/\/guialimeira.com.br\/news\/wp-json\/wp\/v2\/types\/post"}],"author":[{"embeddable":true,"href":"https:\/\/guialimeira.com.br\/news\/wp-json\/wp\/v2\/users\/1"}],"replies":[{"embeddable":true,"href":"https:\/\/guialimeira.com.br\/news\/wp-json\/wp\/v2\/comments?post=24990"}],"version-history":[{"count":1,"href":"https:\/\/guialimeira.com.br\/news\/wp-json\/wp\/v2\/posts\/24990\/revisions"}],"predecessor-version":[{"id":24992,"href":"https:\/\/guialimeira.com.br\/news\/wp-json\/wp\/v2\/posts\/24990\/revisions\/24992"}],"wp:featuredmedia":[{"embeddable":true,"href":"https:\/\/guialimeira.com.br\/news\/wp-json\/wp\/v2\/media\/24991"}],"wp:attachment":[{"href":"https:\/\/guialimeira.com.br\/news\/wp-json\/wp\/v2\/media?parent=24990"}],"wp:term":[{"taxonomy":"category","embeddable":true,"href":"https:\/\/guialimeira.com.br\/news\/wp-json\/wp\/v2\/categories?post=24990"},{"taxonomy":"post_tag","embeddable":true,"href":"https:\/\/guialimeira.com.br\/news\/wp-json\/wp\/v2\/tags?post=24990"}],"curies":[{"name":"wp","href":"https:\/\/api.w.org\/{rel}","templated":true}]}}