{"id":24985,"date":"2025-02-26T13:22:48","date_gmt":"2025-02-26T16:22:48","guid":{"rendered":"https:\/\/guialimeira.com.br\/2025\/02\/26\/brasil-criou-1373-mil-postos-formais-de-trabalho-em-janeiro\/"},"modified":"2025-02-26T13:22:48","modified_gmt":"2025-02-26T16:22:48","slug":"brasil-criou-1373-mil-postos-formais-de-trabalho-em-janeiro","status":"publish","type":"post","link":"https:\/\/guialimeira.com.br\/news\/brasil-criou-1373-mil-postos-formais-de-trabalho-em-janeiro\/","title":{"rendered":"Brasil criou 137,3 mil postos formais de trabalho em janeiro"},"content":{"rendered":"<p> <br \/>\n<\/p>\n<div>\n<p>O <strong>Brasil aumentou em 137.303 o n\u00famero de empregos formais no m\u00eas de janeiro<\/strong>, situa\u00e7\u00e3o em que o posto de trabalho garante ao trabalhador direitos e deveres previstos na legisla\u00e7\u00e3o trabalhista regidas pela CLT.<img data-recalc-dims=\"1\" decoding=\"async\" src=\"https:\/\/i0.wp.com\/agenciabrasil.ebc.com.br\/ebc.png?w=696&#038;ssl=1\" style=\"width:1px; height:1px; display:inline;\"\/><img data-recalc-dims=\"1\" decoding=\"async\" src=\"https:\/\/i0.wp.com\/agenciabrasil.ebc.com.br\/ebc.gif?w=696&#038;ssl=1\" style=\"width:1px; height:1px; display:inline;\"\/><\/p>\n<p>O saldo de empregos celetistas <strong>decorre de 2.271.611 admiss\u00f5es e de 2.134.308 desligamentos<\/strong>, segundo o <a href=\"https:\/\/www.gov.br\/trabalho-e-emprego\/pt-br\/assuntos\/estatisticas-trabalho\/novo-caged\/2025\/janeiro\/pagina-inicial\" target=\"_blank\" rel=\"noopener\">Novo Cadastro Geral de Empregados e Desempregados (Novo Caged)<\/a>, divulgado nesta quarta-feira (26) pelo ministro do Trabalho e Emprego, Luiz Marinho.<\/p>\n<p>De acordo com o minist\u00e9rio, o total de celetistas ativos no pa\u00eds (estoque) em janeiro era de 47.341.293 v\u00ednculos, resultado que representa varia\u00e7\u00e3o positiva de 0,29%, na compara\u00e7\u00e3o com o estoque registrado em dezembro.<\/p>\n<p>No acumulado de 12 meses, <strong>de fevereiro de 2024 a janeiro deste ano, o saldo tamb\u00e9m \u00e9 positivo em 1.650.785 empregos celetistas<\/strong>. No per\u00edodo, foram 25.743.968 admiss\u00f5es e 24.093.183 desligamentos.<\/p>\n<h2>Sal\u00e1rio<\/h2>\n<p>Segundo mostra o Caged, o <strong>sal\u00e1rio m\u00e9dio das admiss\u00f5es aumentou 4,12% de dezembro do ano passado para janeiro deste ano<\/strong>. O percentual corresponde a um <strong>acr\u00e9scimo de R$ 89,02 no recebido pelos admitidos<\/strong>, resultando em um <strong>sal\u00e1rio inicial de R$ 2.251,33<\/strong>.<\/p>\n<p>Ao anunciar os n\u00fameros, o <strong>ministro Luiz Marinho fez cr\u00edticas a manifesta\u00e7\u00f5es creditadas a \u201cum tal mercado que n\u00e3o apresenta CPF\u201d<\/strong>, de que a gera\u00e7\u00e3o de novos empregos seria algo negativo para o pa\u00eds.<\/p>\n<blockquote>\n<p>\u201cVejo com estranhamento esse tal de mercado dizer que saldo positivo de emprego \u00e9 um mal. Eu n\u00e3o consigo entender que isso seja um problema [que resulte em aumento de juros]\u201d, criticou.<\/p>\n<\/blockquote>\n<p>Segundo Marinho, juros \u00e9 um problema que cabe ao Banco Central monitorar, \u201cdialogando com os entes produtivos, para se prepararem para uma economia crescente, programando mais produ\u00e7\u00e3o, de forma a controlar a infla\u00e7\u00e3o\u201d.<\/p>\n<h2>Atividades econ\u00f4micas<\/h2>\n<p>De acordo com os dados do Caged, <strong>quatro dos cinco grandes grupos de atividades apresentaram saldo positivo de empregos celetistas em janeiro<\/strong>. O segmento que gerou maior n\u00famero de vagas foi o de Ind\u00fastria Geral, com um saldo de 70.428 novos postos de trabalho.<\/p>\n<p>Em segundo lugar est\u00e1 o setor de Servi\u00e7os, com saldo positivo de 45.165 postos, seguido de Constru\u00e7\u00e3o (38.373 postos) e agropecu\u00e1ria (35.754 postos). O \u00fanico segmento que registrou saldo negativo foi o de Com\u00e9rcio, com 52.417 postos a menos.<\/p>\n<h2>Mais cr\u00edticas<\/h2>\n<p>Luiz Marinho aproveitou o resultado para, novamente, falar da <strong>\u201cincapacidade do mercado\u201d em fazer proje\u00e7\u00f5es que correspondam \u00e0 realidade brasileira<\/strong>.\u00a0<\/p>\n<p>\u201cFoi assim em 2023, quando projetaram que o crescimento do PIB seria, no m\u00e1ximo de 0,7%, quando cresceu 3,2%. Em 2024, projetaram que, no m\u00e1ximo, cresceria 1%. Crescemos 3,8%\u201d, disse.<\/p>\n<blockquote>\n<p>\u201cAgora est\u00e3o, de novo, tentando projetar para baixo a realidade da economia brasileira. N\u00e3o sei qual \u00e9 a desse tal mercado que nem CPF apresenta, para a gente poder conversar e ensin\u00e1-los a projetar corretamente, entendendo que o mundo da economia n\u00e3o se faz somente pela macroeconomia. Tem tamb\u00e9m a microeconomia, que reage com as pol\u00edticas p\u00fablicas de aumento real do sal\u00e1rio m\u00ednimo\u201d, afirmou.<\/p>\n<\/blockquote>\n<h2>Regi\u00f5es<\/h2>\n<p>Das cinco regi\u00f5es, quatro apresentaram saldo positivo no n\u00famero de empregos formais em janeiro.<\/p>\n<p><strong>No Sul, foram 65.712 novos postos de trabalho<\/strong>, o que corresponde a um aumento de 0,76% de dezembro de 2024 para janeiro deste ano. <strong>Na Regi\u00e3o Centro-Oeste, foram 44.363 novos postos<\/strong>, uma alta de 1,06% na compara\u00e7\u00e3o com o m\u00eas anterior.<\/p>\n<p><strong>O Sudeste gerou 27.756 novos postos (0,12%)<\/strong>; e o <strong>Norte, 1.932 postos (0,08 %)<\/strong>. J\u00e1 o <strong>Nordeste reduziu em 2.671 o n\u00famero de empregos celetistas<\/strong>, queda de 0,03%.<\/p>\n<p>Das 27 unidades federativas, <strong>17 registraram saldos positivos<\/strong>. S\u00e3o Paulo foi o estado que apresentou maior saldo, com 36.125 novos postos, o que corresponde a um aumento de 0,25% em janeiro, na compara\u00e7\u00e3o com o m\u00eas anterior.\u00a0<\/p>\n<p>Em segundo lugar est\u00e1 o Rio Grande do Sul, com saldo positivo de 26.732 postos (0,94%), seguido de Santa Catarina, com saldo de 23.062 postos (0,90%).<\/p>\n<h2>Unidades federativas<\/h2>\n<p>Os estados com <strong>menor saldo<\/strong> foram <strong>Rio de Janeiro<\/strong>, com uma redu\u00e7\u00e3o de 12.960 postos celetistas (0,33%), seguido de <strong>Pernambuco<\/strong>, que reduziu em 5.230 postos (0,34%); e <strong>Par\u00e1<\/strong>, com 2.203 postos a menos (0,22%).<\/p>\n<p>Segundo o Caged, em termos relativos, os estados com <strong>maior varia\u00e7\u00e3o positiva<\/strong> em rela\u00e7\u00e3o ao estoque do m\u00eas anterior foram <strong>Mato Grosso<\/strong>, com um aumento de 2,07% no n\u00famero de postos celetistas, com saldo positivo de 19.507 novos postos.<\/p>\n<p>O <strong>Rio Grande do Sul<\/strong> aumentou em 0,94% o n\u00famero de empregos celetistas, o que corresponde a 26.732 novos postos (0,94%). <strong>Santa Catarina<\/strong> aumentou em 0,9% o total de empregos formais, resultado que equivale a saldo positivo de 23.062 postos.<\/p>\n<p>J\u00e1 as unidades federativas que apresentaram as <strong>menores varia\u00e7\u00f5es<\/strong> de estoque em janeiro foram o <strong>Acre<\/strong>, com uma redu\u00e7\u00e3o de 645 postos, seguido de <strong>Pernambuco<\/strong>, com menos 5.230 postos, e o <strong>Rio de Janeiro<\/strong>, com menos 12.960 postos.<\/p>\n<p>      <!-- Relacionada --><\/p>\n<p>            <!-- Relacionada -->\n    <\/div>\n<p><br \/>\n<br \/><a href=\"https:\/\/agenciabrasil.ebc.com.br\/economia\/noticia\/2025-02\/brasil-criou-1373-mil-postos-formais-de-trabalho-em-janeiro\" rel=\"noopener\">Ag\u00eancia Brasil<\/a><\/p>\n","protected":false},"excerpt":{"rendered":"<p>O Brasil aumentou em 137.303 o n\u00famero de empregos formais no m\u00eas de janeiro, situa\u00e7\u00e3o em que o posto de trabalho garante ao trabalhador direitos e deveres previstos na legisla\u00e7\u00e3o trabalhista regidas pela CLT. O saldo de empregos celetistas decorre de 2.271.611 admiss\u00f5es e de 2.134.308 desligamentos, segundo o Novo Cadastro Geral de Empregados e [&hellip;]<\/p>\n","protected":false},"author":1,"featured_media":6871,"comment_status":"open","ping_status":"open","sticky":false,"template":"","format":"standard","meta":{"_jetpack_newsletter_access":"","_jetpack_dont_email_post_to_subs":false,"_jetpack_newsletter_tier_id":0,"_jetpack_memberships_contains_paywalled_content":false,"_mbp_banners":[],"_jetpack_feature_clip_id":0,"_jetpack_memberships_contains_paid_content":false,"footnotes":"","jetpack_publicize_message":"","jetpack_publicize_feature_enabled":true,"jetpack_social_post_already_shared":true,"jetpack_social_options":{"image_generator_settings":{"template":"highway","default_image_id":0,"font":"","enabled":false},"version":2},"jetpack_post_was_ever_published":false},"categories":[24],"tags":[],"class_list":["post-24985","post","type-post","status-publish","format-standard","has-post-thumbnail","category-economia"],"jetpack_publicize_connections":[],"jetpack-related-posts":[],"jetpack_shortlink":"https:\/\/wp.me\/p7Eq1F-6uZ","jetpack_sharing_enabled":true,"jetpack_featured_media_url":"https:\/\/i0.wp.com\/guialimeira.com.br\/news\/wp-content\/uploads\/2024\/05\/carteira-de-trabalho-digital_mcamgo_abr_240620211818-5.jpg?fit=1600%2C800&ssl=1","_links":{"self":[{"href":"https:\/\/guialimeira.com.br\/news\/wp-json\/wp\/v2\/posts\/24985","targetHints":{"allow":["GET"]}}],"collection":[{"href":"https:\/\/guialimeira.com.br\/news\/wp-json\/wp\/v2\/posts"}],"about":[{"href":"https:\/\/guialimeira.com.br\/news\/wp-json\/wp\/v2\/types\/post"}],"author":[{"embeddable":true,"href":"https:\/\/guialimeira.com.br\/news\/wp-json\/wp\/v2\/users\/1"}],"replies":[{"embeddable":true,"href":"https:\/\/guialimeira.com.br\/news\/wp-json\/wp\/v2\/comments?post=24985"}],"version-history":[{"count":0,"href":"https:\/\/guialimeira.com.br\/news\/wp-json\/wp\/v2\/posts\/24985\/revisions"}],"wp:featuredmedia":[{"embeddable":true,"href":"https:\/\/guialimeira.com.br\/news\/wp-json\/wp\/v2\/media\/6871"}],"wp:attachment":[{"href":"https:\/\/guialimeira.com.br\/news\/wp-json\/wp\/v2\/media?parent=24985"}],"wp:term":[{"taxonomy":"category","embeddable":true,"href":"https:\/\/guialimeira.com.br\/news\/wp-json\/wp\/v2\/categories?post=24985"},{"taxonomy":"post_tag","embeddable":true,"href":"https:\/\/guialimeira.com.br\/news\/wp-json\/wp\/v2\/tags?post=24985"}],"curies":[{"name":"wp","href":"https:\/\/api.w.org\/{rel}","templated":true}]}}