{"id":2498,"date":"2024-04-23T17:35:50","date_gmt":"2024-04-23T20:35:50","guid":{"rendered":"https:\/\/guialimeira.com.br\/2024\/04\/23\/erika-tank-participa-de-abertura-do-3-empreenda-limeira\/"},"modified":"2024-04-23T17:35:50","modified_gmt":"2024-04-23T20:35:50","slug":"erika-tank-participa-de-abertura-do-3-empreenda-limeira","status":"publish","type":"post","link":"https:\/\/guialimeira.com.br\/news\/erika-tank-participa-de-abertura-do-3-empreenda-limeira\/","title":{"rendered":"Erika Tank participa de abertura do 3\u00b0 Empreenda Limeira"},"content":{"rendered":"<p> <br \/>\n<\/p>\n<div>\n            <main class=\"\">&#13;<br \/>\n                &#13;<br \/>\n&#13;<br \/>\n&#13;<br \/>\n&#13;<br \/>\n    <img data-recalc-dims=\"1\" decoding=\"async\" src=\"https:\/\/i0.wp.com\/ecrie.com.br\/sistema\/conteudos\/imagem\/m_137_0_1_23042024172801.jpg?w=696&#038;ssl=1\" alt=\"Erika Tank participa de abertura do 3\u00b0 Empreenda Limeira\"\/>&#13;<br \/>\n&#13;<\/p>\n<p>A vice-prefeita\u00a0de Limeira,\u00a0Erika Tank, participou nesta ter\u00e7a-feira (23) da abertura do 3\u00b0 Empreenda Limeira, no Espa\u00e7o Na\u00e7\u00f5es. A iniciativa, segundo o idealizador do evento, \u00c9der J\u00fanior de Oliveira, pretende fomentar o empreendedorismo, por meio do conhecimento e do networking. \u201cAproveitem ao m\u00e1ximo essa experi\u00eancia\u201d, disse a todos. Com a presen\u00e7a de grandes nomes do setor, como Thiago Nigro, Ma\u00edra Cardi e Thiago Candonga, a expectativa era reunir aproximadamente mil pessoas.<\/p>\n<p>&#13;<\/p>\n<p>O 3\u00b0 Empreenda Limeira\u00a0contou com apoio da Prefeitura de Limeira e da Associa\u00e7\u00e3o Integrada de Deficientes e Amigos (Ainda). \u201cA Prefeitura de Limeira investe constantemente em a\u00e7\u00f5es para fomentar o empreendedorismo na cidade, seja na promo\u00e7\u00e3o de cursos de qualifica\u00e7\u00e3o ou na organiza\u00e7\u00e3o de a\u00e7\u00f5es, como o M\u00eas Global do Empreendedorismo, salientou Erika Tank. A vice-prefeita finalizou o discurso desejando sucesso \u00e0 organiza\u00e7\u00e3o do evento.<\/p>\n<p>&#13;<\/p>\n<p>O presidente da C\u00e2mara Municipal, Everton Ferreira, a vereadora Mariana Calsa, e a coordenadora do Espa\u00e7o Na\u00e7\u00f5es, Luciana Bragante,\u00a0tamb\u00e9m prestigiaram a cerim\u00f4nia de abertura. O pe. Alexander Jos\u00e9 da Silva, da par\u00f3quia Santo Andr\u00e9 Ap\u00f3stolo, aben\u00e7oou os presentes.<\/p>\n<p>&#13;<\/p>\n<p>\u00a0<\/p>\n<p>&#13;<\/p>\n<p>\u00a0<\/p>\n<p>&#13;<br \/>\n&#13;<br \/>\n&#13;<br \/>\n&#13;<\/p>\n<aside class=\"list-related no-print\">&#13;<br \/>\n        &#13;<br \/>\n&#13;<\/p>\n<article class=\"list-item noticias \">&#13;<br \/>\n                    <a class=\"list-item__img\" href=\"https:\/\/limeira.sp.gov.br\/imprensa\/noticias\/gabinete-do-prefeito\/comerciantes-aprovam-feira-livre-noturna-proxima-edicao-e-nesta-terca-23\" tabindex=\"-1\" aria-hidden=\"true\" rel=\"noopener\">&#13;<br \/>\n                        <img data-recalc-dims=\"1\" decoding=\"async\" src=\"https:\/\/i0.wp.com\/ecrie.com.br\/sistema\/conteudos\/imagem\/m_137_0_1_22042024162229.jpg?w=696&#038;ssl=1\" alt=\"Comerciantes aprovam Feira Livre Noturna; pr\u00f3xima edi\u00e7\u00e3o \u00e9 nesta ter\u00e7a (23)\"\/>&#13;<br \/>\n                    <\/a>&#13;<br \/>\n&#13;<br \/>\n                &#13;<br \/>\n            <\/article>\n<p>&#13;<\/p>\n<article class=\"list-item noticias \">&#13;<br \/>\n                    <a class=\"list-item__img\" href=\"https:\/\/limeira.sp.gov.br\/imprensa\/noticias\/gabinete-do-prefeito\/prefeito-mario-botion-e-vice-prefeita-erika-tank-acompanham-final-da-copa-limeira\" tabindex=\"-1\" aria-hidden=\"true\" rel=\"noopener\">&#13;<br \/>\n                        <img data-recalc-dims=\"1\" decoding=\"async\" src=\"https:\/\/i0.wp.com\/ecrie.com.br\/sistema\/conteudos\/imagem\/m_137_2_1_21042024165058.jpg?w=696&#038;ssl=1\" alt=\"Prefeito Mario Botion e vice-prefeita Erika Tank acompanham final da Copa Limeira\"\/>&#13;<br \/>\n                    <\/a>&#13;<br \/>\n&#13;<br \/>\n                &#13;<br \/>\n            <\/article>\n<p>&#13;<\/p>\n<article class=\"list-item noticias \">&#13;<br \/>\n                    <a class=\"list-item__img\" href=\"https:\/\/limeira.sp.gov.br\/imprensa\/noticias\/gabinete-do-prefeito\/no-cras-ceu-erika-tank-confere-projeto-cidadania-itinerante\" tabindex=\"-1\" aria-hidden=\"true\" rel=\"noopener\">&#13;<br \/>\n                        <img data-recalc-dims=\"1\" decoding=\"async\" src=\"https:\/\/i0.wp.com\/ecrie.com.br\/sistema\/conteudos\/imagem\/m_137_0_1_19042024150503.jpg?w=696&#038;ssl=1\" alt=\"No Cras CEU, Erika Tank confere projeto Cidadania Itinerante\"\/>&#13;<br \/>\n                    <\/a>&#13;<br \/>\n&#13;<br \/>\n                &#13;<br \/>\n            <\/article>\n<p>&#13;<br \/>\n    <\/aside>\n<p>&#13;<br \/>\n&#13;<br \/>\n            <\/main><\/p><\/div>\n<p><br \/>\n<br \/><a href=\"https:\/\/limeira.sp.gov.br\/erika-tank-fala-na-abertura-do-3-empreenda-limeira\" rel=\"noopener\">Informa\u00e7\u00f5es da PML <\/a><\/p>\n","protected":false},"excerpt":{"rendered":"<p>&#13; &#13; &#13; &#13; &#13; &#13; &#13; A vice-prefeita\u00a0de Limeira,\u00a0Erika Tank, participou nesta ter\u00e7a-feira (23) da abertura do 3\u00b0 Empreenda Limeira, no Espa\u00e7o Na\u00e7\u00f5es. A iniciativa, segundo o idealizador do evento, \u00c9der J\u00fanior de Oliveira, pretende fomentar o empreendedorismo, por meio do conhecimento e do networking. \u201cAproveitem ao m\u00e1ximo essa experi\u00eancia\u201d, disse a todos. Com [&hellip;]<\/p>\n","protected":false},"author":1,"featured_media":2499,"comment_status":"open","ping_status":"open","sticky":false,"template":"","format":"standard","meta":{"_jetpack_newsletter_access":"","_jetpack_dont_email_post_to_subs":false,"_jetpack_newsletter_tier_id":0,"_jetpack_memberships_contains_paywalled_content":false,"_mbp_banners":[],"_jetpack_feature_clip_id":0,"_jetpack_memberships_contains_paid_content":false,"footnotes":"","jetpack_publicize_message":"","jetpack_publicize_feature_enabled":true,"jetpack_social_post_already_shared":true,"jetpack_social_options":{"image_generator_settings":{"template":"highway","default_image_id":0,"font":"","enabled":false},"version":2},"jetpack_post_was_ever_published":false},"categories":[16],"tags":[],"class_list":["post-2498","post","type-post","status-publish","format-standard","has-post-thumbnail","category-local"],"jetpack_publicize_connections":[],"jetpack-related-posts":[],"jetpack_shortlink":"https:\/\/wp.me\/p7Eq1F-Ei","jetpack_sharing_enabled":true,"jetpack_featured_media_url":"https:\/\/i0.wp.com\/guialimeira.com.br\/news\/wp-content\/uploads\/2024\/04\/m_137_0_1_23042024172801.jpg?fit=1280%2C852&ssl=1","_links":{"self":[{"href":"https:\/\/guialimeira.com.br\/news\/wp-json\/wp\/v2\/posts\/2498","targetHints":{"allow":["GET"]}}],"collection":[{"href":"https:\/\/guialimeira.com.br\/news\/wp-json\/wp\/v2\/posts"}],"about":[{"href":"https:\/\/guialimeira.com.br\/news\/wp-json\/wp\/v2\/types\/post"}],"author":[{"embeddable":true,"href":"https:\/\/guialimeira.com.br\/news\/wp-json\/wp\/v2\/users\/1"}],"replies":[{"embeddable":true,"href":"https:\/\/guialimeira.com.br\/news\/wp-json\/wp\/v2\/comments?post=2498"}],"version-history":[{"count":0,"href":"https:\/\/guialimeira.com.br\/news\/wp-json\/wp\/v2\/posts\/2498\/revisions"}],"wp:featuredmedia":[{"embeddable":true,"href":"https:\/\/guialimeira.com.br\/news\/wp-json\/wp\/v2\/media\/2499"}],"wp:attachment":[{"href":"https:\/\/guialimeira.com.br\/news\/wp-json\/wp\/v2\/media?parent=2498"}],"wp:term":[{"taxonomy":"category","embeddable":true,"href":"https:\/\/guialimeira.com.br\/news\/wp-json\/wp\/v2\/categories?post=2498"},{"taxonomy":"post_tag","embeddable":true,"href":"https:\/\/guialimeira.com.br\/news\/wp-json\/wp\/v2\/tags?post=2498"}],"curies":[{"name":"wp","href":"https:\/\/api.w.org\/{rel}","templated":true}]}}