{"id":24965,"date":"2025-02-26T11:16:39","date_gmt":"2025-02-26T14:16:39","guid":{"rendered":"https:\/\/guialimeira.com.br\/?p=24965"},"modified":"2025-02-26T11:16:41","modified_gmt":"2025-02-26T14:16:41","slug":"pacientes-sofrem-com-falta-de-insulina-em-limeira-vereador-pressiona-prefeitura","status":"publish","type":"post","link":"https:\/\/guialimeira.com.br\/news\/pacientes-sofrem-com-falta-de-insulina-em-limeira-vereador-pressiona-prefeitura\/","title":{"rendered":"Pacientes sofrem com falta de insulina em Limeira \u2013 vereador pressiona prefeitura"},"content":{"rendered":"\n<p class=\"wp-block-paragraph\">A falta de insulina nas unidades b\u00e1sicas de sa\u00fade de Limeira tem causado preocupa\u00e7\u00e3o entre os pacientes diab\u00e9ticos, que dependem desse medicamento para manter a sa\u00fade e a qualidade de vida. Diante desse cen\u00e1rio, o <strong>vereador Everton Ferreira (PSD)<\/strong> protocolou um <strong>requerimento oficial ao Poder Executivo<\/strong>, solicitando informa\u00e7\u00f5es sobre a distribui\u00e7\u00e3o e a regulariza\u00e7\u00e3o do fornecimento de insulina na cidade.<\/p>\n\n\n\n<h2 class=\"wp-block-heading\">\ud83d\udccc Quais informa\u00e7\u00f5es foram solicitadas?<\/h2>\n\n\n\n<p class=\"wp-block-paragraph\">O requerimento foi apresentado no <strong>Plen\u00e1rio \u201cVereador Vit\u00f3rio Bortolan\u201d em 25 de fevereiro de 2025<\/strong> e questiona a Prefeitura sobre os seguintes pontos:<\/p>\n\n\n\n<p class=\"wp-block-paragraph\">\u2705 <strong>Quais tipos de insulina s\u00e3o fornecidos pela rede municipal de sa\u00fade?<\/strong><br>\u2705 <strong>Quais dessas insulinas est\u00e3o em falta e qual a previs\u00e3o para normaliza\u00e7\u00e3o do estoque?<\/strong><br>\u2705 <strong>O que os pacientes devem fazer caso fiquem sem o medicamento durante esse per\u00edodo?<\/strong><\/p>\n\n\n\n<p class=\"wp-block-paragraph\">A iniciativa visa obter esclarecimentos e cobrar solu\u00e7\u00f5es urgentes para que os pacientes diab\u00e9ticos <strong>n\u00e3o fiquem desassistidos<\/strong>.<\/p>\n\n\n\n<h2 class=\"wp-block-heading\">\u26a0\ufe0f Insulina em falta e a preocupa\u00e7\u00e3o dos pacientes<\/h2>\n\n\n\n<p class=\"wp-block-paragraph\">A preocupa\u00e7\u00e3o aumentou ap\u00f3s um of\u00edcio enviado ao gabinete do vereador pelo <strong>Grupo de Apoio aos Diab\u00e9ticos de Limeira (GAD Limeira)<\/strong>. No documento, o presidente da entidade, <strong>Cl\u00e9ber Walace de Azevedo<\/strong>, alerta que muitos pacientes est\u00e3o enfrentando dificuldades devido \u00e0 falta da insulina nos postos de sa\u00fade.<\/p>\n\n\n\n<p class=\"wp-block-paragraph\">Ao consultar o site da Prefeitura, foi poss\u00edvel verificar que a <strong>Insulina Ultrar\u00e1pida (Processo 1267\/25)<\/strong> estava listada como medicamento em falta, com previs\u00e3o de regulariza\u00e7\u00e3o para a segunda quinzena de fevereiro de 2025. No entanto, at\u00e9 o momento, a situa\u00e7\u00e3o <strong>ainda n\u00e3o foi resolvida<\/strong>, gerando grande preocupa\u00e7\u00e3o entre os mun\u00edcipes que precisam da medica\u00e7\u00e3o para seu tratamento cont\u00ednuo.<\/p>\n\n\n\n<h2 class=\"wp-block-heading\">\ud83c\udfe5 Cobran\u00e7a por solu\u00e7\u00e3o imediata<\/h2>\n\n\n\n<p class=\"wp-block-paragraph\">Diante desse cen\u00e1rio, o vereador refor\u00e7a a <strong>urg\u00eancia na normaliza\u00e7\u00e3o do fornecimento de insulina em Limeira<\/strong> e aguarda um posicionamento oficial da Prefeitura sobre o prazo para a retomada da distribui\u00e7\u00e3o do medicamento.<\/p>\n\n\n\n<p class=\"wp-block-paragraph\">Acompanhe nosso site para mais informa\u00e7\u00f5es e atualiza\u00e7\u00f5es sobre essa quest\u00e3o de sa\u00fade p\u00fablica essencial para a popula\u00e7\u00e3o!<\/p>\n","protected":false},"excerpt":{"rendered":"<p>A falta de insulina nas unidades b\u00e1sicas de sa\u00fade de Limeira tem causado preocupa\u00e7\u00e3o entre os pacientes diab\u00e9ticos, que dependem desse medicamento para manter a sa\u00fade e a qualidade de vida. Diante desse cen\u00e1rio, o vereador Everton Ferreira (PSD) protocolou um requerimento oficial ao Poder Executivo, solicitando informa\u00e7\u00f5es sobre a distribui\u00e7\u00e3o e a regulariza\u00e7\u00e3o do [&hellip;]<\/p>\n","protected":false},"author":1,"featured_media":24968,"comment_status":"open","ping_status":"open","sticky":false,"template":"","format":"standard","meta":{"_jetpack_newsletter_access":"","_jetpack_dont_email_post_to_subs":false,"_jetpack_newsletter_tier_id":0,"_jetpack_memberships_contains_paywalled_content":false,"_mbp_banners":[],"_jetpack_feature_clip_id":0,"_jetpack_memberships_contains_paid_content":false,"footnotes":"","jetpack_publicize_message":"","jetpack_publicize_feature_enabled":true,"jetpack_social_post_already_shared":true,"jetpack_social_options":{"image_generator_settings":{"template":"highway","default_image_id":0,"font":"","enabled":false},"version":2},"jetpack_post_was_ever_published":false},"categories":[19,15],"tags":[],"class_list":["post-24965","post","type-post","status-publish","format-standard","has-post-thumbnail","category-politica","category-saude"],"jetpack_publicize_connections":[],"jetpack-related-posts":[],"jetpack_shortlink":"https:\/\/wp.me\/p7Eq1F-6uF","jetpack_sharing_enabled":true,"jetpack_featured_media_url":"https:\/\/i0.wp.com\/guialimeira.com.br\/news\/wp-content\/uploads\/2025\/02\/isulina.png?fit=1024%2C576&ssl=1","_links":{"self":[{"href":"https:\/\/guialimeira.com.br\/news\/wp-json\/wp\/v2\/posts\/24965","targetHints":{"allow":["GET"]}}],"collection":[{"href":"https:\/\/guialimeira.com.br\/news\/wp-json\/wp\/v2\/posts"}],"about":[{"href":"https:\/\/guialimeira.com.br\/news\/wp-json\/wp\/v2\/types\/post"}],"author":[{"embeddable":true,"href":"https:\/\/guialimeira.com.br\/news\/wp-json\/wp\/v2\/users\/1"}],"replies":[{"embeddable":true,"href":"https:\/\/guialimeira.com.br\/news\/wp-json\/wp\/v2\/comments?post=24965"}],"version-history":[{"count":1,"href":"https:\/\/guialimeira.com.br\/news\/wp-json\/wp\/v2\/posts\/24965\/revisions"}],"predecessor-version":[{"id":24969,"href":"https:\/\/guialimeira.com.br\/news\/wp-json\/wp\/v2\/posts\/24965\/revisions\/24969"}],"wp:featuredmedia":[{"embeddable":true,"href":"https:\/\/guialimeira.com.br\/news\/wp-json\/wp\/v2\/media\/24968"}],"wp:attachment":[{"href":"https:\/\/guialimeira.com.br\/news\/wp-json\/wp\/v2\/media?parent=24965"}],"wp:term":[{"taxonomy":"category","embeddable":true,"href":"https:\/\/guialimeira.com.br\/news\/wp-json\/wp\/v2\/categories?post=24965"},{"taxonomy":"post_tag","embeddable":true,"href":"https:\/\/guialimeira.com.br\/news\/wp-json\/wp\/v2\/tags?post=24965"}],"curies":[{"name":"wp","href":"https:\/\/api.w.org\/{rel}","templated":true}]}}