{"id":24946,"date":"2025-02-26T09:27:58","date_gmt":"2025-02-26T12:27:58","guid":{"rendered":"https:\/\/guialimeira.com.br\/?p=24946"},"modified":"2025-02-26T09:27:58","modified_gmt":"2025-02-26T12:27:58","slug":"vereador-recebe-em-gabinete-assessor-do-deputado-estadual-andre-bueno","status":"publish","type":"post","link":"https:\/\/guialimeira.com.br\/news\/vereador-recebe-em-gabinete-assessor-do-deputado-estadual-andre-bueno\/","title":{"rendered":"Vereador recebe em gabinete assessor do deputado estadual Andr\u00e9 Bueno"},"content":{"rendered":"\n<figure class=\"wp-block-gallery has-nested-images columns-default is-cropped wp-block-gallery-1 is-layout-flex wp-block-gallery-is-layout-flex\"><\/figure>\n \r\n<br><div><img data-recalc-dims=\"1\" decoding=\"async\" src=\"https:\/\/i0.wp.com\/guialimeira.com.br\/wp-content\/uploads\/2025\/02\/2025-02-26_vereador-recebe-em-gabinete-assessor-do-deputado-estadual-andre-bueno_1.jpg?w=696&#038;ssl=1\" style=\"width: 100%\" \/><div><h1>Vereador recebe em gabinete assessor do deputado estadual Andr\u00e9 Bueno<\/h1><p>Emendas para a \u00e1rea da sa\u00fade e atividades culturais em Limeira foram assuntos discutidos em encontro<\/p><img decoding=\"async\" src=\"assets\/uploads\/noticia\/2025-02-26_vereador-recebe-em-gabinete-assessor-do-deputado-estadual-andre-bueno_1.jpg\" alt=\"Vereador recebe em gabinete assessor do deputado estadual Andr\u00e9 Bueno\" \/><\/div><\/div>\r\n<br>\r\n<br><a href=\"https:\/\/www.limeira.sp.leg.br\/noticias\/view\/2025-02-26_vereador-recebe-em-gabinete-assessor-do-deputado-estadual-andre-bueno\" rel=\"noopener\">Informa\u00e7\u00f5es CML <\/a>","protected":false},"excerpt":{"rendered":"<p>Vereador recebe em gabinete assessor do deputado estadual Andr\u00e9 Bueno Emendas para a \u00e1rea da sa\u00fade e atividades culturais em Limeira foram assuntos discutidos em encontro Informa\u00e7\u00f5es CML<\/p>\n","protected":false},"author":1,"featured_media":24947,"comment_status":"open","ping_status":"open","sticky":false,"template":"","format":"standard","meta":{"_jetpack_newsletter_access":"","_jetpack_dont_email_post_to_subs":false,"_jetpack_newsletter_tier_id":0,"_jetpack_memberships_contains_paywalled_content":false,"_mbp_banners":[],"_jetpack_feature_clip_id":0,"_jetpack_memberships_contains_paid_content":false,"footnotes":"","jetpack_publicize_message":"","jetpack_publicize_feature_enabled":true,"jetpack_social_post_already_shared":true,"jetpack_social_options":{"image_generator_settings":{"template":"highway","default_image_id":0,"font":"","enabled":false},"version":2},"jetpack_post_was_ever_published":false},"categories":[19],"tags":[],"class_list":["post-24946","post","type-post","status-publish","format-standard","has-post-thumbnail","category-politica"],"jetpack_publicize_connections":[],"jetpack-related-posts":[],"jetpack_shortlink":"https:\/\/wp.me\/p7Eq1F-6um","jetpack_sharing_enabled":true,"jetpack_featured_media_url":"https:\/\/i0.wp.com\/guialimeira.com.br\/news\/wp-content\/uploads\/2025\/02\/Vereador-recebe-em-gabinete-assessor-do-deputado-estadual-Andre-Bueno.jpg?fit=1280%2C640&ssl=1","_links":{"self":[{"href":"https:\/\/guialimeira.com.br\/news\/wp-json\/wp\/v2\/posts\/24946","targetHints":{"allow":["GET"]}}],"collection":[{"href":"https:\/\/guialimeira.com.br\/news\/wp-json\/wp\/v2\/posts"}],"about":[{"href":"https:\/\/guialimeira.com.br\/news\/wp-json\/wp\/v2\/types\/post"}],"author":[{"embeddable":true,"href":"https:\/\/guialimeira.com.br\/news\/wp-json\/wp\/v2\/users\/1"}],"replies":[{"embeddable":true,"href":"https:\/\/guialimeira.com.br\/news\/wp-json\/wp\/v2\/comments?post=24946"}],"version-history":[{"count":1,"href":"https:\/\/guialimeira.com.br\/news\/wp-json\/wp\/v2\/posts\/24946\/revisions"}],"predecessor-version":[{"id":24948,"href":"https:\/\/guialimeira.com.br\/news\/wp-json\/wp\/v2\/posts\/24946\/revisions\/24948"}],"wp:featuredmedia":[{"embeddable":true,"href":"https:\/\/guialimeira.com.br\/news\/wp-json\/wp\/v2\/media\/24947"}],"wp:attachment":[{"href":"https:\/\/guialimeira.com.br\/news\/wp-json\/wp\/v2\/media?parent=24946"}],"wp:term":[{"taxonomy":"category","embeddable":true,"href":"https:\/\/guialimeira.com.br\/news\/wp-json\/wp\/v2\/categories?post=24946"},{"taxonomy":"post_tag","embeddable":true,"href":"https:\/\/guialimeira.com.br\/news\/wp-json\/wp\/v2\/tags?post=24946"}],"curies":[{"name":"wp","href":"https:\/\/api.w.org\/{rel}","templated":true}]}}