{"id":2494,"date":"2024-04-23T17:30:43","date_gmt":"2024-04-23T20:30:43","guid":{"rendered":"https:\/\/guialimeira.com.br\/2024\/04\/23\/indigenas-criticam-suspensao-de-acoes-contra-o-marco-temporal\/"},"modified":"2024-04-23T17:30:43","modified_gmt":"2024-04-23T20:30:43","slug":"indigenas-criticam-suspensao-de-acoes-contra-o-marco-temporal","status":"publish","type":"post","link":"https:\/\/guialimeira.com.br\/news\/indigenas-criticam-suspensao-de-acoes-contra-o-marco-temporal\/","title":{"rendered":"\u00cdnd\u00edgenas criticam suspens\u00e3o de a\u00e7\u00f5es contra o Marco Temporal"},"content":{"rendered":"<p> <br \/>\n<\/p>\n<div>\n<p>Lideran\u00e7as ind\u00edgenas criticaram a <a href=\"https:\/\/agenciabrasil.ebc.com.br\/justica\/noticia\/2024-04\/gilmar-mendes-determina-conciliacao-em-acoes-sobre-marco-temporal#:~:text=O%20ministro%20Gilmar%20Mendes%2C%20do,at%C3%A9%20decis%C3%A3o%20final%20da%20Corte\" target=\"_blank\" rel=\"noopener\">decis\u00e3o do ministro Gilmar Mendes<\/a>, do Supremo Tribunal Federal (STF), que determinou a instaura\u00e7\u00e3o de um processo de concilia\u00e7\u00e3o no conjunto das a\u00e7\u00f5es judiciais que questionam a constitucionalidade do Marco Temporal, tese jur\u00eddica segundo a qual os ind\u00edgenas s\u00f3 t\u00eam direito aos territ\u00f3rios que ocupavam em outubro de 1988, quando a Constitui\u00e7\u00e3o Federal foi promulgada.<img data-recalc-dims=\"1\" decoding=\"async\" src=\"https:\/\/i0.wp.com\/agenciabrasil.ebc.com.br\/ebc.png?w=696&#038;ssl=1\" style=\"width:1px; height:1px; display:inline;\"\/><img data-recalc-dims=\"1\" decoding=\"async\" src=\"https:\/\/i0.wp.com\/agenciabrasil.ebc.com.br\/ebc.gif?w=696&#038;ssl=1\" style=\"width:1px; height:1px; display:inline;\"\/><\/p>\n<p>Na pr\u00e1tica, a decis\u00e3o monocr\u00e1tica (ou seja, individual), desta segunda-feira (22), suspende o andamento processual de todas as a\u00e7\u00f5es sobre o tema at\u00e9 que o STF profira a senten\u00e7a definitiva acerca da legalidade do Marco Temporal.<\/p>\n<p>\u201cO ministro Gilmar Mendes tomou uma decis\u00e3o arbitr\u00e1ria, indeferindo parcialmente a A\u00e7\u00e3o Direta de Inconstitucionalidade [ADI n\u00ba 7582] impetrada pela Apib [Articula\u00e7\u00e3o dos Povos Ind\u00edgenas do Brasil]\u201d, disse nesta ter\u00e7a-feira (23) Kleber Karipuna, um dos coordenadores-executivos da Apib, ao referir-se \u00e0 a\u00e7\u00e3o que a entidade ind\u00edgena ajuizou no STF em dezembro de 2023.<\/p>\n<p>Na a\u00e7\u00e3o, a Apib, o PSOL e o Rede Sustentabilidade pedem que a Corte declare a inconstitucionalidade da <a href=\"https:\/\/www.planalto.gov.br\/ccivil_03\/_ato2023-2026\/2023\/lei\/L14701.htm\" target=\"_blank\" rel=\"noopener\">Lei n\u00ba 14.701<\/a>, aprovada <a href=\"https:\/\/agenciabrasil.ebc.com.br\/politica\/noticia\/2023-09\/senado-aprova-marco-temporal-para-demarcacao-de-terras-indigenas#:~:text=O%20Senado%20aprovou%2C%20nesta%20quarta,agora%20para%20a%20san%C3%A7%C3%A3o%20presidencial\" target=\"_blank\" rel=\"noopener\">pelo Congresso Nacional em setembro do ano passado<\/a>, uma semana ap\u00f3s o Supremo considerar inconstitucional limitar o direito de comunidades ind\u00edgenas ao usufruto exclusivo das terras tradicionalmente ocupadas por seus povos em fun\u00e7\u00e3o da data em que a Constitui\u00e7\u00e3o Federal entrou em vigor.<\/p>\n<p>Com base nessa primeira decis\u00e3o da Corte, o <a href=\"https:\/\/agenciabrasil.ebc.com.br\/politica\/noticia\/2023-10\/lula-veta-tese-do-marco-temporal-em-lei-aprovada-pelo-congresso\" target=\"_blank\" rel=\"noopener\">presidente Luiz In\u00e1cio Lula da Silva vetou<\/a> parcialmente a lei. Em dezembro, contudo, o <a href=\"https:\/\/agenciabrasil.ebc.com.br\/politica\/noticia\/2023-12\/congresso-derruba-veto-de-lula-e-mantem-marco-temporal-indigena\" target=\"_blank\" rel=\"noopener\">Congresso Nacional derrubou o veto presidencial<\/a>.<\/p>\n<p>Al\u00e9m da ADI 7582, ao menos outras tr\u00eas a\u00e7\u00f5es judiciais relativas aos efeitos da lei e do Marco Temporal tramitam no STF: a ADI 7583, apresentada pelo PT, PCdoB e PV, e a ADI 7586, do PDT, que pedem que a Corte reafirme que a tese jur\u00eddica n\u00e3o \u00e9 compat\u00edvel com a prote\u00e7\u00e3o constitucional aos direitos dos povos ind\u00edgenas; j\u00e1 na A\u00e7\u00e3o Declarat\u00f3ria de Constitucionalidade (ADC) 87, Progressistas, Republicanos e Liberal pedem a valida\u00e7\u00e3o da lei. O ministro Gilmar Mendes \u00e9 relator dos processos.<\/p>\n<p><a href=\"https:\/\/portal.stf.jus.br\/processos\/downloadPeca.asp?id=15366397536&amp;ext=.pdf\" target=\"_blank\" rel=\"noopener\">Na decis\u00e3o desta segunda-feira<\/a>, o ministro Gilmar Mendes argumenta que, ao analisar preliminarmente a Lei 14.701, verificou que, aparentemente, diversos aspectos da lei \u201cpodem ser lidos em sentido contr\u00e1rio ao entendimento\u201d inicial do Plen\u00e1rio do STF.\u00a0<\/p>\n<p>\u201cTodavia, enquanto a Corte n\u00e3o conclui a aprecia\u00e7\u00e3o merit\u00f3ria de tais a\u00e7\u00f5es, preocupa-me sobremaneira a possibilidade de que a persist\u00eancia de sinais aparentemente contradit\u00f3rios possa gerar situa\u00e7\u00e3o de severa inseguran\u00e7a jur\u00eddica. Nessa linha, considero necess\u00e1ria a concess\u00e3o de medida cautelar para determinar a imediata suspens\u00e3o de todos os processos judiciais que discutam, no \u00e2mbito dos demais \u00f3rg\u00e3os do Poder Judici\u00e1rio, a constitucionalidade da Lei 14.701\/2023, enquanto esta Suprema Corte promove a devida aprecia\u00e7\u00e3o da conformidade da referida norma com a Constitui\u00e7\u00e3o\u201d.<\/p>\n<p>\u201cAmanhecemos com [uma decis\u00e3o] em que um ministro do Supremo confirma [autoriza] a continuidade da morte do povo ind\u00edgena. Porque \u00e9 isso. O Marco Temporal, a Lei 14.701, [autoriza] a continuidade do assassinato do nosso povo. H\u00e1 reintegra\u00e7\u00f5es de [terras ocupadas por ind\u00edgenas] j\u00e1 em vigor, amea\u00e7ando nossa gente\u201d, declarou o coordenador-executivo da Apib, Alberto Terena, durante coletiva de imprensa que parlamentares do campo progressista e lideran\u00e7as ind\u00edgenas concederam na C\u00e2mara dos Deputados, pouco antes do in\u00edcio da sess\u00e3o solene em homenagem aos 20 anos do <a href=\"https:\/\/agenciabrasil.ebc.com.br\/geral\/noticia\/2024-04\/milhares-de-indigenas-marcham-em-brasilia\" target=\"_blank\" rel=\"noopener\">Acampamento Terra Livre<\/a>, que acontece esta semana, em Bras\u00edlia.<\/p>\n<h2>Veja galeria de imagens<\/h2>\n<div class=\"dnd-widget-wrapper context-cheio_8colunas type-gallery\">\n<div class=\"dnd-caption-wrapper\">\n<p><!--copyright=382012-->Galeria &#8211; Acampamento Terra livre 2024\u00a0<!--END copyright=382012--><\/p>\n<\/div>\n<\/div><\/div>\n<p><br \/>\n<br \/><a href=\"https:\/\/agenciabrasil.ebc.com.br\/geral\/noticia\/2024-04\/indigenas-criticam-suspensao-de-acoes-contra-o-marco-temporal\" rel=\"noopener\">Ag\u00eancia Brasil<\/a><\/p>\n","protected":false},"excerpt":{"rendered":"<p>Lideran\u00e7as ind\u00edgenas criticaram a decis\u00e3o do ministro Gilmar Mendes, do Supremo Tribunal Federal (STF), que determinou a instaura\u00e7\u00e3o de um processo de concilia\u00e7\u00e3o no conjunto das a\u00e7\u00f5es judiciais que questionam a constitucionalidade do Marco Temporal, tese jur\u00eddica segundo a qual os ind\u00edgenas s\u00f3 t\u00eam direito aos territ\u00f3rios que ocupavam em outubro de 1988, quando a [&hellip;]<\/p>\n","protected":false},"author":1,"featured_media":2495,"comment_status":"open","ping_status":"open","sticky":false,"template":"","format":"standard","meta":{"_jetpack_newsletter_access":"","_jetpack_dont_email_post_to_subs":false,"_jetpack_newsletter_tier_id":0,"_jetpack_memberships_contains_paywalled_content":false,"_mbp_banners":[],"_jetpack_feature_clip_id":0,"_jetpack_memberships_contains_paid_content":false,"footnotes":"","jetpack_publicize_message":"","jetpack_publicize_feature_enabled":true,"jetpack_social_post_already_shared":true,"jetpack_social_options":{"image_generator_settings":{"template":"highway","default_image_id":0,"font":"","enabled":false},"version":2},"jetpack_post_was_ever_published":false},"categories":[1],"tags":[],"class_list":["post-2494","post","type-post","status-publish","format-standard","has-post-thumbnail","category-geral"],"jetpack_publicize_connections":[],"jetpack-related-posts":[],"jetpack_shortlink":"https:\/\/wp.me\/p7Eq1F-Ee","jetpack_sharing_enabled":true,"jetpack_featured_media_url":"https:\/\/i0.wp.com\/guialimeira.com.br\/news\/wp-content\/uploads\/2024\/04\/0d9a3320.jpg?fit=1600%2C800&ssl=1","_links":{"self":[{"href":"https:\/\/guialimeira.com.br\/news\/wp-json\/wp\/v2\/posts\/2494","targetHints":{"allow":["GET"]}}],"collection":[{"href":"https:\/\/guialimeira.com.br\/news\/wp-json\/wp\/v2\/posts"}],"about":[{"href":"https:\/\/guialimeira.com.br\/news\/wp-json\/wp\/v2\/types\/post"}],"author":[{"embeddable":true,"href":"https:\/\/guialimeira.com.br\/news\/wp-json\/wp\/v2\/users\/1"}],"replies":[{"embeddable":true,"href":"https:\/\/guialimeira.com.br\/news\/wp-json\/wp\/v2\/comments?post=2494"}],"version-history":[{"count":0,"href":"https:\/\/guialimeira.com.br\/news\/wp-json\/wp\/v2\/posts\/2494\/revisions"}],"wp:featuredmedia":[{"embeddable":true,"href":"https:\/\/guialimeira.com.br\/news\/wp-json\/wp\/v2\/media\/2495"}],"wp:attachment":[{"href":"https:\/\/guialimeira.com.br\/news\/wp-json\/wp\/v2\/media?parent=2494"}],"wp:term":[{"taxonomy":"category","embeddable":true,"href":"https:\/\/guialimeira.com.br\/news\/wp-json\/wp\/v2\/categories?post=2494"},{"taxonomy":"post_tag","embeddable":true,"href":"https:\/\/guialimeira.com.br\/news\/wp-json\/wp\/v2\/tags?post=2494"}],"curies":[{"name":"wp","href":"https:\/\/api.w.org\/{rel}","templated":true}]}}