{"id":24922,"date":"2025-02-25T23:18:02","date_gmt":"2025-02-26T02:18:02","guid":{"rendered":"https:\/\/guialimeira.com.br\/?p=24922"},"modified":"2025-02-25T23:18:02","modified_gmt":"2025-02-26T02:18:02","slug":"everton-ferreira-trata-sobre-regularizacao-de-imoveis-com-secretaria-de-urbanismo","status":"publish","type":"post","link":"https:\/\/guialimeira.com.br\/news\/everton-ferreira-trata-sobre-regularizacao-de-imoveis-com-secretaria-de-urbanismo\/","title":{"rendered":"Everton Ferreira trata sobre regulariza\u00e7\u00e3o de im\u00f3veis com secret\u00e1ria de Urbanismo"},"content":{"rendered":"\n<figure class=\"wp-block-gallery has-nested-images columns-default is-cropped wp-block-gallery-1 is-layout-flex wp-block-gallery-is-layout-flex\"><\/figure>\n \r\n<br><img data-recalc-dims=\"1\" decoding=\"async\" src=\"https:\/\/i0.wp.com\/guialimeira.com.br\/wp-content\/uploads\/2025\/02\/2025-02-25_everton-ferreira-trata-sobre-regularizacao-de-imoveis-com-secretaria-de-urbanismo_1.jpg?w=696&#038;ssl=1\" \/><br><div>\n\t\t\t\t\t<p>O presidente da C\u00e2mara Municipal, vereador Everton Ferreira (PSD), esteve em reuni\u00e3o com a secret\u00e1ria de Urbanismo, Ana Cristina Machado, para tratar sobre a regulariza\u00e7\u00e3o de im\u00f3veis comerciais em Limeira e solicitou aten\u00e7\u00e3o especial para a desburocratiza\u00e7\u00e3o dos procedimentos. A sugest\u00e3o foi bem-vista pela atual Administra\u00e7\u00e3o. O di\u00e1logo ocorreu na sexta-feira, 21 de fevereiro.\u00a0<\/p><p>\u00a0No encontro, Everton falou que uma de suas preocupa\u00e7\u00f5es por conta do excesso de burocracia \u00e9 o risco da evas\u00e3o de empresas, o que geraria impactos econ\u00f4micos e de empregos na cidade. \u201c\u00c9 uma aten\u00e7\u00e3o que sempre devemos ter. J\u00e1 havia falado sobre isso com o governo anterior e reforcei com a secret\u00e1ria essa quest\u00e3o.\u201d<\/p><p>Em um dos casos que chegou ao conhecimento do vereador, a empresa busca h\u00e1 mais de um ano a regulariza\u00e7\u00e3o de sua planta comercial na cidade. Segundo o parlamentar, apesar de o processo contar com pareceres favor\u00e1veis e de diversas adapta\u00e7\u00f5es j\u00e1 terem sido feitas pelo estabelecimento a pedido da prefeitura, ainda h\u00e1 exig\u00eancias contradit\u00f3rias emitidas pelo governo anterior.<\/p><p>\u00a0\u201cA regulariza\u00e7\u00e3o de im\u00f3veis, principalmente comerciais, deve ter seus processos simplificados. O excesso de burocracia entre os pr\u00f3prios setores da prefeitura atrapalha. As secretarias devem conversar entre si\u201d, afirmou.<\/p><p>\u00a0O presidente da C\u00e2mara relatou ainda que a empresa chegou a cogitar mudar-se para um munic\u00edpio vizinho diante das dificuldades encontradas. \u201cA sa\u00edda da empresa seria negativa. Limeira deixaria de gerar empregos e arrecadar. \u00c9 uma situa\u00e7\u00e3o que n\u00e3o podemos deixar acontecer\u201d, disse Everton.<\/p><p>\u00a0A secret\u00e1ria de Urbanismo afirmou que analisaria a situa\u00e7\u00e3o. O vereador ainda agradeceu a Ana Cristina pela aten\u00e7\u00e3o e pelo pronto atendimento. \u201cIsso demonstra respeito pelo Legislativo e a import\u00e2ncia do di\u00e1logo entre os Poderes.\u201d<\/p><p><i>Do Gabinete Parlamentar \u2013 Vereador Everton Ferreira (PSD)<\/i><\/p><p><strong>As mat\u00e9rias de origem dos Gabinetes Parlamentares s\u00e3o de inteira\u00a0 responsabilidade dos parlamentares e de suas assessorias. S\u00e3o devidamente assinadas e n\u00e3o refletem, necessariamente, a opini\u00e3o institucional da C\u00e2mara Municipal de Limeira.<\/strong><\/p>\t\t\t\t<\/div>\r\n<br>\r\n<br><a href=\"https:\/\/www.limeira.sp.leg.br\/noticias\/view\/2025-02-25_everton-ferreira-trata-sobre-regularizacao-de-imoveis-com-secretaria-de-urbanismo\" rel=\"noopener\">Informa\u00e7\u00f5es CML <\/a>","protected":false},"excerpt":{"rendered":"<p>O presidente da C\u00e2mara Municipal, vereador Everton Ferreira (PSD), esteve em reuni\u00e3o com a secret\u00e1ria de Urbanismo, Ana Cristina Machado, para tratar sobre a regulariza\u00e7\u00e3o de im\u00f3veis comerciais em Limeira e solicitou aten\u00e7\u00e3o especial para a desburocratiza\u00e7\u00e3o dos procedimentos. A sugest\u00e3o foi bem-vista pela atual Administra\u00e7\u00e3o. O di\u00e1logo ocorreu na sexta-feira, 21 de fevereiro.\u00a0 \u00a0No [&hellip;]<\/p>\n","protected":false},"author":1,"featured_media":24923,"comment_status":"open","ping_status":"open","sticky":false,"template":"","format":"standard","meta":{"_jetpack_newsletter_access":"","_jetpack_dont_email_post_to_subs":false,"_jetpack_newsletter_tier_id":0,"_jetpack_memberships_contains_paywalled_content":false,"_mbp_banners":[],"_jetpack_feature_clip_id":0,"_jetpack_memberships_contains_paid_content":false,"footnotes":"","jetpack_publicize_message":"","jetpack_publicize_feature_enabled":true,"jetpack_social_post_already_shared":true,"jetpack_social_options":{"image_generator_settings":{"template":"highway","default_image_id":0,"font":"","enabled":false},"version":2},"jetpack_post_was_ever_published":false},"categories":[19],"tags":[],"class_list":["post-24922","post","type-post","status-publish","format-standard","has-post-thumbnail","category-politica"],"jetpack_publicize_connections":[],"jetpack-related-posts":[],"jetpack_shortlink":"https:\/\/wp.me\/p7Eq1F-6tY","jetpack_sharing_enabled":true,"jetpack_featured_media_url":"https:\/\/i0.wp.com\/guialimeira.com.br\/news\/wp-content\/uploads\/2025\/02\/Everton-Ferreira-trata-sobre-regularizacao-de-imoveis-com-secretaria-de.jpg?fit=1280%2C640&ssl=1","_links":{"self":[{"href":"https:\/\/guialimeira.com.br\/news\/wp-json\/wp\/v2\/posts\/24922","targetHints":{"allow":["GET"]}}],"collection":[{"href":"https:\/\/guialimeira.com.br\/news\/wp-json\/wp\/v2\/posts"}],"about":[{"href":"https:\/\/guialimeira.com.br\/news\/wp-json\/wp\/v2\/types\/post"}],"author":[{"embeddable":true,"href":"https:\/\/guialimeira.com.br\/news\/wp-json\/wp\/v2\/users\/1"}],"replies":[{"embeddable":true,"href":"https:\/\/guialimeira.com.br\/news\/wp-json\/wp\/v2\/comments?post=24922"}],"version-history":[{"count":1,"href":"https:\/\/guialimeira.com.br\/news\/wp-json\/wp\/v2\/posts\/24922\/revisions"}],"predecessor-version":[{"id":24924,"href":"https:\/\/guialimeira.com.br\/news\/wp-json\/wp\/v2\/posts\/24922\/revisions\/24924"}],"wp:featuredmedia":[{"embeddable":true,"href":"https:\/\/guialimeira.com.br\/news\/wp-json\/wp\/v2\/media\/24923"}],"wp:attachment":[{"href":"https:\/\/guialimeira.com.br\/news\/wp-json\/wp\/v2\/media?parent=24922"}],"wp:term":[{"taxonomy":"category","embeddable":true,"href":"https:\/\/guialimeira.com.br\/news\/wp-json\/wp\/v2\/categories?post=24922"},{"taxonomy":"post_tag","embeddable":true,"href":"https:\/\/guialimeira.com.br\/news\/wp-json\/wp\/v2\/tags?post=24922"}],"curies":[{"name":"wp","href":"https:\/\/api.w.org\/{rel}","templated":true}]}}