{"id":24907,"date":"2025-02-25T21:16:04","date_gmt":"2025-02-26T00:16:04","guid":{"rendered":"https:\/\/guialimeira.com.br\/?p=24907"},"modified":"2025-02-25T21:16:04","modified_gmt":"2025-02-26T00:16:04","slug":"vereadora-mariana-calsa-realiza-o-2o-forum-mulheres-na-politica-e-a-violencia-politica-de-genero","status":"publish","type":"post","link":"https:\/\/guialimeira.com.br\/news\/vereadora-mariana-calsa-realiza-o-2o-forum-mulheres-na-politica-e-a-violencia-politica-de-genero\/","title":{"rendered":"Vereadora Mariana Calsa realiza o 2\u00ba F\u00f3rum Mulheres na Pol\u00edtica e a Viol\u00eancia Pol\u00edtica de G\u00eanero"},"content":{"rendered":"\n<figure class=\"wp-block-gallery has-nested-images columns-default is-cropped wp-block-gallery-1 is-layout-flex wp-block-gallery-is-layout-flex\"><\/figure>\n \r\n<br><img data-recalc-dims=\"1\" decoding=\"async\" src=\"https:\/\/i0.wp.com\/guialimeira.com.br\/wp-content\/uploads\/2025\/02\/2025-02-25_vereadora-mariana-calsa-realiza-o-2-forum-mulheres-na-politica-e-a-violencia-politica-de-.png?w=696&#038;ssl=1\" \/><br><div>\n\t\t\t\t\t<p>A vereadora Mariana Calsa (MDB) realiza, no dia 28 de mar\u00e7o, no Teatro Nair Bello, em Limeira (SP), o 2\u00ba F\u00f3rum Mulheres na Pol\u00edtica e a Viol\u00eancia Pol\u00edtica de G\u00eanero. A iniciativa \u00e9 realizada no m\u00eas das mulheres, com o apoio da escola de forma\u00e7\u00e3o pol\u00edtica RenovaBR.\u00a0<\/p><p>Segundo a parlamentar, o evento \u00e9 voltado para mulheres que ocupam ou ocuparam cargos p\u00fablicos e assessorias, e ser\u00e1 aberto \u00e0 popula\u00e7\u00e3o, mediante inscri\u00e7\u00e3o pr\u00e9via. &#8220;Sucesso em 2023, por meio da Procuradoria Especial da Mulher, a a\u00e7\u00e3o segue de forma independente e promete reunir o p\u00fablico para debater sobre a import\u00e2ncia da participa\u00e7\u00e3o pol\u00edtica das mulheres, dar visibilidade ao combate \u00e0 viol\u00eancia pol\u00edtica de g\u00eanero e discutir as dificuldades de inser\u00e7\u00e3o e da perman\u00eancia das mulheres nos espa\u00e7os de tomada de decis\u00e3o, al\u00e9m de tratar sobre a sa\u00fade mental&#8221;, disse Mariana.<\/p><p>Na primeira edi\u00e7\u00e3o, participaram: Alexandra Segantin (CEO Grupo Mulheres do Brasil), Aline Torres (secret\u00e1ria da Cultura da cidade de S\u00e3o Paulo), Ma\u00edra Recchia (presidente do Observat\u00f3rio Eleitoral OAB-SP), Mafone Odara (psic\u00f3loga e l\u00edder de recursos humanos),\u00a0 M\u00f4nica Sodr\u00e9 (diretora executiva da Rede de A\u00e7\u00e3o Pol\u00edtica pela Sustentabilidade), Tabata Amaral (deputada federal PSB\/SP), entre outras. As convidadas para o evento neste ano ser\u00e3o divulgadas em breve.<\/p><p>As inscri\u00e7\u00f5es s\u00e3o gratuitas e o n\u00famero de participantes \u00e9 limitado a 250 vagas. Para participar, basta se inscrever no site <a href=\"https:\/\/bit.ly\/2forummulheresnapolitica\" rel=\"noopener\">https:\/\/bit.ly\/2forummulheresnapolitica<\/a>.<\/p><p><i>Do Gabinete Parlamentar \u2013 Vereadora Mariana Calsa (MDB)<\/i><\/p><p><i>*Fotos do Gabinete parlamentar<\/i><\/p><p><strong>As mat\u00e9rias de origem dos Gabinetes Parlamentares s\u00e3o de inteira\u00a0 responsabilidade dos parlamentares e de suas assessorias. S\u00e3o devidamente assinadas e n\u00e3o refletem, necessariamente, a opini\u00e3o institucional da C\u00e2mara Municipal de Limeira.<\/strong><\/p>\t\t\t\t<\/div>\r\n<br>\r\n<br><a href=\"https:\/\/www.limeira.sp.leg.br\/noticias\/view\/2025-02-25_vereadora-mariana-calsa-realiza-o-2-forum-mulheres-na-politica-e-a-violencia-politica-de-genero\" rel=\"noopener\">Informa\u00e7\u00f5es CML <\/a>","protected":false},"excerpt":{"rendered":"<p>A vereadora Mariana Calsa (MDB) realiza, no dia 28 de mar\u00e7o, no Teatro Nair Bello, em Limeira (SP), o 2\u00ba F\u00f3rum Mulheres na Pol\u00edtica e a Viol\u00eancia Pol\u00edtica de G\u00eanero. A iniciativa \u00e9 realizada no m\u00eas das mulheres, com o apoio da escola de forma\u00e7\u00e3o pol\u00edtica RenovaBR.\u00a0 Segundo a parlamentar, o evento \u00e9 voltado para [&hellip;]<\/p>\n","protected":false},"author":1,"featured_media":24908,"comment_status":"open","ping_status":"open","sticky":false,"template":"","format":"standard","meta":{"_jetpack_newsletter_access":"","_jetpack_dont_email_post_to_subs":false,"_jetpack_newsletter_tier_id":0,"_jetpack_memberships_contains_paywalled_content":false,"_mbp_banners":[],"_jetpack_feature_clip_id":0,"_jetpack_memberships_contains_paid_content":false,"footnotes":"","jetpack_publicize_message":"","jetpack_publicize_feature_enabled":true,"jetpack_social_post_already_shared":true,"jetpack_social_options":{"image_generator_settings":{"template":"highway","default_image_id":0,"font":"","enabled":false},"version":2},"jetpack_post_was_ever_published":false},"categories":[19],"tags":[],"class_list":["post-24907","post","type-post","status-publish","format-standard","has-post-thumbnail","category-politica"],"jetpack_publicize_connections":[],"jetpack-related-posts":[],"jetpack_shortlink":"https:\/\/wp.me\/p7Eq1F-6tJ","jetpack_sharing_enabled":true,"jetpack_featured_media_url":"https:\/\/i0.wp.com\/guialimeira.com.br\/news\/wp-content\/uploads\/2025\/02\/Vereadora-Mariana-Calsa-realiza-o-2o-Forum-Mulheres-na-Politica.png?fit=1280%2C640&ssl=1","_links":{"self":[{"href":"https:\/\/guialimeira.com.br\/news\/wp-json\/wp\/v2\/posts\/24907","targetHints":{"allow":["GET"]}}],"collection":[{"href":"https:\/\/guialimeira.com.br\/news\/wp-json\/wp\/v2\/posts"}],"about":[{"href":"https:\/\/guialimeira.com.br\/news\/wp-json\/wp\/v2\/types\/post"}],"author":[{"embeddable":true,"href":"https:\/\/guialimeira.com.br\/news\/wp-json\/wp\/v2\/users\/1"}],"replies":[{"embeddable":true,"href":"https:\/\/guialimeira.com.br\/news\/wp-json\/wp\/v2\/comments?post=24907"}],"version-history":[{"count":1,"href":"https:\/\/guialimeira.com.br\/news\/wp-json\/wp\/v2\/posts\/24907\/revisions"}],"predecessor-version":[{"id":24909,"href":"https:\/\/guialimeira.com.br\/news\/wp-json\/wp\/v2\/posts\/24907\/revisions\/24909"}],"wp:featuredmedia":[{"embeddable":true,"href":"https:\/\/guialimeira.com.br\/news\/wp-json\/wp\/v2\/media\/24908"}],"wp:attachment":[{"href":"https:\/\/guialimeira.com.br\/news\/wp-json\/wp\/v2\/media?parent=24907"}],"wp:term":[{"taxonomy":"category","embeddable":true,"href":"https:\/\/guialimeira.com.br\/news\/wp-json\/wp\/v2\/categories?post=24907"},{"taxonomy":"post_tag","embeddable":true,"href":"https:\/\/guialimeira.com.br\/news\/wp-json\/wp\/v2\/tags?post=24907"}],"curies":[{"name":"wp","href":"https:\/\/api.w.org\/{rel}","templated":true}]}}