{"id":24902,"date":"2025-02-25T21:06:51","date_gmt":"2025-02-26T00:06:51","guid":{"rendered":"https:\/\/guialimeira.com.br\/2025\/02\/25\/governo-vai-liberar-saldo-do-fgts-a-quem-optou-por-saque-aniversario\/"},"modified":"2025-02-25T21:06:51","modified_gmt":"2025-02-26T00:06:51","slug":"governo-vai-liberar-saldo-do-fgts-a-quem-optou-por-saque-aniversario","status":"publish","type":"post","link":"https:\/\/guialimeira.com.br\/news\/governo-vai-liberar-saldo-do-fgts-a-quem-optou-por-saque-aniversario\/","title":{"rendered":"Governo vai liberar saldo do FGTS a quem optou por saque-anivers\u00e1rio"},"content":{"rendered":"<p> <br \/>\n<\/p>\n<div>\n<p>Os trabalhadores que <strong>aderiram ao saque-anivers\u00e1rio do Fundo de Garantia do Tempo de Servi\u00e7o (FGTS) e foram demitidos sem justa causa poder\u00e3o sacar os recursos depositados pela empresa antes da dispensa<\/strong>. Na sexta-feira (28), o governo federal publicar\u00e1 medida provis\u00f3ria liberando os recursos, confirmou o Minist\u00e9rio do Trabalho e Emprego.<img data-recalc-dims=\"1\" decoding=\"async\" src=\"https:\/\/i0.wp.com\/agenciabrasil.ebc.com.br\/ebc.png?w=696&#038;ssl=1\" style=\"width:1px; height:1px; display:inline;\"\/><img data-recalc-dims=\"1\" decoding=\"async\" src=\"https:\/\/i0.wp.com\/agenciabrasil.ebc.com.br\/ebc.gif?w=696&#038;ssl=1\" style=\"width:1px; height:1px; display:inline;\"\/><\/p>\n<p>A medida <strong>beneficiar\u00e1 12,1 milh\u00f5es de trabalhadores dispensados desde janeiro de 2020 at\u00e9 a data da publica\u00e7\u00e3o da MP e injetar\u00e1 R$ 12 bilh\u00f5es na economi<\/strong>a. Segundo o Minist\u00e9rio do Trabalho, os <strong>valores ser\u00e3o creditados na conta cadastrada no FGTS em duas etapas<\/strong>.<\/p>\n<p>Na primeira etapa, ser\u00e1 depositado <strong>valor at\u00e9 o limite de R$ 3 mil<\/strong> da parcela depositada pelo empregador anterior. Se o valor for superior, o saldo <strong>restante ser\u00e1 liberado numa segunda etap<\/strong>a, 110 dias ap\u00f3s a publica\u00e7\u00e3o da MP.<\/p>\n<p>A libera\u00e7\u00e3o ocorrer\u00e1 <strong>apenas nessas duas fases<\/strong>.<\/p>\n<p><strong>Depois desse prazo, os trabalhadores que optarem pelo saque-anivers\u00e1rio e forem demitidos n\u00e3o poder\u00e3o acessar o saldo, que permanecer\u00e1 retido<\/strong>.<\/p>\n<p>Nesta ter\u00e7a-feira (25), o presidente Luiz In\u00e1cio Lula da Silva se reuniria com o ministro do Trabalho, Luiz Marinho, e as centrais sindicais para comunicar a medida. No entanto, o encontro foi adiado por problemas de agenda, informou o\u00a0Pal\u00e1cio do Planalto. Durante a tarde, Lula se reuniu com N\u00edsia Trindade, <a href=\"https:\/\/agenciabrasil.ebc.com.br\/politica\/noticia\/2025-02\/lula-decide-substituir-nisia-por-padilha-no-ministerio-da-saude\" target=\"_blank\" rel=\"noopener\">quando comunicou-a da sa\u00edda do cargo de ministra da Sa\u00fade<\/a>.<\/p>\n<h2>Saque-anivers\u00e1rio<\/h2>\n<p>Criada em 2019 e em vigor desde 2020, a modalidade do saque-anivers\u00e1rio\u00a0permite a retirada de parte do saldo de qualquer conta ativa ou inativa do fundo a cada ano, no m\u00eas de anivers\u00e1rio.<\/p>\n<p>Em troca, o trabalhador n\u00e3o poder\u00e1 sacar o valor depositado pela empresa em caso de demiss\u00e3o sem justa causa, apenas a multa rescis\u00f3ria.<\/p>\n<p>O per\u00edodo de saques come\u00e7a no primeiro dia \u00fatil do m\u00eas de anivers\u00e1rio do trabalhador. Os valores ficam dispon\u00edveis at\u00e9 o \u00faltimo dia \u00fatil do segundo m\u00eas subsequente.<\/p>\n<p>Caso o dinheiro n\u00e3o seja retirado no prazo, volta para as contas do FGTS em nome do trabalhador.<\/p>\n<p>      <!-- Relacionada --><\/p>\n<p>            <!-- Relacionada -->\n    <\/div>\n<p><br \/>\n<br \/><a href=\"https:\/\/agenciabrasil.ebc.com.br\/economia\/noticia\/2025-02\/governo-vai-liberar-saldo-do-fgts-quem-optou-por-saque-aniversario\" rel=\"noopener\">Ag\u00eancia Brasil<\/a><\/p>\n","protected":false},"excerpt":{"rendered":"<p>Os trabalhadores que aderiram ao saque-anivers\u00e1rio do Fundo de Garantia do Tempo de Servi\u00e7o (FGTS) e foram demitidos sem justa causa poder\u00e3o sacar os recursos depositados pela empresa antes da dispensa. Na sexta-feira (28), o governo federal publicar\u00e1 medida provis\u00f3ria liberando os recursos, confirmou o Minist\u00e9rio do Trabalho e Emprego. A medida beneficiar\u00e1 12,1 milh\u00f5es [&hellip;]<\/p>\n","protected":false},"author":1,"featured_media":24903,"comment_status":"open","ping_status":"open","sticky":false,"template":"","format":"standard","meta":{"_jetpack_newsletter_access":"","_jetpack_dont_email_post_to_subs":false,"_jetpack_newsletter_tier_id":0,"_jetpack_memberships_contains_paywalled_content":false,"_mbp_banners":[],"_jetpack_feature_clip_id":0,"_jetpack_memberships_contains_paid_content":false,"footnotes":"","jetpack_publicize_message":"","jetpack_publicize_feature_enabled":true,"jetpack_social_post_already_shared":true,"jetpack_social_options":{"image_generator_settings":{"template":"highway","default_image_id":0,"font":"","enabled":false},"version":2},"jetpack_post_was_ever_published":false},"categories":[24],"tags":[],"class_list":["post-24902","post","type-post","status-publish","format-standard","has-post-thumbnail","category-economia"],"jetpack_publicize_connections":[],"jetpack-related-posts":[],"jetpack_shortlink":"https:\/\/wp.me\/p7Eq1F-6tE","jetpack_sharing_enabled":true,"jetpack_featured_media_url":"https:\/\/i0.wp.com\/guialimeira.com.br\/news\/wp-content\/uploads\/2025\/02\/mg_8451.jpg?fit=1600%2C800&ssl=1","_links":{"self":[{"href":"https:\/\/guialimeira.com.br\/news\/wp-json\/wp\/v2\/posts\/24902","targetHints":{"allow":["GET"]}}],"collection":[{"href":"https:\/\/guialimeira.com.br\/news\/wp-json\/wp\/v2\/posts"}],"about":[{"href":"https:\/\/guialimeira.com.br\/news\/wp-json\/wp\/v2\/types\/post"}],"author":[{"embeddable":true,"href":"https:\/\/guialimeira.com.br\/news\/wp-json\/wp\/v2\/users\/1"}],"replies":[{"embeddable":true,"href":"https:\/\/guialimeira.com.br\/news\/wp-json\/wp\/v2\/comments?post=24902"}],"version-history":[{"count":0,"href":"https:\/\/guialimeira.com.br\/news\/wp-json\/wp\/v2\/posts\/24902\/revisions"}],"wp:featuredmedia":[{"embeddable":true,"href":"https:\/\/guialimeira.com.br\/news\/wp-json\/wp\/v2\/media\/24903"}],"wp:attachment":[{"href":"https:\/\/guialimeira.com.br\/news\/wp-json\/wp\/v2\/media?parent=24902"}],"wp:term":[{"taxonomy":"category","embeddable":true,"href":"https:\/\/guialimeira.com.br\/news\/wp-json\/wp\/v2\/categories?post=24902"},{"taxonomy":"post_tag","embeddable":true,"href":"https:\/\/guialimeira.com.br\/news\/wp-json\/wp\/v2\/tags?post=24902"}],"curies":[{"name":"wp","href":"https:\/\/api.w.org\/{rel}","templated":true}]}}