{"id":24895,"date":"2025-02-25T20:15:09","date_gmt":"2025-02-25T23:15:09","guid":{"rendered":"https:\/\/guialimeira.com.br\/?p=24895"},"modified":"2025-02-25T20:15:09","modified_gmt":"2025-02-25T23:15:09","slug":"camara-homenageia-vereadoras-ex-vereadoras-e-ex-prefeita-no-dia-da-conquista-do-voto-feminino","status":"publish","type":"post","link":"https:\/\/guialimeira.com.br\/news\/camara-homenageia-vereadoras-ex-vereadoras-e-ex-prefeita-no-dia-da-conquista-do-voto-feminino\/","title":{"rendered":"C\u00e2mara homenageia vereadoras, ex-vereadoras e ex-prefeita no Dia da Conquista do Voto Feminino"},"content":{"rendered":"\n<figure class=\"wp-block-gallery has-nested-images columns-default is-cropped wp-block-gallery-1 is-layout-flex wp-block-gallery-is-layout-flex\"><\/figure>\n \r\n<br><img data-recalc-dims=\"1\" decoding=\"async\" src=\"https:\/\/i0.wp.com\/guialimeira.com.br\/wp-content\/uploads\/2025\/02\/2025-02-25_camara-homenageia-vereadoras-exvereadoras-e-exprefeita-no-dia-da-conquista-do-voto-femini.jpeg?w=696&#038;ssl=1\" \/><br><div>\n\t\t\t\t\t<p>Vereadoras, ex-vereadoras do Legislativo limeirense e familiares de mulheres que deixaram um legado na hist\u00f3ria da pol\u00edtica receberam diplomas durante a sess\u00e3o ordin\u00e1ria desta segunda-feira, 24 de fevereiro. A a\u00e7\u00e3o foi promovida pela Procuradoria Especial da Mulher como forma de reconhecimento pela representatividade e participa\u00e7\u00e3o pol\u00edtica das homenageadas.<\/p><p>Ao todo, 24 mulheres foram lembradas na homenagem, entre elas: Maria Thereza de Barros Camargo (1934), primeira mulher prefeita no estado de S\u00e3o Paulo; Yolanda Stocco, primeira mulher a ser eleita vereadora em Limeira (1964), e Elza Tank, primeira mulher a ocupar a presid\u00eancia do Legislativo limeirense (1983).<\/p><p>A vereadora Lu Bogo, que lidera a Procuradoria Especial da Mulher no bi\u00eanio 2025-2026, abriu a solenidade e falou sobre a busca ativa de familiares de algumas das homenageadas para receberem diplomas. Segundo a parlamentar, \u201c\u00e9 uma forma de registrar o reconhecimento \u00e0s mulheres que trabalharam na constru\u00e7\u00e3o de uma cidade pr\u00f3spera\u201d. Tamb\u00e9m comp\u00f5em a Procuradoria: Isabelly Carvalho (PT), Mariana Calsa (PL), Mara Isa Mattos Silveira (PL) e Tatiane Lopes (Avante).<\/p><p>O discurso na \u00edntegra est\u00e1 dispon\u00edvel em v\u00eddeo neste<a href=\"https:\/\/youtu.be\/g5POZLFMa7c?t=9576\" rel=\"noopener\"> link<\/a>.\u00a0\u00a0<\/p><p>O prefeito Murilo F\u00e9lix (Podemos) participou da sess\u00e3o ao lado da primeira-dama e presidente do Fundo Social de Limeira, Luciana F\u00e9lix. Ele tamb\u00e9m recebeu o diploma, representando a m\u00e3e, a ex-vereadora Const\u00e2ncia F\u00e9lix.<\/p><p>A celebra\u00e7\u00e3o dos 93 anos da conquista do voto feminino no Brasil foi pauta da cerim\u00f4nia no Plen\u00e1rio. Esse direito foi conquistado nacionalmente em 24 de fevereiro de 1932, por meio do <a href=\"https:\/\/www2.camara.leg.br\/legin\/fed\/decret\/1930-1939\/decreto-21076-24-fevereiro-1932-507583-publicacaooriginal-1-pe.html\" rel=\"noopener\">Decreto N\u00ba 21.076\/1932<\/a>.\u00a0 A data tamb\u00e9m foi lembrada pela C\u00e2mara por meio do<a href=\"https:\/\/www.limeira.sp.leg.br\/noticias\/view\/2025-02-24_camara-comemora-dia-da-conquista-do-voto-feminino-com-entrega-de-diploma-e-acervo-virtual\" rel=\"noopener\"> lan\u00e7amento de um acervo hist\u00f3rico virtual<\/a> que traz artigos e recortes de not\u00edcias do jornal Gazeta de Limeira, que tratam sobre o voto feminino e as mulheres na pol\u00edtica. O acervo pode ser conferido neste <a href=\"https:\/\/memorialcml.netlify.app\/\" rel=\"noopener\">link<\/a>.\u00a0<\/p><p><strong>Lista de homenageadas:<\/strong><\/p><p>Angela Morgana Gomes da Costa;<\/p><p>Carolina Pontes;<\/p><p>Const\u00e2ncia F\u00e9lix; homenagem entregue ao filho prefeito Murilo Felix;<\/p><p>Elza Sophia Tank Moya (falecida);<\/p><p>\u00c9rika Monteiro Moraes;<\/p><p>Erika Tank;<\/p><p>Iraciara Bassetto;<\/p><p>Isabelly Carvalho;<\/p><p>Ivone Aparecida Lucia da Silva;<\/p><p>Lucineis Aparecida Bogo \u2013 Lu Bogo;<\/p><p>Mara Isa Mattos Silveira;<\/p><p>Margarida Maria Chizzotti;<\/p><p>Maria Aparecida Mosini;<\/p><p>Maria das Dores Guiraldelli Covre;<\/p><p>Mariana Calsa;<\/p><p>Mayra Costa;<\/p><p>Minerva Jorge Gabriel Santi, representada pela filha Nancy Marrara;<\/p><p>Nilce Segalla (falecida);<\/p><p>Renata Cristina Chiari;<\/p><p>Tatiane Lopes;<\/p><p>Terezinha Aparecida dos Santos Guarnieri;<\/p><p>Yolanda Stocco Pagotto (falecida);<\/p><p>Z\u00e9lia Maria da Costa Silva;<\/p><p>Maria Thereza Silveira de Barros Camargo (falecida); homenagem entregue ao neto Julio Cesar de Barros Camargo.\u00a0\u00a0<\/p>\t\t\t\t<\/div>\r\n<br>\r\n<br><a href=\"https:\/\/www.limeira.sp.leg.br\/noticias\/view\/2025-02-25_camara-homenageia-vereadoras-exvereadoras-e-exprefeita-no-dia-da-conquista-do-voto-feminino\" rel=\"noopener\">Informa\u00e7\u00f5es CML <\/a>","protected":false},"excerpt":{"rendered":"<p>Vereadoras, ex-vereadoras do Legislativo limeirense e familiares de mulheres que deixaram um legado na hist\u00f3ria da pol\u00edtica receberam diplomas durante a sess\u00e3o ordin\u00e1ria desta segunda-feira, 24 de fevereiro. A a\u00e7\u00e3o foi promovida pela Procuradoria Especial da Mulher como forma de reconhecimento pela representatividade e participa\u00e7\u00e3o pol\u00edtica das homenageadas. Ao todo, 24 mulheres foram lembradas na [&hellip;]<\/p>\n","protected":false},"author":1,"featured_media":24896,"comment_status":"open","ping_status":"open","sticky":false,"template":"","format":"standard","meta":{"_jetpack_newsletter_access":"","_jetpack_dont_email_post_to_subs":false,"_jetpack_newsletter_tier_id":0,"_jetpack_memberships_contains_paywalled_content":false,"_mbp_banners":[],"_jetpack_feature_clip_id":0,"_jetpack_memberships_contains_paid_content":false,"footnotes":"","jetpack_publicize_message":"","jetpack_publicize_feature_enabled":true,"jetpack_social_post_already_shared":true,"jetpack_social_options":{"image_generator_settings":{"template":"highway","default_image_id":0,"font":"","enabled":false},"version":2},"jetpack_post_was_ever_published":false},"categories":[19],"tags":[],"class_list":["post-24895","post","type-post","status-publish","format-standard","has-post-thumbnail","category-politica"],"jetpack_publicize_connections":[],"jetpack-related-posts":[],"jetpack_shortlink":"https:\/\/wp.me\/p7Eq1F-6tx","jetpack_sharing_enabled":true,"jetpack_featured_media_url":"https:\/\/i0.wp.com\/guialimeira.com.br\/news\/wp-content\/uploads\/2025\/02\/Camara-homenageia-vereadoras-ex-vereadoras-e-ex-prefeita-no-Dia-da-Conquista.jpeg?fit=1280%2C640&ssl=1","_links":{"self":[{"href":"https:\/\/guialimeira.com.br\/news\/wp-json\/wp\/v2\/posts\/24895","targetHints":{"allow":["GET"]}}],"collection":[{"href":"https:\/\/guialimeira.com.br\/news\/wp-json\/wp\/v2\/posts"}],"about":[{"href":"https:\/\/guialimeira.com.br\/news\/wp-json\/wp\/v2\/types\/post"}],"author":[{"embeddable":true,"href":"https:\/\/guialimeira.com.br\/news\/wp-json\/wp\/v2\/users\/1"}],"replies":[{"embeddable":true,"href":"https:\/\/guialimeira.com.br\/news\/wp-json\/wp\/v2\/comments?post=24895"}],"version-history":[{"count":1,"href":"https:\/\/guialimeira.com.br\/news\/wp-json\/wp\/v2\/posts\/24895\/revisions"}],"predecessor-version":[{"id":24897,"href":"https:\/\/guialimeira.com.br\/news\/wp-json\/wp\/v2\/posts\/24895\/revisions\/24897"}],"wp:featuredmedia":[{"embeddable":true,"href":"https:\/\/guialimeira.com.br\/news\/wp-json\/wp\/v2\/media\/24896"}],"wp:attachment":[{"href":"https:\/\/guialimeira.com.br\/news\/wp-json\/wp\/v2\/media?parent=24895"}],"wp:term":[{"taxonomy":"category","embeddable":true,"href":"https:\/\/guialimeira.com.br\/news\/wp-json\/wp\/v2\/categories?post=24895"},{"taxonomy":"post_tag","embeddable":true,"href":"https:\/\/guialimeira.com.br\/news\/wp-json\/wp\/v2\/tags?post=24895"}],"curies":[{"name":"wp","href":"https:\/\/api.w.org\/{rel}","templated":true}]}}