{"id":24882,"date":"2025-02-25T19:14:03","date_gmt":"2025-02-25T22:14:03","guid":{"rendered":"https:\/\/guialimeira.com.br\/?p=24882"},"modified":"2025-02-25T19:14:03","modified_gmt":"2025-02-25T22:14:03","slug":"comissao-estuda-regulamentacao-e-o-cumprimento-de-leis-de-protecao-dos-direitos-das-mulheres","status":"publish","type":"post","link":"https:\/\/guialimeira.com.br\/news\/comissao-estuda-regulamentacao-e-o-cumprimento-de-leis-de-protecao-dos-direitos-das-mulheres\/","title":{"rendered":"Comiss\u00e3o estuda regulamenta\u00e7\u00e3o e o cumprimento de leis de prote\u00e7\u00e3o dos direitos das mulheres\u00a0"},"content":{"rendered":"\n<figure class=\"wp-block-gallery has-nested-images columns-default is-cropped wp-block-gallery-1 is-layout-flex wp-block-gallery-is-layout-flex\"><\/figure>\n \r\n<br><img data-recalc-dims=\"1\" decoding=\"async\" src=\"https:\/\/i0.wp.com\/guialimeira.com.br\/wp-content\/uploads\/2025\/02\/2025-02-25_comissao-estuda-regulamentacao-e-o-cumprimento-de-leis-de-protecao-dos-direitos-das-mulhe.jpeg?w=696&#038;ssl=1\" \/><br><div>\n\t\t\t\t\t<p>Em primeira reuni\u00e3o nesta ter\u00e7a-feira, 25 de fevereiro, a Comiss\u00e3o de Assuntos Relevantes (CAR) que estuda a regulamenta\u00e7\u00e3o e o cumprimento de legisla\u00e7\u00e3o municipal referente \u00e0 prote\u00e7\u00e3o dos direitos das mulheres definiu duas frentes de trabalho. Ser\u00e3o identificadas as leis que tratam do tema e aferidas quais n\u00e3o foram regulamentadas. O trabalho vai embasar o di\u00e1logo com a Prefeitura e rede de atendimento \u00e0 mulher. Paralelamente, as vereadoras far\u00e3o a escuta de pessoas que atuam na rede de apoio e de atendimento \u00e0s v\u00edtimas.<\/p><p>Na reuni\u00e3o, as parlamentares debateram a\u00e7\u00f5es que possam efetivamente contribuir para a implementa\u00e7\u00e3o das leis e elencaram alguns dos poss\u00edveis fatores que dificultam a garantia dos direitos \u00e0s mulheres. Por isso, um estudo mais detalhado ser\u00e1 feito a partir da legisla\u00e7\u00e3o existente.<\/p><p>Um levantamento pr\u00e9vio elaborado pela Consultoria T\u00e9cnica Especializada e pela Assessoria Jur\u00eddica T\u00e9cnico-Legislativa elencou 46 leis aprovadas pela C\u00e2mara Municipal de Limeira e que tratam da garantia de direitos para mulheres. Desse total, ao menos 33 abordam o tema viol\u00eancia contra a mulher. A partir desses dados, as vereadoras solicitaram ao Poder Executivo, por meio de requerimento, informa\u00e7\u00f5es sobre as leis que j\u00e1 foram regulamentadas.<\/p><p>A Comiss\u00e3o agendou para 12 de mar\u00e7o, \u00e0s 17h, uma reuni\u00e3o com representantes do Conselho Municipal da Condi\u00e7\u00e3o Feminina de Limeira, da Rede Elza Tank e F\u00f3rum de Luta Antimanicomial. O encontro ser\u00e1 no Plen\u00e1rio Vereador Vit\u00f3rio Bortolan, na rua Clarino Peixoto, 280 &#8211; Jardim Maria Buchi Modeneis.<\/p><p>Para a vereadora Mariana Calsa (MDB), \u201c\u00e9 imprescind\u00edvel que os legislativos municipais assumam papel ativo na fiscaliza\u00e7\u00e3o e atuem de forma transversal, articulando a\u00e7\u00f5es que promovam a conscientiza\u00e7\u00e3o e o cumprimento das legisla\u00e7\u00f5es existentes\u201d, argumentou.<\/p><p>A Comiss\u00e3o, criada pela<a href=\"https:\/\/legislacao.limeira.sp.leg.br\/limeira-SP\/Resolucoes\/891\" rel=\"noopener\"> Resolu\u00e7\u00e3o N\u00ba 891\/2025<\/a>, tem o prazo de funcionamento de 90 dias, prorrog\u00e1vel por igual per\u00edodo, e \u00e9 composta pelas vereadoras Mariana Calsa, Lu Bogo (PL), Tatiane Lopes (Avante), Mara Isa Mattos Silveira (PL) e Isabelly Carvalho (PT).<\/p>\t\t\t\t<\/div>\r\n<br>\r\n<br><a href=\"https:\/\/www.limeira.sp.leg.br\/noticias\/view\/2025-02-25_comissao-estuda-regulamentacao-e-o-cumprimento-de-leis-de-protecao-dos-direitos-das-mulheres\" rel=\"noopener\">Informa\u00e7\u00f5es CML <\/a>","protected":false},"excerpt":{"rendered":"<p>Em primeira reuni\u00e3o nesta ter\u00e7a-feira, 25 de fevereiro, a Comiss\u00e3o de Assuntos Relevantes (CAR) que estuda a regulamenta\u00e7\u00e3o e o cumprimento de legisla\u00e7\u00e3o municipal referente \u00e0 prote\u00e7\u00e3o dos direitos das mulheres definiu duas frentes de trabalho. Ser\u00e3o identificadas as leis que tratam do tema e aferidas quais n\u00e3o foram regulamentadas. O trabalho vai embasar o [&hellip;]<\/p>\n","protected":false},"author":1,"featured_media":24883,"comment_status":"open","ping_status":"open","sticky":false,"template":"","format":"standard","meta":{"_jetpack_newsletter_access":"","_jetpack_dont_email_post_to_subs":false,"_jetpack_newsletter_tier_id":0,"_jetpack_memberships_contains_paywalled_content":false,"_mbp_banners":[],"_jetpack_feature_clip_id":0,"_jetpack_memberships_contains_paid_content":false,"footnotes":"","jetpack_publicize_message":"","jetpack_publicize_feature_enabled":true,"jetpack_social_post_already_shared":true,"jetpack_social_options":{"image_generator_settings":{"template":"highway","default_image_id":0,"font":"","enabled":false},"version":2},"jetpack_post_was_ever_published":false},"categories":[19],"tags":[],"class_list":["post-24882","post","type-post","status-publish","format-standard","has-post-thumbnail","category-politica"],"jetpack_publicize_connections":[],"jetpack-related-posts":[],"jetpack_shortlink":"https:\/\/wp.me\/p7Eq1F-6tk","jetpack_sharing_enabled":true,"jetpack_featured_media_url":"https:\/\/i0.wp.com\/guialimeira.com.br\/news\/wp-content\/uploads\/2025\/02\/Comissao-estuda-regulamentacao-e-o-cumprimento-de-leis-de-protecao.jpeg?fit=1280%2C640&ssl=1","_links":{"self":[{"href":"https:\/\/guialimeira.com.br\/news\/wp-json\/wp\/v2\/posts\/24882","targetHints":{"allow":["GET"]}}],"collection":[{"href":"https:\/\/guialimeira.com.br\/news\/wp-json\/wp\/v2\/posts"}],"about":[{"href":"https:\/\/guialimeira.com.br\/news\/wp-json\/wp\/v2\/types\/post"}],"author":[{"embeddable":true,"href":"https:\/\/guialimeira.com.br\/news\/wp-json\/wp\/v2\/users\/1"}],"replies":[{"embeddable":true,"href":"https:\/\/guialimeira.com.br\/news\/wp-json\/wp\/v2\/comments?post=24882"}],"version-history":[{"count":1,"href":"https:\/\/guialimeira.com.br\/news\/wp-json\/wp\/v2\/posts\/24882\/revisions"}],"predecessor-version":[{"id":24884,"href":"https:\/\/guialimeira.com.br\/news\/wp-json\/wp\/v2\/posts\/24882\/revisions\/24884"}],"wp:featuredmedia":[{"embeddable":true,"href":"https:\/\/guialimeira.com.br\/news\/wp-json\/wp\/v2\/media\/24883"}],"wp:attachment":[{"href":"https:\/\/guialimeira.com.br\/news\/wp-json\/wp\/v2\/media?parent=24882"}],"wp:term":[{"taxonomy":"category","embeddable":true,"href":"https:\/\/guialimeira.com.br\/news\/wp-json\/wp\/v2\/categories?post=24882"},{"taxonomy":"post_tag","embeddable":true,"href":"https:\/\/guialimeira.com.br\/news\/wp-json\/wp\/v2\/tags?post=24882"}],"curies":[{"name":"wp","href":"https:\/\/api.w.org\/{rel}","templated":true}]}}