{"id":24869,"date":"2025-02-25T18:13:05","date_gmt":"2025-02-25T21:13:05","guid":{"rendered":"https:\/\/guialimeira.com.br\/?p=24869"},"modified":"2025-02-25T18:13:05","modified_gmt":"2025-02-25T21:13:05","slug":"comissao-de-constituicao-justica-e-redacao-analisa-13-projetos","status":"publish","type":"post","link":"https:\/\/guialimeira.com.br\/news\/comissao-de-constituicao-justica-e-redacao-analisa-13-projetos\/","title":{"rendered":"Comiss\u00e3o de Constitui\u00e7\u00e3o Justi\u00e7a e Reda\u00e7\u00e3o analisa 13 projetos"},"content":{"rendered":"\n<figure class=\"wp-block-gallery has-nested-images columns-default is-cropped wp-block-gallery-1 is-layout-flex wp-block-gallery-is-layout-flex\"><\/figure>\n \r\n<br><img data-recalc-dims=\"1\" decoding=\"async\" src=\"https:\/\/i0.wp.com\/guialimeira.com.br\/wp-content\/uploads\/2025\/02\/2025-02-25_comissao-de-constituicao-justica-e-redacao-analisa-13-projetos_1.jpg?w=696&#038;ssl=1\" \/><br><div>\n\t\t\t\t\t<p>Na reuni\u00e3o desta ter\u00e7a-feira, 25 de fevereiro, a Comiss\u00e3o de Constitui\u00e7\u00e3o, Justi\u00e7a e Reda\u00e7\u00e3o da C\u00e2mara de Limeira analisou 13 projetos que estavam na <a href=\"https:\/\/consulta.limeira.sp.leg.br\/Sessoes\/Documento\/367775\" rel=\"noopener\">pauta<\/a>. Quatro propostas receberam pareceres favor\u00e1veis e seguem a tramita\u00e7\u00e3o para as demais comiss\u00f5es permanentes da Casa, as outras permanecem em estudo ou foram encaminhadas para a Procuradoria Legislativa, para elabora\u00e7\u00e3o de parecer, conforme o registro em <a href=\"https:\/\/consulta.limeira.sp.leg.br\/arquivo?Id=479820\" rel=\"noopener\">ata<\/a>.\u00a0<\/p><p>A CCJR se manifesta sobre o aspecto constitucional, legal, regimental, gramatical e l\u00f3gico de todas as proposi\u00e7\u00f5es que tramitam na C\u00e2mara.\u00a0 S\u00e3o membros do colegiado os vereadores Mara Isa Mattos Silveira (PL), presidente; Anderson Pereira (PSD), vice-presidente; e Mariana Calsa (MDB), secret\u00e1ria. As reuni\u00f5es acontecem semanalmente \u00e0s ter\u00e7as-feiras \u00e0s 16h.<\/p><p>Confira o projeto com parecer favor\u00e1vel:<\/p><p><a href=\"https:\/\/consulta.limeira.sp.leg.br\/Documentos\/Documento\/364760\" rel=\"noopener\">Projeto de Lei N\u00ba 4\/2025<\/a>, da Prefeitura, autoriza o Poder Executivo a aceitar e declarar o munic\u00edpio de Hulunbuir, na Regi\u00e3o Aut\u00f4noma da Mong\u00f3lia, interior da Rep\u00fablica Popular da China, como cidade-irm\u00e3.<\/p><p><a href=\"https:\/\/consulta.limeira.sp.leg.br\/Documentos\/Documento\/364908\" rel=\"noopener\">Projeto de Lei N\u00ba 7\/2025<\/a>, do vereador M\u00e1rcio do Estacionamento (DC), disp\u00f5e sobre a obrigatoriedade da destina\u00e7\u00e3o de vagas de estacionamento exclusivas para pessoas com Transtorno do Espectro Autista (TEA) em estabelecimentos p\u00fablicos e privados.<\/p><p><a href=\"https:\/\/consulta.limeira.sp.leg.br\/Documentos\/Documento\/365729\" rel=\"noopener\">Projeto de Resolu\u00e7\u00e3o N\u00ba 4\/2025<\/a> \u2013 do vereador Everton Ferreira (PSD), institui a medalha \u201cBento Manoel de Barros\u201d no \u00e2mbito da C\u00e2mara Municipal de Limeira.<\/p><p><a href=\"https:\/\/consulta.limeira.sp.leg.br\/Documentos\/Documento\/365748\" rel=\"noopener\">Projeto de Lei N\u00ba 14\/2025<\/a> \u2013 do vereador Estev\u00e3o Nogueira (Avante), institui o M\u00eas Global do Empreendedorismo no Calend\u00e1rio Oficial do Munic\u00edpio de Limeira, a ser realizado em novembro.<\/p>\t\t\t\t<\/div>\r\n<br>\r\n<br><a href=\"https:\/\/www.limeira.sp.leg.br\/noticias\/view\/2025-02-25_comissao-de-constituicao-justica-e-redacao-analisa-13-projetos\" rel=\"noopener\">Informa\u00e7\u00f5es CML <\/a>","protected":false},"excerpt":{"rendered":"<p>Na reuni\u00e3o desta ter\u00e7a-feira, 25 de fevereiro, a Comiss\u00e3o de Constitui\u00e7\u00e3o, Justi\u00e7a e Reda\u00e7\u00e3o da C\u00e2mara de Limeira analisou 13 projetos que estavam na pauta. Quatro propostas receberam pareceres favor\u00e1veis e seguem a tramita\u00e7\u00e3o para as demais comiss\u00f5es permanentes da Casa, as outras permanecem em estudo ou foram encaminhadas para a Procuradoria Legislativa, para elabora\u00e7\u00e3o [&hellip;]<\/p>\n","protected":false},"author":1,"featured_media":24870,"comment_status":"open","ping_status":"open","sticky":false,"template":"","format":"standard","meta":{"_jetpack_newsletter_access":"","_jetpack_dont_email_post_to_subs":false,"_jetpack_newsletter_tier_id":0,"_jetpack_memberships_contains_paywalled_content":false,"_mbp_banners":[],"_jetpack_feature_clip_id":0,"_jetpack_memberships_contains_paid_content":false,"footnotes":"","jetpack_publicize_message":"","jetpack_publicize_feature_enabled":true,"jetpack_social_post_already_shared":true,"jetpack_social_options":{"image_generator_settings":{"template":"highway","default_image_id":0,"font":"","enabled":false},"version":2},"jetpack_post_was_ever_published":false},"categories":[19],"tags":[],"class_list":["post-24869","post","type-post","status-publish","format-standard","has-post-thumbnail","category-politica"],"jetpack_publicize_connections":[],"jetpack-related-posts":[],"jetpack_shortlink":"https:\/\/wp.me\/p7Eq1F-6t7","jetpack_sharing_enabled":true,"jetpack_featured_media_url":"https:\/\/i0.wp.com\/guialimeira.com.br\/news\/wp-content\/uploads\/2025\/02\/Comissao-de-Constituicao-Justica-e-Redacao-analisa-13-projetos.jpg?fit=1280%2C640&ssl=1","_links":{"self":[{"href":"https:\/\/guialimeira.com.br\/news\/wp-json\/wp\/v2\/posts\/24869","targetHints":{"allow":["GET"]}}],"collection":[{"href":"https:\/\/guialimeira.com.br\/news\/wp-json\/wp\/v2\/posts"}],"about":[{"href":"https:\/\/guialimeira.com.br\/news\/wp-json\/wp\/v2\/types\/post"}],"author":[{"embeddable":true,"href":"https:\/\/guialimeira.com.br\/news\/wp-json\/wp\/v2\/users\/1"}],"replies":[{"embeddable":true,"href":"https:\/\/guialimeira.com.br\/news\/wp-json\/wp\/v2\/comments?post=24869"}],"version-history":[{"count":1,"href":"https:\/\/guialimeira.com.br\/news\/wp-json\/wp\/v2\/posts\/24869\/revisions"}],"predecessor-version":[{"id":24871,"href":"https:\/\/guialimeira.com.br\/news\/wp-json\/wp\/v2\/posts\/24869\/revisions\/24871"}],"wp:featuredmedia":[{"embeddable":true,"href":"https:\/\/guialimeira.com.br\/news\/wp-json\/wp\/v2\/media\/24870"}],"wp:attachment":[{"href":"https:\/\/guialimeira.com.br\/news\/wp-json\/wp\/v2\/media?parent=24869"}],"wp:term":[{"taxonomy":"category","embeddable":true,"href":"https:\/\/guialimeira.com.br\/news\/wp-json\/wp\/v2\/categories?post=24869"},{"taxonomy":"post_tag","embeddable":true,"href":"https:\/\/guialimeira.com.br\/news\/wp-json\/wp\/v2\/tags?post=24869"}],"curies":[{"name":"wp","href":"https:\/\/api.w.org\/{rel}","templated":true}]}}