{"id":24861,"date":"2025-02-25T17:49:55","date_gmt":"2025-02-25T20:49:55","guid":{"rendered":"https:\/\/guialimeira.com.br\/?p=24861"},"modified":"2025-02-25T17:49:55","modified_gmt":"2025-02-25T20:49:55","slug":"pec-contra-escala-6x1-e-protocolada-na-camara-com-234-assinaturas","status":"publish","type":"post","link":"https:\/\/guialimeira.com.br\/news\/pec-contra-escala-6x1-e-protocolada-na-camara-com-234-assinaturas\/","title":{"rendered":"PEC contra escala 6&#215;1 \u00e9 protocolada na C\u00e2mara com 234 assinaturas\u00a0"},"content":{"rendered":"\n<figure class=\"wp-block-gallery has-nested-images columns-default is-cropped wp-block-gallery-1 is-layout-flex wp-block-gallery-is-layout-flex\">\n<figure class=\"wp-block-image size-large\"><\/figure>\n\t\t\t\t\t\n<figure class=\"wp-block-image size-large\"><img loading=\"lazy\" decoding=\"async\" width=\"1\" height=\"1\" data-attachment-id=\"24859\" data-permalink=\"https:\/\/guialimeira.com.br\/news\/pec-contra-escala-6x1-e-protocolada-na-camara-com-234-2\/\" data-orig-file=\"https:\/\/i0.wp.com\/guialimeira.com.br\/news\/wp-content\/uploads\/2025\/02\/1740516592_418_ebc.gif?fit=1%2C1&amp;ssl=1\" data-orig-size=\"1,1\" data-comments-opened=\"1\" data-image-meta=\"{&quot;aperture&quot;:&quot;0&quot;,&quot;credit&quot;:&quot;&quot;,&quot;camera&quot;:&quot;&quot;,&quot;caption&quot;:&quot;&quot;,&quot;created_timestamp&quot;:&quot;0&quot;,&quot;copyright&quot;:&quot;&quot;,&quot;focal_length&quot;:&quot;0&quot;,&quot;iso&quot;:&quot;0&quot;,&quot;shutter_speed&quot;:&quot;0&quot;,&quot;title&quot;:&quot;&quot;,&quot;orientation&quot;:&quot;0&quot;}\" data-image-title=\"PEC contra escala 6&amp;#215;1 \u00e9 protocolada na C\u00e2mara com 234\" data-image-description=\"\" data-image-caption=\"\" data-large-file=\"https:\/\/i0.wp.com\/guialimeira.com.br\/news\/wp-content\/uploads\/2025\/02\/1740516592_418_ebc.gif?fit=1%2C1&amp;ssl=1\" data-id=\"24859\" src=\"https:\/\/i0.wp.com\/guialimeira.com.br\/wp-content\/uploads\/2025\/02\/1740516592_418_ebc.gif?resize=1%2C1&amp;ssl=1\" alt=\"\" class=\"wp-image-24859\" \/><\/figure>\n\t\t\t\t\t\n<figure class=\"wp-block-image size-large\"><img loading=\"lazy\" decoding=\"async\" width=\"754\" height=\"422\" data-attachment-id=\"24860\" data-permalink=\"https:\/\/guialimeira.com.br\/news\/pec-contra-escala-6x1-e-protocolada-na-camara-com-234-3\/\" data-orig-file=\"https:\/\/i0.wp.com\/guialimeira.com.br\/news\/wp-content\/uploads\/2025\/02\/lula3174.jpg?fit=754%2C422&amp;ssl=1\" data-orig-size=\"754,422\" data-comments-opened=\"1\" data-image-meta=\"{&quot;aperture&quot;:&quot;0&quot;,&quot;credit&quot;:&quot;&quot;,&quot;camera&quot;:&quot;&quot;,&quot;caption&quot;:&quot;&quot;,&quot;created_timestamp&quot;:&quot;0&quot;,&quot;copyright&quot;:&quot;&quot;,&quot;focal_length&quot;:&quot;0&quot;,&quot;iso&quot;:&quot;0&quot;,&quot;shutter_speed&quot;:&quot;0&quot;,&quot;title&quot;:&quot;&quot;,&quot;orientation&quot;:&quot;0&quot;}\" data-image-title=\"PEC contra escala 6&amp;#215;1 \u00e9 protocolada na C\u00e2mara com 234\" data-image-description=\"\" data-image-caption=\"\" data-large-file=\"https:\/\/i0.wp.com\/guialimeira.com.br\/news\/wp-content\/uploads\/2025\/02\/lula3174.jpg?fit=696%2C390&amp;ssl=1\" data-id=\"24860\" src=\"https:\/\/i0.wp.com\/guialimeira.com.br\/wp-content\/uploads\/2025\/02\/lula3174.jpg?resize=150%2C150&amp;ssl=1\" alt=\"\" class=\"wp-image-24860\" \/><\/figure>\n\t\t\t\t\t<\/figure>\n \r\n<br><div>\n                    <p>A Proposta de Emenda \u00e0 Constitui\u00e7\u00e3o (PEC) que acaba com a escala de seis dias de trabalho por um de folga (6&#215;1) foi protocolada na C\u00e2mara dos Deputados nesta ter\u00e7a-feira (25), com 234 assinaturas. Foram 63 assinaturas a mais que o necess\u00e1rio para ingressar com uma proposta de emenda constitucional.<img data-recalc-dims=\"1\" decoding=\"async\" src=\"https:\/\/i0.wp.com\/guialimeira.com.br\/wp-content\/uploads\/2025\/02\/1740516592_339_ebc.png?w=696&#038;ssl=1\" style=\"width:1px;height:1px\" \/><img data-recalc-dims=\"1\" decoding=\"async\" src=\"https:\/\/i0.wp.com\/guialimeira.com.br\/wp-content\/uploads\/2025\/02\/1740516592_418_ebc.gif?w=696&#038;ssl=1\" style=\"width:1px;height:1px\" \/><\/p>\n\n<p><strong>A PEC estabelece uma semana de quatro dias de trabalho.<\/strong> A deputada federal Erika Hilton (PSOL-RJ), que lidera a articula\u00e7\u00e3o pela PEC na Casa, afirmou que foram meses de conversas com parlamentares e mobiliza\u00e7\u00f5es para se chegar a este momento de registrar a proposta na C\u00e2mara.\u00a0<\/p>\n\n<p>Em coletiva \u00e0 imprensa nesta ter\u00e7a, a deputada disse que essa escala \u00e9 considerada obsoleta.\u00a0<\/p>\n\n<blockquote>\n<p>\u201cJ\u00e1 h\u00e1 apontamentos pol\u00edticos e econ\u00f4micos mostrando que h\u00e1 sim possibilidade de repensarmos essa jornada de trabalho, como foi feito em outros lugares no mundo, aplicando \u00e0 nossa realidade\u201d, argumentou.\u00a0<\/p>\n<\/blockquote>\n\n<p>A parlamentar disse que pretende se reunir com o presidente da C\u00e2mara, deputado Hugo Motta (Republicanos-PB) ap\u00f3s o carnaval para conversar sobre o tema e entregar um abaixo-assinado que j\u00e1 conta com quase 3 milh\u00f5es de assinaturas pedindo o fim da escala 6&#215;1.\u00a0<\/p>\n\n<p>\u201cAgora resta saber se o Congresso Nacional ter\u00e1 interesse pol\u00edtico e responsabilidade com a vida dos trabalhadores e trabalhadoras brasileiros e se dar\u00e1 a aten\u00e7\u00e3o necess\u00e1ria para que esse texto ganhe um relator, para que a comiss\u00e3o especial seja instalada e para que a gente tenha condi\u00e7\u00f5es de fazer esse debate como deve ser feito\u201d, disse Erika.\u00a0\u00a0<\/p>\n\n<p><strong>Ela garantiu que a PEC conta com o apoio de diversos partidos, inclusive de centro e de direita. <\/strong>\u201cIsso desmonta a ideia de que s\u00f3 a esquerda est\u00e1 se empenhando nessa discuss\u00e3o. Acho que os \u00fanicos que n\u00e3o est\u00e3o empenhados nesse debate \u00e9 a extrema-direita\u201d. Ela contou que a proposta havia recebido a assinatura de dois deputados do PL, mas, por orienta\u00e7\u00e3o do partido, o apoio foi retirado.\u00a0<\/p>\n\n<p>A PEC altera o inciso XII do artigo 7\u00ba da Constitui\u00e7\u00e3o brasileira, que passaria a vigorar com a seguinte reda\u00e7\u00e3o: \u201cdura\u00e7\u00e3o do trabalho normal n\u00e3o superior a oito horas di\u00e1rias e trinta e seis horas semanais, com jornada de trabalho de quatro dias por semana, facultada a compensa\u00e7\u00e3o de hor\u00e1rios e a redu\u00e7\u00e3o de jornada, mediante acordo ou conven\u00e7\u00e3o coletiva de trabalho\u201d.\u00a0<\/p>\n\n<p><strong>O debate para redu\u00e7\u00e3o da jornada de trabalho vem ganhando for\u00e7a a partir do Movimento Vida Al\u00e9m do Trabalho (VAT),<\/strong> fundado pelo vereador carioca Rick Azevedo (Psol), e que <a href=\"https:\/\/agenciabrasil.ebc.com.br\/politica\/noticia\/2024-11\/pec-6x1-cresce-pressao-pela-aprovacao-da-proposta\" rel=\"noopener\">tem mobilizado manifesta\u00e7\u00f5es<\/a> e atos pelo fim da escala 6&#215;1.<\/p>\n\n<blockquote>\n<p>\u201cO mercado chora a \u2018falta de m\u00e3o de obra\u2019, mas n\u00e3o quer admitir o \u00f3bvio: o povo cansou de ser burro de carga. A escala 6&#215;1 destr\u00f3i a sa\u00fade, rouba o tempo de vida e paga mal. Ningu\u00e9m quer adoecer para enriquecer patr\u00e3o\u201d, afirmou Azevedo em uma rede social.\u00a0<\/p>\n<\/blockquote>\n\n<p>O vereador chamou a popula\u00e7\u00e3o para fazer um protesto durante o feriado de 1\u00ba de maio pedindo a mudan\u00e7a na escala de trabalho. \u201cNo dia 2 de maio fique em casa em protesto a essa escala escravocrata. Estou muito feliz por esse protocolo de hoje, mas muita luta ainda est\u00e1 por vir\u201d\u00a0<\/p>\n\n<p><strong>Para uma PEC ser aprovada na C\u00e2mara, s\u00e3o necess\u00e1rios os votos de, no m\u00ednimo, 308 dos 513 deputados e deputadas, em dois turnos de vota\u00e7\u00e3o. A <a href=\"https:\/\/agenciabrasil.ebc.com.br\/radioagencia-nacional\/direitos-humanos\/audio\/2024-12\/reducao-da-jornada-6x1-volta-ao-debate-e-divide-opinioes-no-pais\" rel=\"noopener\">medida tem dividido opini\u00f5es<\/a>, tanto no meio patronal, quanto sindical.\u00a0<\/strong><\/p>\n\n<p>Para os cr\u00edticos, a medida levaria ao aumento dos custos operacionais das empresas, segundo defendeu a entidade patronal Confedera\u00e7\u00e3o Nacional do Com\u00e9rcio de Bens, Servi\u00e7os e Turismo (CNC).\u00a0<\/p>\n\n<p>Na coletiva de hoje, o deputado Guilherme Boulos (PSOL-SP) disse que vai pedir o apoio do governo para conseguir os votos necess\u00e1rios para aprovar a PEC no Congresso. O l\u00edder do governo na C\u00e2mara, deputado Jos\u00e9 Guimar\u00e3es (PT-CE) garantiu que vai se empenhar nas articula\u00e7\u00f5es dentro e fora do plen\u00e1rio para aprovar a proposta.\u00a0<\/p>\n\n<div class=\"dnd-widget-wrapper context-cheio_8colunas type-image atom-align-center\"><div class=\"dnd-atom-rendered\"><!-- scald=415213:cheio_8colunas {\"additionalClasses\":\"\"} -->\n            <img data-recalc-dims=\"1\" decoding=\"async\" src=\"https:\/\/i0.wp.com\/guialimeira.com.br\/wp-content\/uploads\/2025\/02\/lula3174.jpg?w=696&#038;ssl=1\" alt=\"Bras\u00edlia (DF), 25\/02\/\/2025  - Deputada federal Erika Hilton (PSOL-SP), parlamentares aliados e signat\u00e1rios, juntamente com representantes do Movimento Vida Al\u00e9m do Trabalho, durante coletiva \u00e0 imprensa ap\u00f3s protocolarem a PEC contra a Escala 6x1 . Foto: Lula Marques\/Ag\u00eancia Brasil\" title=\"Lula Marques\/Ag\u00eancia Brasil\" \/>\n        <img data-recalc-dims=\"1\" decoding=\"async\" src=\"https:\/\/i0.wp.com\/guialimeira.com.br\/wp-content\/uploads\/2025\/02\/lula3174.jpg?w=696&#038;ssl=1\" alt=\"Bras\u00edlia (DF), 25\/02\/\/2025  - Deputada federal Erika Hilton (PSOL-SP), parlamentares aliados e signat\u00e1rios, juntamente com representantes do Movimento Vida Al\u00e9m do Trabalho, durante coletiva \u00e0 imprensa ap\u00f3s protocolarem a PEC contra a Escala 6x1 . Foto: Lula Marques\/Ag\u00eancia Brasil\" title=\"Lula Marques\/Ag\u00eancia Brasil\" \/>\n    <!-- END scald=415213 --><\/div><p>\n<h6 class=\"meta rtecenter\"><!--copyright=415213--><em>Bras\u00edlia (DF), 25\/02\/\/2025 &#8211; Deputada federal Erika Hilton (PSOL-SP), parlamentares aliados e signat\u00e1rios, juntamente com representantes do Movimento Vida Al\u00e9m do Trabalho, durante coletiva \u00e0 imprensa ap\u00f3s protocolarem a PEC contra a Escala 6&#215;1 . Foto: Lula Marques\/Ag\u00eancia Brasil &#8211; <strong>Lula Marques\/Ag\u00eancia Brasil<\/strong><\/em><!--END copyright=415213--><\/h6>\n<\/p><\/div>\n\n<h2>Outras propostas<\/h2>\n\n<p><strong>Ao menos outras duas PECs tratam da redu\u00e7\u00e3o de jornada no Congresso Nacional, mas n\u00e3o acabam com a jornada 6 por 1, que \u00e9 a principal demanda do VAT.<\/strong><\/p>\n\n<p>Apresentada em 2019 pelo deputado Reginaldo Lopes (PT-MG), a PEC 221\/2019 prop\u00f5e uma redu\u00e7\u00e3o, em um prazo de dez anos, de 44 horas semanais por 36 horas semanais de trabalho sem redu\u00e7\u00e3o de sal\u00e1rio.\u00a0<\/p>\n\n<p>A PEC 221 aguarda a designa\u00e7\u00e3o do relator na Comiss\u00e3o de Constitui\u00e7\u00e3o e Justi\u00e7a da C\u00e2mara (CCJ). Existe ainda a possibilidade que a PEC protocolada nesta ter\u00e7a-feira pela deputada Erika Hilton seja apensada \u00e0 proposta do deputado Reginaldo Lopes.<\/p>\n\n      <!-- Relacionada -->\n              \n            <!-- Relacionada -->\n    <\/div>\r\n<br>\r\n<br><a href=\"https:\/\/agenciabrasil.ebc.com.br\/politica\/noticia\/2025-02\/pec-contra-escala-6x1-e-protocolada-na-camara-com-234-assinaturas\" rel=\"noopener\">Ag\u00eancia Brasil<\/a>","protected":false},"excerpt":{"rendered":"<p>A Proposta de Emenda \u00e0 Constitui\u00e7\u00e3o (PEC) que acaba com a escala de seis dias de trabalho por um de folga (6&#215;1) foi protocolada na C\u00e2mara dos Deputados nesta ter\u00e7a-feira (25), com 234 assinaturas. Foram 63 assinaturas a mais que o necess\u00e1rio para ingressar com uma proposta de emenda constitucional. A PEC estabelece uma semana [&hellip;]<\/p>\n","protected":false},"author":1,"featured_media":24862,"comment_status":"open","ping_status":"open","sticky":false,"template":"","format":"standard","meta":{"_jetpack_newsletter_access":"","_jetpack_dont_email_post_to_subs":false,"_jetpack_newsletter_tier_id":0,"_jetpack_memberships_contains_paywalled_content":false,"_mbp_banners":[],"_jetpack_feature_clip_id":0,"_jetpack_memberships_contains_paid_content":false,"footnotes":"","jetpack_publicize_message":"","jetpack_publicize_feature_enabled":true,"jetpack_social_post_already_shared":true,"jetpack_social_options":{"image_generator_settings":{"template":"highway","default_image_id":0,"font":"","enabled":false},"version":2},"jetpack_post_was_ever_published":false},"categories":[19],"tags":[],"class_list":["post-24861","post","type-post","status-publish","format-standard","has-post-thumbnail","category-politica"],"jetpack_publicize_connections":[],"jetpack-related-posts":[],"jetpack_shortlink":"https:\/\/wp.me\/p7Eq1F-6sZ","jetpack_sharing_enabled":true,"jetpack_featured_media_url":"https:\/\/i0.wp.com\/guialimeira.com.br\/news\/wp-content\/uploads\/2025\/02\/PEC-contra-escala-6x1-e-protocolada-na-Camara-com-234.jpg?fit=1600%2C800&ssl=1","_links":{"self":[{"href":"https:\/\/guialimeira.com.br\/news\/wp-json\/wp\/v2\/posts\/24861","targetHints":{"allow":["GET"]}}],"collection":[{"href":"https:\/\/guialimeira.com.br\/news\/wp-json\/wp\/v2\/posts"}],"about":[{"href":"https:\/\/guialimeira.com.br\/news\/wp-json\/wp\/v2\/types\/post"}],"author":[{"embeddable":true,"href":"https:\/\/guialimeira.com.br\/news\/wp-json\/wp\/v2\/users\/1"}],"replies":[{"embeddable":true,"href":"https:\/\/guialimeira.com.br\/news\/wp-json\/wp\/v2\/comments?post=24861"}],"version-history":[{"count":1,"href":"https:\/\/guialimeira.com.br\/news\/wp-json\/wp\/v2\/posts\/24861\/revisions"}],"predecessor-version":[{"id":24863,"href":"https:\/\/guialimeira.com.br\/news\/wp-json\/wp\/v2\/posts\/24861\/revisions\/24863"}],"wp:featuredmedia":[{"embeddable":true,"href":"https:\/\/guialimeira.com.br\/news\/wp-json\/wp\/v2\/media\/24862"}],"wp:attachment":[{"href":"https:\/\/guialimeira.com.br\/news\/wp-json\/wp\/v2\/media?parent=24861"}],"wp:term":[{"taxonomy":"category","embeddable":true,"href":"https:\/\/guialimeira.com.br\/news\/wp-json\/wp\/v2\/categories?post=24861"},{"taxonomy":"post_tag","embeddable":true,"href":"https:\/\/guialimeira.com.br\/news\/wp-json\/wp\/v2\/tags?post=24861"}],"curies":[{"name":"wp","href":"https:\/\/api.w.org\/{rel}","templated":true}]}}