{"id":24852,"date":"2025-02-25T17:12:34","date_gmt":"2025-02-25T20:12:34","guid":{"rendered":"https:\/\/guialimeira.com.br\/?p=24852"},"modified":"2025-02-25T17:12:34","modified_gmt":"2025-02-25T20:12:34","slug":"camara-de-limeira-aprova-politica-municipal-da-saude-mental-materna","status":"publish","type":"post","link":"https:\/\/guialimeira.com.br\/news\/camara-de-limeira-aprova-politica-municipal-da-saude-mental-materna\/","title":{"rendered":"C\u00e2mara de Limeira aprova Pol\u00edtica Municipal da Sa\u00fade Mental Materna"},"content":{"rendered":"\n<figure class=\"wp-block-gallery has-nested-images columns-default is-cropped wp-block-gallery-1 is-layout-flex wp-block-gallery-is-layout-flex\"><\/figure>\n \r\n<br><img data-recalc-dims=\"1\" decoding=\"async\" src=\"https:\/\/i0.wp.com\/guialimeira.com.br\/wp-content\/uploads\/2025\/02\/2025-02-25_camara-de-limeira-aprova-politica-municipal-da-saude-mental-materna_1.jpg?w=696&#038;ssl=1\" \/><br><div>\n\t\t\t\t\t<p>Visando ampliar a assist\u00eancia \u00e0 gestante, \u00e0 m\u00e3e no per\u00edodo gestacional, pr\u00e9-natal e puerp\u00e9rio, a C\u00e2mara Municipal de Limeira aprovou, na sess\u00e3o ordin\u00e1ria desta segunda-feira, 24 de fevereiro, o <a href=\"https:\/\/consulta.limeira.sp.leg.br\/Documentos\/Documento\/353276\" rel=\"noopener\">Projeto de Lei N\u00ba 138\/2024<\/a>, de autoria da vereadora Mariana Calsa (MDB), que estabelece par\u00e2metros, diretrizes e objetivos para a cria\u00e7\u00e3o da Pol\u00edtica Municipal da Sa\u00fade Mental Materna.<\/p><p>De acordo com a proposta, alguns dos objetivos s\u00e3o apoiar a gestante para que adquira, desenvolva e mantenha\u00a0 a resili\u00eancia mental no per\u00edodo que vai do pr\u00e9 ao p\u00f3s parto; prevenir o adoecimento mental; e melhorar a qualidade de vida e as rela\u00e7\u00f5es m\u00e3e-beb\u00ea e com outros membros da fam\u00edlia.\u00a0<\/p><p>Dentre as diretrizes destacadas no projeto est\u00e3o a implementa\u00e7\u00e3o de servi\u00e7os de atendimento especializado e interven\u00e7\u00e3o psicossocial e psicol\u00f3gica individual ou em grupo com gestantes, pu\u00e9rperas e m\u00e3es adotivas de forma descentralizada nos equipamentos p\u00fablicos de aten\u00e7\u00e3o b\u00e1sica de sa\u00fade no munic\u00edpio; promover campanha de promo\u00e7\u00e3o de sa\u00fade mental materna nos meios de comunica\u00e7\u00e3o dispon\u00edveis; e capacitar profissionais de sa\u00fade da rede municipal para que possam lidar com quest\u00f5es relacionadas ao tema.<\/p><p>Na justificativa, a autora argumenta que h\u00e1 diversas adversidades e riscos relacionados \u00e0 gravidez que podem estar correlacionados com ansiedade, estresse e depress\u00e3o em gestantes e pu\u00e9rperas. \u201c\u00c9 um per\u00edodo \u00fanico na vida da gestante, levando em considera\u00e7\u00e3o que \u00e9 um acontecimento que demanda adapta\u00e7\u00f5es de diversas dimens\u00f5es, entre elas f\u00edsicas, ps\u00edquicas, sociais e emocionais, todas elas impactando diretamente no bem estar da m\u00e3e e da crian\u00e7a gestada.\u201d<\/p><p>O projeto aprovado em Plen\u00e1rio segue para aprecia\u00e7\u00e3o do prefeito Murilo F\u00e9lix, para san\u00e7\u00e3o ou veto. Se sancionado, ser\u00e1 promulgado e publicado no Jornal Oficial do Munic\u00edpio e passa a ser lei, cabendo ao Executivo a regulamenta\u00e7\u00e3o em at\u00e9 60 dias.<\/p>\t\t\t\t<\/div>\r\n<br>\r\n<br><a href=\"https:\/\/www.limeira.sp.leg.br\/noticias\/view\/2025-02-25_camara-de-limeira-aprova-politica-municipal-da-saude-mental-materna\" rel=\"noopener\">Informa\u00e7\u00f5es CML <\/a>","protected":false},"excerpt":{"rendered":"<p>Visando ampliar a assist\u00eancia \u00e0 gestante, \u00e0 m\u00e3e no per\u00edodo gestacional, pr\u00e9-natal e puerp\u00e9rio, a C\u00e2mara Municipal de Limeira aprovou, na sess\u00e3o ordin\u00e1ria desta segunda-feira, 24 de fevereiro, o Projeto de Lei N\u00ba 138\/2024, de autoria da vereadora Mariana Calsa (MDB), que estabelece par\u00e2metros, diretrizes e objetivos para a cria\u00e7\u00e3o da Pol\u00edtica Municipal da Sa\u00fade [&hellip;]<\/p>\n","protected":false},"author":1,"featured_media":24853,"comment_status":"open","ping_status":"open","sticky":false,"template":"","format":"standard","meta":{"_jetpack_newsletter_access":"","_jetpack_dont_email_post_to_subs":false,"_jetpack_newsletter_tier_id":0,"_jetpack_memberships_contains_paywalled_content":false,"_mbp_banners":[],"_jetpack_feature_clip_id":0,"_jetpack_memberships_contains_paid_content":false,"footnotes":"","jetpack_publicize_message":"","jetpack_publicize_feature_enabled":true,"jetpack_social_post_already_shared":true,"jetpack_social_options":{"image_generator_settings":{"template":"highway","default_image_id":0,"font":"","enabled":false},"version":2},"jetpack_post_was_ever_published":false},"categories":[19],"tags":[],"class_list":["post-24852","post","type-post","status-publish","format-standard","has-post-thumbnail","category-politica"],"jetpack_publicize_connections":[],"jetpack-related-posts":[],"jetpack_shortlink":"https:\/\/wp.me\/p7Eq1F-6sQ","jetpack_sharing_enabled":true,"jetpack_featured_media_url":"https:\/\/i0.wp.com\/guialimeira.com.br\/news\/wp-content\/uploads\/2025\/02\/Camara-de-Limeira-aprova-Politica-Municipal-da-Saude-Mental-Materna.jpg?fit=1280%2C640&ssl=1","_links":{"self":[{"href":"https:\/\/guialimeira.com.br\/news\/wp-json\/wp\/v2\/posts\/24852","targetHints":{"allow":["GET"]}}],"collection":[{"href":"https:\/\/guialimeira.com.br\/news\/wp-json\/wp\/v2\/posts"}],"about":[{"href":"https:\/\/guialimeira.com.br\/news\/wp-json\/wp\/v2\/types\/post"}],"author":[{"embeddable":true,"href":"https:\/\/guialimeira.com.br\/news\/wp-json\/wp\/v2\/users\/1"}],"replies":[{"embeddable":true,"href":"https:\/\/guialimeira.com.br\/news\/wp-json\/wp\/v2\/comments?post=24852"}],"version-history":[{"count":1,"href":"https:\/\/guialimeira.com.br\/news\/wp-json\/wp\/v2\/posts\/24852\/revisions"}],"predecessor-version":[{"id":24854,"href":"https:\/\/guialimeira.com.br\/news\/wp-json\/wp\/v2\/posts\/24852\/revisions\/24854"}],"wp:featuredmedia":[{"embeddable":true,"href":"https:\/\/guialimeira.com.br\/news\/wp-json\/wp\/v2\/media\/24853"}],"wp:attachment":[{"href":"https:\/\/guialimeira.com.br\/news\/wp-json\/wp\/v2\/media?parent=24852"}],"wp:term":[{"taxonomy":"category","embeddable":true,"href":"https:\/\/guialimeira.com.br\/news\/wp-json\/wp\/v2\/categories?post=24852"},{"taxonomy":"post_tag","embeddable":true,"href":"https:\/\/guialimeira.com.br\/news\/wp-json\/wp\/v2\/tags?post=24852"}],"curies":[{"name":"wp","href":"https:\/\/api.w.org\/{rel}","templated":true}]}}