{"id":2484,"date":"2024-04-23T16:34:50","date_gmt":"2024-04-23T19:34:50","guid":{"rendered":"https:\/\/guialimeira.com.br\/2024\/04\/23\/programa-municipal-de-controle-de-agua-vence-13o-premio-david-capistrano-limeira-teve-destaque-com-12-projetos-selecionados\/"},"modified":"2024-04-23T16:34:50","modified_gmt":"2024-04-23T19:34:50","slug":"programa-municipal-de-controle-de-agua-vence-13o-premio-david-capistrano-limeira-teve-destaque-com-12-projetos-selecionados","status":"publish","type":"post","link":"https:\/\/guialimeira.com.br\/news\/programa-municipal-de-controle-de-agua-vence-13o-premio-david-capistrano-limeira-teve-destaque-com-12-projetos-selecionados\/","title":{"rendered":"Programa municipal de controle de \u00e1gua vence 13\u00ba Pr\u00eamio David\u00a0Capistrano;\u00a0Limeira teve destaque com 12 projetos selecionados"},"content":{"rendered":"<p> <br \/>\n<\/p>\n<div id=\"\">&#13;<br \/>\n                &#13;<br \/>\n&#13;<br \/>\n&#13;<br \/>\n&#13;<br \/>\n    <img data-recalc-dims=\"1\" decoding=\"async\" src=\"https:\/\/i0.wp.com\/ecrie.com.br\/sistema\/conteudos\/imagem\/m_137_0_1_23042024162617.jpg?w=696&#038;ssl=1\" alt=\"Programa municipal de controle de \u00e1gua vence 13\u00ba Pr\u00eamio David\u00a0Capistrano;\u00a0Limeira teve destaque com 12 projetos selecionados\"\/>&#13;<br \/>\n&#13;<\/p>\n<p><span style=\"box-sizing: border-box; font-size: 16px; font-family: Arial; color: #000000;\">O Programa Municipal de Vigil\u00e2ncia da Qualidade da \u00c1gua, Vis\u00e1gua, da Prefeitura de Limeira, foi um dos 15 vencedores do 13\u00ba Pr\u00eamio David Capistrano. O an\u00fancio ocorreu na sexta-feira (19), no encerramento do 37\u00ba Congresso de Secret\u00e1rios Municipais de Sa\u00fade do Estado de S\u00e3o Paulo, realizado semana passada em Santos.\u00a0<\/span><\/p>\n<p>&#13;<\/p>\n<p><span style=\"box-sizing: border-box; font-size: 16px; font-family: Calibri; color: #000000;\">\u00a0<\/span><span style=\"box-sizing: border-box; font-size: 16px; font-family: Arial; color: #000000;\">A dimens\u00e3o desse resultado, segundo o prefeito Mario Botion, pode ser observada pelo grande n\u00famero de propostas participantes. \u201cO programa Vis\u00e1gua foi aclamado dentre\u00a01.687 trabalhos inscritos, de 149 cidades\u201d, frisou. Al\u00e9m disso, ele salientou que, das 12 propostas encaminhadas pela Secretaria de Sa\u00fade ao congresso, todas foram selecionadas para participar da 20\u00aa\u00a0Mostra de Experi\u00eancias Exitosas.<\/span><\/p>\n<p>&#13;<\/p>\n<p><span style=\"box-sizing: border-box; font-size: 16px; font-family: Calibri; color: #000000;\">\u00a0<\/span><\/p>\n<p>&#13;<\/p>\n<p><span style=\"box-sizing: border-box; color: #000000;\"><strong style=\"box-sizing: border-box; font-weight: bold;\"><span style=\"box-sizing: border-box; font-size: 16px; font-family: Arial; font-weight: bold;\">VIS\u00c1GUA<\/span><\/strong><\/span><\/p>\n<p>&#13;<\/p>\n<p style=\"box-sizing: border-box; color: #444444; text-align: left; margin: 0pt;\"><span style=\"box-sizing: border-box; font-size: 16px; font-family: Arial; color: #000000;\">Criado pela\u00a0Divis\u00e3o de Vigil\u00e2ncia Sanit\u00e1ria no ano passado, o Vis\u00e1gua \u00e9\u00a0uma iniciativa\u00a0pioneira em todo\u00a0estado\u00a0de S\u00e3o Paulo\u00a0para o controle da qualidade da \u00e1gua nas fontes alternativas de abastecimento, conhecidas como po\u00e7os artesianos. Atualmente, 120 pontos de capta\u00e7\u00e3o alternativa s\u00e3o fiscalizados mensalmente pelo programa.<\/span><\/p>\n<p>&#13;<\/p>\n<p style=\"box-sizing: border-box; color: #444444; text-align: left; margin: 0pt;\"><span style=\"box-sizing: border-box; font-size: 16px; font-family: Arial; color: #000000;\">Segundo\u00a0a\u00a0diretora de Vigil\u00e2ncia em Sa\u00fade, Renata Martins, a iniciativa surgiu da constata\u00e7\u00e3o de que estabelecimentos residenciais, comerciais e ch\u00e1caras de recreio que usam fontes alternativas para consumo humano, preparo de alimentos e atividades de presta\u00e7\u00e3o de servi\u00e7o, n\u00e3o atendem aos padr\u00f5es m\u00ednimos de potabilidade exigidos pela legisla\u00e7\u00e3o sanit\u00e1ria.\u00a0<\/span><\/p>\n<p>&#13;<\/p>\n<p style=\"box-sizing: border-box; color: #444444; text-align: left; margin: 0pt;\"><span style=\"box-sizing: border-box; font-size: 16px; font-family: Arial; color: #000000;\">No \u00e2mbito estadual, o\u00a0Vis\u00e1gua\u00a0complementa o Programa de Vigil\u00e2ncia da Qualidade da \u00c1gua para Consumo Humano (Pro\u00e1gua), com o monitoramento em diversos pontos da\u00a0rede de abastecimento gerenciada pela BRK Ambiental.<\/span><\/p>\n<p>&#13;<\/p>\n<p><span style=\"box-sizing: border-box; font-size: 16px; font-family: Calibri; color: #000000;\">\u00a0<\/span><\/p>\n<p>&#13;<\/p>\n<p><span style=\"box-sizing: border-box; color: #000000;\"><strong style=\"box-sizing: border-box; font-weight: bold;\"><span style=\"box-sizing: border-box; font-size: 16px; font-family: Arial; font-weight: bold;\">COMEMORA\u00c7\u00c3O<\/span><\/strong><\/span><\/p>\n<p>&#13;<\/p>\n<p><span style=\"box-sizing: border-box; font-size: 16px; font-family: Calibri; color: #000000;\">\u00a0<\/span><\/p>\n<p>&#13;<\/p>\n<p><span style=\"box-sizing: border-box; font-size: 16px; font-family: Arial; color: #000000;\">O Vis\u00e1gua foi uma dos 12 trabalhos bem-sucedidos da Prefeitura de Limeira apresentados na\u00a020\u00aa Mostra de Experi\u00eancias Exitosas dos Munic\u00edpios\u00a0&#8211; evento que ocorreu simultaneamente ao congresso. O secret\u00e1rio de Sa\u00fade, Vitor Santos, destacou o m\u00e9rito das boas pr\u00e1ticas adotadas na Rede Municipal de Sa\u00fade de Limeira, selecionadas para a Mostra. \u201cTodos os 12 projetos s\u00e3o experi\u00eancias positivas, que servem de exemplo a outros munic\u00edpios\u201d, afirmou.<\/span><\/p>\n<p>&#13;<\/p>\n<p><span style=\"box-sizing: border-box; font-size: 16px; font-family: Arial; color: #000000;\">A vice-prefeita, Erika Tank, tamb\u00e9m celebrou o resultado. &#8220;O \u00eaxito dos projetos de Limeira nesse congresso refor\u00e7am o trabalho muito positivo que o nosso governo realiza na \u00e1rea de sa\u00fade&#8221;, afirmou Erika.\u00a0<\/span><\/p>\n<p>&#13;<\/p>\n<p><span style=\"box-sizing: border-box; font-size: 16px; font-family: Arial; color: #000000;\">As iniciativas s\u00e3o pertinentes aos setores de assist\u00eancia farmac\u00eautica; aten\u00e7\u00e3o b\u00e1sica; gest\u00e3o de pessoas, trabalho e educa\u00e7\u00e3o permanente; gest\u00e3o em sa\u00fade; participa\u00e7\u00e3o social; promo\u00e7\u00e3o em sa\u00fade; regula\u00e7\u00e3o e redes de aten\u00e7\u00e3o \u00e0 sa\u00fade; sa\u00fade mental, \u00e1lcool e outras drogas; vigil\u00e2ncia em sa\u00fade; tecnologia e inova\u00e7\u00e3o; mudan\u00e7as clim\u00e1ticas e pr\u00e1ticas integrativas complementares.\u00a0<\/span><\/p>\n<p>&#13;<\/p>\n<p><span style=\"box-sizing: border-box; font-size: 16px; font-family: Calibri; color: #000000;\">\u00a0<\/span><\/p>\n<p>&#13;<\/p>\n<p><span style=\"box-sizing: border-box; color: #000000;\"><strong style=\"box-sizing: border-box; font-weight: bold;\"><span style=\"box-sizing: border-box; font-size: 16px; font-family: Arial; font-weight: bold;\">COSEMS<\/span><\/strong><\/span><\/p>\n<p>&#13;<\/p>\n<p>\u00a0<\/p>\n<p>&#13;<\/p>\n<p><span style=\"box-sizing: border-box; font-size: 16px; font-family: Arial; color: #000000;\">O congresso foi organizado pelo Conselho de Secret\u00e1rios Municipais de Sa\u00fade do Estado de S\u00e3o Paulo (COSEMS\/SP), com apoio do Minist\u00e9rio da Sa\u00fade. A iniciativa recebeu mais de 3.330 participantes, de 328 cidades. \u201cTivemos a oportunidade de divulgar a\u00e7\u00f5es que impactaram positivamente a vida da popula\u00e7\u00e3o na \u00e1rea de sa\u00fade\u201d, destacou o assessor-executivo de Sa\u00fade, Alexandre Ferrari, que esteve pessoalmente no evento, acompanhado das diretoras Renata Martins (Vigil\u00e2ncia Sanit\u00e1ria), Maria Fernanda Ol\u00edvio Dionizio (Urg\u00eancia e Emerg\u00eancia) e Faedra Rosada (Aten\u00e7\u00e3o Prim\u00e1ria \u00e0 Sa\u00fade).\u00a0<\/span><\/p>\n<p>&#13;<\/p>\n<p><span style=\"box-sizing: border-box; font-size: 16px; font-family: Calibri; color: #000000;\">\u00a0<\/span><\/p>\n<p>&#13;<\/p>\n<p><span style=\"box-sizing: border-box; color: #000000;\"><strong style=\"box-sizing: border-box; font-weight: bold;\"><span style=\"box-sizing: border-box; font-size: 16px; font-family: Arial; font-weight: bold;\">Confira os demais trabalhos\u00a0<\/span><\/strong><strong style=\"box-sizing: border-box; font-weight: bold;\"><span style=\"box-sizing: border-box; font-size: 16px; font-family: Arial; font-weight: bold;\">de Limeira<\/span><\/strong><strong><span style=\"box-sizing: border-box; font-size: 16px; font-family: Arial; font-weight: bold;\">\u00a0selecionados para o Congresso<\/span><\/strong><\/span><\/p>\n<p>&#13;<\/p>\n<p><span style=\"box-sizing: border-box; font-size: 16px; font-family: Calibri; color: #000000;\">\u00a0<br style=\"box-sizing: border-box;\"\/><\/span><span style=\"box-sizing: border-box; font-size: 16px; font-family: Arial; color: #000000;\">1)\u00a0Ades\u00e3o \u00e0 Pol\u00edtica Nacional de Aten\u00e7\u00e3o Integral\u00a0\u00e0\u00a0Sa\u00fade de Adolescentes Privados de Liberdade;<\/span><span style=\"box-sizing: border-box; font-size: 16px; font-family: Calibri; color: #000000;\"><br style=\"box-sizing: border-box;\"\/><\/span><span style=\"box-sizing: border-box; font-size: 16px; font-family: Arial; color: #000000;\">2)\u00a0Impacto do uso de implante contraceptivo em mulheres vulner\u00e1veis e taxa de gravidez na adolesc\u00eancia;<\/span><span style=\"box-sizing: border-box; font-size: 16px; font-family: Calibri; color: #000000;\"><br style=\"box-sizing: border-box;\"\/><\/span><span style=\"box-sizing: border-box; font-size: 16px; font-family: Arial; color: #000000;\">3)\u00a0Estrat\u00e9gias para a implanta\u00e7\u00e3o do servi\u00e7o residencial terap\u00eautico e desinstitucionaliza\u00e7\u00e3o;<\/span><span style=\"box-sizing: border-box; font-size: 16px; font-family: Calibri; color: #000000;\"><br style=\"box-sizing: border-box;\"\/><\/span><span style=\"box-sizing: border-box; font-size: 16px; font-family: Arial; color: #000000;\">4)\u00a0Manejo de capivaras na reclassifica\u00e7\u00e3o de \u00e1rea para controle da febre maculosa;<\/span><span style=\"box-sizing: border-box; font-size: 16px; font-family: Calibri; color: #000000;\"><br style=\"box-sizing: border-box;\"\/><\/span><span style=\"box-sizing: border-box; font-size: 16px; font-family: Arial; color: #000000;\">5)\u00a0Unidade de Refer\u00eancia do Coronav\u00edrus\u00a0(URC)\u00a0e mitiga\u00e7\u00e3o de danos na pandemia de\u00a0Covid-19;<\/span><span style=\"box-sizing: border-box; font-size: 16px; font-family: Calibri; color: #000000;\"><br style=\"box-sizing: border-box;\"\/><\/span><span style=\"box-sizing: border-box; font-size: 16px; font-family: Arial; color: #000000;\">6)\u00a0Experi\u00eancia da primeira Unidade B\u00e1sica de Sa\u00fade 100% informatizada no munic\u00edpio de Limeira;<\/span><span style=\"box-sizing: border-box; font-size: 16px; font-family: Calibri; color: #000000;\"><br style=\"box-sizing: border-box;\"\/><\/span><span style=\"box-sizing: border-box; font-size: 16px; font-family: Arial; color: #000000;\">7)\u00a0O projeto FOCAIN: Uma triangula\u00e7\u00e3o entre academia, profissionais e gest\u00e3o da sa\u00fade de Limeira;<\/span><span style=\"box-sizing: border-box; font-size: 16px; font-family: Calibri; color: #000000;\"><br style=\"box-sizing: border-box;\"\/><\/span><span style=\"box-sizing: border-box; font-size: 16px; font-family: Arial; color: #000000;\">8)\u00a0Roda de conversa sobre uso cultural da fitoterapia entre participantes da horta comunit\u00e1ria;<\/span><span style=\"box-sizing: border-box; font-size: 16px; font-family: Calibri; color: #000000;\"><br style=\"box-sizing: border-box;\"\/><\/span><span style=\"box-sizing: border-box; font-size: 16px; font-family: Arial; color: #000000;\">9)\u00a0Luz aos invis\u00edveis: Um olhar humanizado e interdisciplinar na Aten\u00e7\u00e3o B\u00e1sica no munic\u00edpio de Limeira;<\/span><span style=\"box-sizing: border-box; font-size: 16px; font-family: Calibri; color: #000000;\"><br style=\"box-sizing: border-box;\"\/><\/span><span style=\"box-sizing: border-box; font-size: 16px; font-family: Arial; color: #000000;\">10)\u00a0Preven\u00e7\u00e3o das assimetrias cranianas e torcicolo postural nos territ\u00f3rios assistidos pela equipe NASF;<\/span><span style=\"box-sizing: border-box; font-size: 16px; font-family: Calibri; color: #000000;\"><br style=\"box-sizing: border-box;\"\/><\/span><span style=\"box-sizing: border-box; font-size: 16px; font-family: Arial; color: #000000;\">11) Utiliza\u00e7\u00e3o da ficha espelho da caderneta da pessoa idosa em grupos de atividades f\u00edsicas do NASF.<\/span><\/p>\n<p>&#13;<br \/>\n&#13;<br \/>\n&#13;<br \/>\n&#13;<\/p>\n<aside class=\"list-related no-print\">&#13;<br \/>\n        &#13;<br \/>\n&#13;<\/p>\n<article class=\"list-item noticias \">&#13;<br \/>\n                    <a class=\"list-item__img\" href=\"https:\/\/limeira.sp.gov.br\/imprensa\/noticias\/saude\/secretaria-de-saude-atualiza-numeros-sobre-a-dengue\" tabindex=\"-1\" aria-hidden=\"true\" rel=\"noopener\">&#13;<br \/>\n                        <img data-recalc-dims=\"1\" decoding=\"async\" src=\"https:\/\/i0.wp.com\/ecrie.com.br\/sistema\/conteudos\/imagem\/m_137_0_1_22042024191935.jpg?w=696&#038;ssl=1\" alt=\"Secretaria de Sa\u00fade atualiza n\u00fameros sobre a dengue\"\/>&#13;<br \/>\n                    <\/a>&#13;<br \/>\n&#13;<br \/>\n                &#13;<br \/>\n            <\/article>\n<p>&#13;<\/p>\n<article class=\"list-item noticias \">&#13;<br \/>\n                    <a class=\"list-item__img\" href=\"https:\/\/limeira.sp.gov.br\/imprensa\/noticias\/saude\/secretaria-de-saude-esclarece-que-nao-faz-ligacoes-para-renovacao-de-carteirinha-do-sus\" tabindex=\"-1\" aria-hidden=\"true\" rel=\"noopener\">&#13;<br \/>\n                        <img data-recalc-dims=\"1\" decoding=\"async\" src=\"https:\/\/i0.wp.com\/ecrie.com.br\/sistema\/conteudos\/imagem\/m_137_0_1_19042024111053.jpg?w=696&#038;ssl=1\" alt=\"Secretaria de Sa\u00fade esclarece que n\u00e3o faz liga\u00e7\u00f5es para renova\u00e7\u00e3o de carteirinha do SUS\"\/>&#13;<br \/>\n                    <\/a>&#13;<br \/>\n&#13;<br \/>\n                &#13;<br \/>\n            <\/article>\n<p>&#13;<\/p>\n<article class=\"list-item noticias \">&#13;<br \/>\n                    <a class=\"list-item__img\" href=\"https:\/\/limeira.sp.gov.br\/imprensa\/noticias\/saude\/seguem-as-inscricoes-para-grupo-de-orientacao-e-combate-ao-tabagismoem-limeira\" tabindex=\"-1\" aria-hidden=\"true\" rel=\"noopener\">&#13;<br \/>\n                        <img data-recalc-dims=\"1\" decoding=\"async\" src=\"https:\/\/i0.wp.com\/ecrie.com.br\/sistema\/conteudos\/imagem\/m_137_0_1_19042024103100.jpg?w=696&#038;ssl=1\" alt=\"Seguem as inscri\u00e7\u00f5es para grupo de orienta\u00e7\u00e3o e combate ao tabagismo\u00a0em Limeira\"\/>&#13;<br \/>\n                    <\/a>&#13;<br \/>\n&#13;<br \/>\n                &#13;<br \/>\n            <\/article>\n<p>&#13;<br \/>\n    <\/aside>\n<p>&#13;<br \/>\n&#13;\n            <\/p><\/div>\n<p><br \/>\n<br \/><a href=\"https:\/\/limeira.sp.gov.br\/programa-municipal-de-controle-de-agua-vence-13-premio-davidcapistranolimeira-teve-destaque-com-12-projetos-selecionados\" rel=\"noopener\">Informa\u00e7\u00f5es da PML <\/a><\/p>\n","protected":false},"excerpt":{"rendered":"<p>&#13; &#13; &#13; &#13; &#13; &#13; &#13; O Programa Municipal de Vigil\u00e2ncia da Qualidade da \u00c1gua, Vis\u00e1gua, da Prefeitura de Limeira, foi um dos 15 vencedores do 13\u00ba Pr\u00eamio David Capistrano. O an\u00fancio ocorreu na sexta-feira (19), no encerramento do 37\u00ba Congresso de Secret\u00e1rios Municipais de Sa\u00fade do Estado de S\u00e3o Paulo, realizado semana passada [&hellip;]<\/p>\n","protected":false},"author":1,"featured_media":2485,"comment_status":"open","ping_status":"open","sticky":false,"template":"","format":"standard","meta":{"_jetpack_newsletter_access":"","_jetpack_dont_email_post_to_subs":false,"_jetpack_newsletter_tier_id":0,"_jetpack_memberships_contains_paywalled_content":false,"_mbp_banners":[],"_jetpack_feature_clip_id":0,"_jetpack_memberships_contains_paid_content":false,"footnotes":"","jetpack_publicize_message":"","jetpack_publicize_feature_enabled":true,"jetpack_social_post_already_shared":true,"jetpack_social_options":{"image_generator_settings":{"template":"highway","default_image_id":0,"font":"","enabled":false},"version":2},"jetpack_post_was_ever_published":false},"categories":[16],"tags":[],"class_list":["post-2484","post","type-post","status-publish","format-standard","has-post-thumbnail","category-local"],"jetpack_publicize_connections":[],"jetpack-related-posts":[],"jetpack_shortlink":"https:\/\/wp.me\/p7Eq1F-E4","jetpack_sharing_enabled":true,"jetpack_featured_media_url":"https:\/\/i0.wp.com\/guialimeira.com.br\/news\/wp-content\/uploads\/2024\/04\/m_137_0_1_23042024162617.jpg?fit=1200%2C841&ssl=1","_links":{"self":[{"href":"https:\/\/guialimeira.com.br\/news\/wp-json\/wp\/v2\/posts\/2484","targetHints":{"allow":["GET"]}}],"collection":[{"href":"https:\/\/guialimeira.com.br\/news\/wp-json\/wp\/v2\/posts"}],"about":[{"href":"https:\/\/guialimeira.com.br\/news\/wp-json\/wp\/v2\/types\/post"}],"author":[{"embeddable":true,"href":"https:\/\/guialimeira.com.br\/news\/wp-json\/wp\/v2\/users\/1"}],"replies":[{"embeddable":true,"href":"https:\/\/guialimeira.com.br\/news\/wp-json\/wp\/v2\/comments?post=2484"}],"version-history":[{"count":0,"href":"https:\/\/guialimeira.com.br\/news\/wp-json\/wp\/v2\/posts\/2484\/revisions"}],"wp:featuredmedia":[{"embeddable":true,"href":"https:\/\/guialimeira.com.br\/news\/wp-json\/wp\/v2\/media\/2485"}],"wp:attachment":[{"href":"https:\/\/guialimeira.com.br\/news\/wp-json\/wp\/v2\/media?parent=2484"}],"wp:term":[{"taxonomy":"category","embeddable":true,"href":"https:\/\/guialimeira.com.br\/news\/wp-json\/wp\/v2\/categories?post=2484"},{"taxonomy":"post_tag","embeddable":true,"href":"https:\/\/guialimeira.com.br\/news\/wp-json\/wp\/v2\/tags?post=2484"}],"curies":[{"name":"wp","href":"https:\/\/api.w.org\/{rel}","templated":true}]}}