{"id":24836,"date":"2025-02-25T16:11:50","date_gmt":"2025-02-25T19:11:50","guid":{"rendered":"https:\/\/guialimeira.com.br\/?p=24836"},"modified":"2025-02-25T16:11:50","modified_gmt":"2025-02-25T19:11:50","slug":"fernanda-cristina-bonini-tera-nome-imortalizado-em-area-verde-na-cidade-universitaria","status":"publish","type":"post","link":"https:\/\/guialimeira.com.br\/news\/fernanda-cristina-bonini-tera-nome-imortalizado-em-area-verde-na-cidade-universitaria\/","title":{"rendered":"Fernanda Cristina Bonini ter\u00e1 nome imortalizado em \u00e1rea verde na Cidade Universit\u00e1ria"},"content":{"rendered":"\n<figure class=\"wp-block-gallery has-nested-images columns-default is-cropped wp-block-gallery-1 is-layout-flex wp-block-gallery-is-layout-flex\"><\/figure>\n \r\n<br><img data-recalc-dims=\"1\" decoding=\"async\" src=\"https:\/\/i0.wp.com\/guialimeira.com.br\/wp-content\/uploads\/2025\/02\/2025-02-25_fernanda-cristina-bonini-tera-nome-imortalizado-em-area-verde-na-cidade-universitaria_1.j.jpeg?w=696&#038;ssl=1\" \/><br><div>\n\t\t\t\t\t<p>A C\u00e2mara Municipal de Limeira aprovou, na sess\u00e3o ordin\u00e1ria desta segunda-feira, 24 de fevereiro, o <a href=\"https:\/\/consulta.limeira.sp.leg.br\/Documentos\/Documento\/354112\" rel=\"noopener\">Projeto de Lei N\u00ba 143\/2024<\/a>, de autoria do vereador Helder do T\u00e1xi (PSD), que perpetua o nome de Fernanda Cristina Bonini na \u00c1rea Verde X do loteamento Jardim Cidade Universit\u00e1ria II.\u00a0<\/p><p>Nascida em Limeira em 1985, Fernanda era uma jovem estudiosa e competente, segundo o autor. Formada em Administra\u00e7\u00e3o de Empresas, foi fundadora da empresa Panda Loca\u00e7\u00f5es, que aluga equipamentos para a constru\u00e7\u00e3o civil.\u00a0<\/p><p>\u201cPor ser uma mulher em um ramo voltado em sua maioria para o p\u00fablico masculino, encontrou bastante preconceito. Mas ganhou respeito provando sua compet\u00eancia, se estabeleceu no mercado. Teve uma carreira extraordin\u00e1ria nos neg\u00f3cios e deixou um legado inesquec\u00edvel para mulheres e homens que a conheceram. Ser\u00e1 sempre lembrada com admira\u00e7\u00e3o e carinho\u201d, afirmou Helder.<\/p>\t\t\t\t<\/div>\r\n<br>\r\n<br><a href=\"https:\/\/www.limeira.sp.leg.br\/noticias\/view\/2025-02-25_fernanda-cristina-bonini-tera-nome-imortalizado-em-area-verde-na-cidade-universitaria\" rel=\"noopener\">Informa\u00e7\u00f5es CML <\/a>","protected":false},"excerpt":{"rendered":"<p>A C\u00e2mara Municipal de Limeira aprovou, na sess\u00e3o ordin\u00e1ria desta segunda-feira, 24 de fevereiro, o Projeto de Lei N\u00ba 143\/2024, de autoria do vereador Helder do T\u00e1xi (PSD), que perpetua o nome de Fernanda Cristina Bonini na \u00c1rea Verde X do loteamento Jardim Cidade Universit\u00e1ria II.\u00a0 Nascida em Limeira em 1985, Fernanda era uma jovem [&hellip;]<\/p>\n","protected":false},"author":1,"featured_media":24837,"comment_status":"open","ping_status":"open","sticky":false,"template":"","format":"standard","meta":{"_jetpack_newsletter_access":"","_jetpack_dont_email_post_to_subs":false,"_jetpack_newsletter_tier_id":0,"_jetpack_memberships_contains_paywalled_content":false,"_mbp_banners":[],"_jetpack_feature_clip_id":0,"_jetpack_memberships_contains_paid_content":false,"footnotes":"","jetpack_publicize_message":"","jetpack_publicize_feature_enabled":true,"jetpack_social_post_already_shared":true,"jetpack_social_options":{"image_generator_settings":{"template":"highway","default_image_id":0,"font":"","enabled":false},"version":2},"jetpack_post_was_ever_published":false},"categories":[19],"tags":[],"class_list":["post-24836","post","type-post","status-publish","format-standard","has-post-thumbnail","category-politica"],"jetpack_publicize_connections":[],"jetpack-related-posts":[],"jetpack_shortlink":"https:\/\/wp.me\/p7Eq1F-6sA","jetpack_sharing_enabled":true,"jetpack_featured_media_url":"https:\/\/i0.wp.com\/guialimeira.com.br\/news\/wp-content\/uploads\/2025\/02\/Fernanda-Cristina-Bonini-tera-nome-imortalizado-em-area-verde-na.j.jpeg?fit=1280%2C640&ssl=1","_links":{"self":[{"href":"https:\/\/guialimeira.com.br\/news\/wp-json\/wp\/v2\/posts\/24836","targetHints":{"allow":["GET"]}}],"collection":[{"href":"https:\/\/guialimeira.com.br\/news\/wp-json\/wp\/v2\/posts"}],"about":[{"href":"https:\/\/guialimeira.com.br\/news\/wp-json\/wp\/v2\/types\/post"}],"author":[{"embeddable":true,"href":"https:\/\/guialimeira.com.br\/news\/wp-json\/wp\/v2\/users\/1"}],"replies":[{"embeddable":true,"href":"https:\/\/guialimeira.com.br\/news\/wp-json\/wp\/v2\/comments?post=24836"}],"version-history":[{"count":1,"href":"https:\/\/guialimeira.com.br\/news\/wp-json\/wp\/v2\/posts\/24836\/revisions"}],"predecessor-version":[{"id":24838,"href":"https:\/\/guialimeira.com.br\/news\/wp-json\/wp\/v2\/posts\/24836\/revisions\/24838"}],"wp:featuredmedia":[{"embeddable":true,"href":"https:\/\/guialimeira.com.br\/news\/wp-json\/wp\/v2\/media\/24837"}],"wp:attachment":[{"href":"https:\/\/guialimeira.com.br\/news\/wp-json\/wp\/v2\/media?parent=24836"}],"wp:term":[{"taxonomy":"category","embeddable":true,"href":"https:\/\/guialimeira.com.br\/news\/wp-json\/wp\/v2\/categories?post=24836"},{"taxonomy":"post_tag","embeddable":true,"href":"https:\/\/guialimeira.com.br\/news\/wp-json\/wp\/v2\/tags?post=24836"}],"curies":[{"name":"wp","href":"https:\/\/api.w.org\/{rel}","templated":true}]}}