{"id":24827,"date":"2025-02-25T15:11:13","date_gmt":"2025-02-25T18:11:13","guid":{"rendered":"https:\/\/guialimeira.com.br\/?p=24827"},"modified":"2025-02-25T15:11:13","modified_gmt":"2025-02-25T18:11:13","slug":"felipe-penedo-cobra-explicacoes-sobre-quedas-de-energia","status":"publish","type":"post","link":"https:\/\/guialimeira.com.br\/news\/felipe-penedo-cobra-explicacoes-sobre-quedas-de-energia\/","title":{"rendered":"Felipe Penedo cobra explica\u00e7\u00f5es sobre quedas de energia"},"content":{"rendered":"\n<figure class=\"wp-block-gallery has-nested-images columns-default is-cropped wp-block-gallery-1 is-layout-flex wp-block-gallery-is-layout-flex\"><\/figure>\n \r\n<br><img data-recalc-dims=\"1\" decoding=\"async\" src=\"https:\/\/i0.wp.com\/guialimeira.com.br\/wp-content\/uploads\/2025\/02\/2025-02-25_felipe-penedo-cobra-explicacoes-sobre-quedas-de-energia_1.jpg?w=696&#038;ssl=1\" \/><br><div>\n\t\t\t\t\t<p>Um of\u00edcio encaminhado pelo vereador Felipe Penedo \u00e0 concession\u00e1ria Neoenergia Elektro nesta segunda-feira, 24 de fevereiro, solicita esclarecimentos sobre as recorrentes quedas de energia em diferentes regi\u00f5es de Limeira. O documento enviado \u00e0 diretoria da empresa, respons\u00e1vel pelo fornecimento da cidade, relata que as interrup\u00e7\u00f5es afetam a popula\u00e7\u00e3o e prejudicam a presta\u00e7\u00e3o de servi\u00e7os essenciais como sa\u00fade, seguran\u00e7a e educa\u00e7\u00e3o.<\/p><p>Segundo o parlamentar, nas \u00faltimas semanas, moradores e comerciantes t\u00eam relatado instabilidades no fornecimento el\u00e9trico, resultando em transtornos significativos, inclusive preju\u00edzos financeiros e riscos \u00e0 seguran\u00e7a.<\/p><p>No of\u00edcio, Felipe Penedo questiona quais as causas das recorrentes quedas de energia, medidas para solucionar o problema e o cronograma de execu\u00e7\u00e3o dessas melhorias, se a rede \u00e9 dimensionada para atender a demanda do munic\u00edpio e, por fim, como a Neoenergia tem atendido a popula\u00e7\u00e3o afetada e ressarcido preju\u00edzos.\u00a0<\/p><p>&#8220;Tenho recebido in\u00fameros questionamentos em meu gabinete de pessoas inconformadas com as recorrentes quedas de energia, muitas vezes, sem um fator que justifique a interrup\u00e7\u00e3o no fornecimento de energia. Em alguns locais, o restabelecimento s\u00f3 ocorre depois de muitas horas. Essa situa\u00e7\u00e3o n\u00e3o pode ser tratada como normal&#8221;, comentou o vereador.<\/p><p><i>Do Gabinete Parlamentar \u2013 Vereador Felipe Penedo\u00a0 (PL)<\/i><\/p><p><i>*Fotos do Gabinete parlamentar<\/i><\/p><p><strong>As mat\u00e9rias de origem dos Gabinetes Parlamentares s\u00e3o de inteira\u00a0 responsabilidade dos parlamentares e de suas assessorias. S\u00e3o devidamente assinadas e n\u00e3o refletem, necessariamente, a opini\u00e3o institucional da C\u00e2mara Municipal de Limeira.<\/strong><\/p>\t\t\t\t<\/div>\r\n<br>\r\n<br><a href=\"https:\/\/www.limeira.sp.leg.br\/noticias\/view\/2025-02-25_felipe-penedo-cobra-explicacoes-sobre-quedas-de-energia\" rel=\"noopener\">Informa\u00e7\u00f5es CML <\/a>","protected":false},"excerpt":{"rendered":"<p>Um of\u00edcio encaminhado pelo vereador Felipe Penedo \u00e0 concession\u00e1ria Neoenergia Elektro nesta segunda-feira, 24 de fevereiro, solicita esclarecimentos sobre as recorrentes quedas de energia em diferentes regi\u00f5es de Limeira. O documento enviado \u00e0 diretoria da empresa, respons\u00e1vel pelo fornecimento da cidade, relata que as interrup\u00e7\u00f5es afetam a popula\u00e7\u00e3o e prejudicam a presta\u00e7\u00e3o de servi\u00e7os essenciais [&hellip;]<\/p>\n","protected":false},"author":1,"featured_media":24828,"comment_status":"open","ping_status":"open","sticky":false,"template":"","format":"standard","meta":{"_jetpack_newsletter_access":"","_jetpack_dont_email_post_to_subs":false,"_jetpack_newsletter_tier_id":0,"_jetpack_memberships_contains_paywalled_content":false,"_mbp_banners":[],"_jetpack_feature_clip_id":0,"_jetpack_memberships_contains_paid_content":false,"footnotes":"","jetpack_publicize_message":"","jetpack_publicize_feature_enabled":true,"jetpack_social_post_already_shared":true,"jetpack_social_options":{"image_generator_settings":{"template":"highway","default_image_id":0,"font":"","enabled":false},"version":2},"jetpack_post_was_ever_published":false},"categories":[19],"tags":[],"class_list":["post-24827","post","type-post","status-publish","format-standard","has-post-thumbnail","category-politica"],"jetpack_publicize_connections":[],"jetpack-related-posts":[],"jetpack_shortlink":"https:\/\/wp.me\/p7Eq1F-6sr","jetpack_sharing_enabled":true,"jetpack_featured_media_url":"https:\/\/i0.wp.com\/guialimeira.com.br\/news\/wp-content\/uploads\/2025\/02\/Felipe-Penedo-cobra-explicacoes-sobre-quedas-de-energia.jpg?fit=1280%2C640&ssl=1","_links":{"self":[{"href":"https:\/\/guialimeira.com.br\/news\/wp-json\/wp\/v2\/posts\/24827","targetHints":{"allow":["GET"]}}],"collection":[{"href":"https:\/\/guialimeira.com.br\/news\/wp-json\/wp\/v2\/posts"}],"about":[{"href":"https:\/\/guialimeira.com.br\/news\/wp-json\/wp\/v2\/types\/post"}],"author":[{"embeddable":true,"href":"https:\/\/guialimeira.com.br\/news\/wp-json\/wp\/v2\/users\/1"}],"replies":[{"embeddable":true,"href":"https:\/\/guialimeira.com.br\/news\/wp-json\/wp\/v2\/comments?post=24827"}],"version-history":[{"count":1,"href":"https:\/\/guialimeira.com.br\/news\/wp-json\/wp\/v2\/posts\/24827\/revisions"}],"predecessor-version":[{"id":24829,"href":"https:\/\/guialimeira.com.br\/news\/wp-json\/wp\/v2\/posts\/24827\/revisions\/24829"}],"wp:featuredmedia":[{"embeddable":true,"href":"https:\/\/guialimeira.com.br\/news\/wp-json\/wp\/v2\/media\/24828"}],"wp:attachment":[{"href":"https:\/\/guialimeira.com.br\/news\/wp-json\/wp\/v2\/media?parent=24827"}],"wp:term":[{"taxonomy":"category","embeddable":true,"href":"https:\/\/guialimeira.com.br\/news\/wp-json\/wp\/v2\/categories?post=24827"},{"taxonomy":"post_tag","embeddable":true,"href":"https:\/\/guialimeira.com.br\/news\/wp-json\/wp\/v2\/tags?post=24827"}],"curies":[{"name":"wp","href":"https:\/\/api.w.org\/{rel}","templated":true}]}}