{"id":24818,"date":"2025-02-25T14:10:00","date_gmt":"2025-02-25T17:10:00","guid":{"rendered":"https:\/\/guialimeira.com.br\/?p=24818"},"modified":"2025-02-25T14:10:00","modified_gmt":"2025-02-25T17:10:00","slug":"homenagem-projeto-concede-a-joaquim-inacio-da-silva-o-titulo-de-cidadao-limeirense","status":"publish","type":"post","link":"https:\/\/guialimeira.com.br\/news\/homenagem-projeto-concede-a-joaquim-inacio-da-silva-o-titulo-de-cidadao-limeirense\/","title":{"rendered":"Homenagem: projeto concede a Joaquim In\u00e1cio da Silva o T\u00edtulo de Cidad\u00e3o Limeirense"},"content":{"rendered":"\n<figure class=\"wp-block-gallery has-nested-images columns-default is-cropped wp-block-gallery-1 is-layout-flex wp-block-gallery-is-layout-flex\"><\/figure>\n \r\n<br><img data-recalc-dims=\"1\" decoding=\"async\" src=\"https:\/\/i0.wp.com\/guialimeira.com.br\/wp-content\/uploads\/2025\/02\/2025-02-25_homenagem-projeto-concede-a-joaquim-inacio-da-silva-o-titulo-de-cidadao-limeirense_1.jpg?w=696&#038;ssl=1\" \/><br><div>\n\t\t\t\t\t<p>O <a href=\"https:\/\/consulta.limeira.sp.leg.br\/Documentos\/Documento\/359776\" rel=\"noopener\">Projeto de Decreto Legislativo N\u00ba 33\/2024<\/a>, aprovado na sess\u00e3o ordin\u00e1ria desta segunda-feira, 24 de fevereiro, homenageia Joaquim In\u00e1cio da Silva com o T\u00edtulo de Cidad\u00e3o Limeirense. A propositura \u00e9 do vereador Lem\u00e3o da Jeov\u00e1 Raf\u00e1 (PRTB).<\/p><p><strong>O homenageado\u00a0<\/strong><\/p><p>Joaquim In\u00e1cio da Silva nasceu em 18 de julho de 1947, natural de Agua\u00ed (SP). Aos 12 anos come\u00e7ou a tocar na banda onde o maestro era seu irm\u00e3o Manoel In\u00e1cio da Silva e atualmente \u00e9 o m\u00fasico mais antigo da Orquestra Maranata fundada em 1959. Joaquim trabalhou como entregador e soldador at\u00e9 entrar para a Guarda Civil Municipal (GCM) em Limeira.<\/p><p>Tamb\u00e9m formado como t\u00e9cnico em seguran\u00e7a do trabalho, ele foi respons\u00e1vel pela forma\u00e7\u00e3o da equipe de atletismo da GCM e maestro da Banda Senai por dez anos.\u00a0<\/p><p>Como t\u00e9cnico de seguran\u00e7a atuou em empresas e implementou C\u00edrculo Regional dos Profissionais de Seguran\u00e7a do Trabalho (CIRPROSET), quando coordenou e colocou em a\u00e7\u00e3o Plano de Aux\u00edlio M\u00fatuo\u00a0 (PAM), programa de aux\u00edlio de brigadistas com a supervis\u00e3o e apoio do Corpo de Bombeiros, que atua em empresas, por meio de um kit emergencial de combate a inc\u00eandios.<\/p><p>Casado com Magna Helena Nepomucena da Silva, Joaquim se dedica ao trabalho volunt\u00e1rio na equipe dos Gide\u00f5es Internacionais onde faz a distribui\u00e7\u00e3o gratuita de novos testamentos em escolas, hospitais, unidades do servi\u00e7o militar, pres\u00eddios e centros de ressocializa\u00e7\u00e3o.\u00a0<\/p><p>O vereador autor da homenagem declarou que Joaquim \u00e9 uma pessoa que n\u00e3o mede esfor\u00e7os, fez tudo que pode durante os quase 70 anos de vida. \u201c\u00c9 dedicado \u00e0s causas sociais e a propaga\u00e7\u00e3o do evangelho, por isso merece ser reconhecido como cidad\u00e3o limeirense\u201d, afirmou.\u00a0<\/p>\t\t\t\t<\/div>\r\n<br>\r\n<br><a href=\"https:\/\/www.limeira.sp.leg.br\/noticias\/view\/2025-02-25_homenagem-projeto-concede-a-joaquim-inacio-da-silva-o-titulo-de-cidadao-limeirense\" rel=\"noopener\">Informa\u00e7\u00f5es CML <\/a>","protected":false},"excerpt":{"rendered":"<p>O Projeto de Decreto Legislativo N\u00ba 33\/2024, aprovado na sess\u00e3o ordin\u00e1ria desta segunda-feira, 24 de fevereiro, homenageia Joaquim In\u00e1cio da Silva com o T\u00edtulo de Cidad\u00e3o Limeirense. A propositura \u00e9 do vereador Lem\u00e3o da Jeov\u00e1 Raf\u00e1 (PRTB). O homenageado\u00a0 Joaquim In\u00e1cio da Silva nasceu em 18 de julho de 1947, natural de Agua\u00ed (SP). Aos [&hellip;]<\/p>\n","protected":false},"author":1,"featured_media":24819,"comment_status":"open","ping_status":"open","sticky":false,"template":"","format":"standard","meta":{"_jetpack_newsletter_access":"","_jetpack_dont_email_post_to_subs":false,"_jetpack_newsletter_tier_id":0,"_jetpack_memberships_contains_paywalled_content":false,"_mbp_banners":[],"_jetpack_feature_clip_id":0,"_jetpack_memberships_contains_paid_content":false,"footnotes":"","jetpack_publicize_message":"","jetpack_publicize_feature_enabled":true,"jetpack_social_post_already_shared":true,"jetpack_social_options":{"image_generator_settings":{"template":"highway","default_image_id":0,"font":"","enabled":false},"version":2},"jetpack_post_was_ever_published":false},"categories":[19],"tags":[],"class_list":["post-24818","post","type-post","status-publish","format-standard","has-post-thumbnail","category-politica"],"jetpack_publicize_connections":[],"jetpack-related-posts":[],"jetpack_shortlink":"https:\/\/wp.me\/p7Eq1F-6si","jetpack_sharing_enabled":true,"jetpack_featured_media_url":"https:\/\/i0.wp.com\/guialimeira.com.br\/news\/wp-content\/uploads\/2025\/02\/Homenagem-projeto-concede-a-Joaquim-Inacio-da-Silva-o-Titulo.jpg?fit=1280%2C640&ssl=1","_links":{"self":[{"href":"https:\/\/guialimeira.com.br\/news\/wp-json\/wp\/v2\/posts\/24818","targetHints":{"allow":["GET"]}}],"collection":[{"href":"https:\/\/guialimeira.com.br\/news\/wp-json\/wp\/v2\/posts"}],"about":[{"href":"https:\/\/guialimeira.com.br\/news\/wp-json\/wp\/v2\/types\/post"}],"author":[{"embeddable":true,"href":"https:\/\/guialimeira.com.br\/news\/wp-json\/wp\/v2\/users\/1"}],"replies":[{"embeddable":true,"href":"https:\/\/guialimeira.com.br\/news\/wp-json\/wp\/v2\/comments?post=24818"}],"version-history":[{"count":1,"href":"https:\/\/guialimeira.com.br\/news\/wp-json\/wp\/v2\/posts\/24818\/revisions"}],"predecessor-version":[{"id":24820,"href":"https:\/\/guialimeira.com.br\/news\/wp-json\/wp\/v2\/posts\/24818\/revisions\/24820"}],"wp:featuredmedia":[{"embeddable":true,"href":"https:\/\/guialimeira.com.br\/news\/wp-json\/wp\/v2\/media\/24819"}],"wp:attachment":[{"href":"https:\/\/guialimeira.com.br\/news\/wp-json\/wp\/v2\/media?parent=24818"}],"wp:term":[{"taxonomy":"category","embeddable":true,"href":"https:\/\/guialimeira.com.br\/news\/wp-json\/wp\/v2\/categories?post=24818"},{"taxonomy":"post_tag","embeddable":true,"href":"https:\/\/guialimeira.com.br\/news\/wp-json\/wp\/v2\/tags?post=24818"}],"curies":[{"name":"wp","href":"https:\/\/api.w.org\/{rel}","templated":true}]}}