{"id":24809,"date":"2025-02-25T13:08:57","date_gmt":"2025-02-25T16:08:57","guid":{"rendered":"https:\/\/guialimeira.com.br\/?p=24809"},"modified":"2025-02-25T13:08:57","modified_gmt":"2025-02-25T16:08:57","slug":"emprega-limeira-projeto-promove-a-insercao-de-trabalhadores-no-mercado-de-trabalho","status":"publish","type":"post","link":"https:\/\/guialimeira.com.br\/news\/emprega-limeira-projeto-promove-a-insercao-de-trabalhadores-no-mercado-de-trabalho\/","title":{"rendered":"Emprega Limeira: projeto promove a inser\u00e7\u00e3o de trabalhadores no mercado de trabalho"},"content":{"rendered":"\n<figure class=\"wp-block-gallery has-nested-images columns-default is-cropped wp-block-gallery-1 is-layout-flex wp-block-gallery-is-layout-flex\"><\/figure>\n \r\n<br><img data-recalc-dims=\"1\" decoding=\"async\" src=\"https:\/\/i0.wp.com\/guialimeira.com.br\/wp-content\/uploads\/2025\/02\/2025-02-25_camara-aprova-projeto-que-promove-a-insercao-de-trabalhadores-no-mercado-de-trabalho_1.jp.jpeg?w=696&#038;ssl=1\" \/><br><div>\n\t\t\t\t\t<p>Aprovado durante a sess\u00e3o desta segunda-feira, 24 de fevereiro, o <a href=\"https:\/\/consulta.limeira.sp.leg.br\/Documentos\/Documento\/365757\" rel=\"noopener\">Projeto de Resolu\u00e7\u00e3o N\u00b05\/2025<\/a>, promove a inser\u00e7\u00e3o e reinser\u00e7\u00e3o de trabalhadores no mercado de trabalho formal por meio de qualifica\u00e7\u00e3o, inclus\u00e3o social e estabelecimento de conv\u00eanios para a realiza\u00e7\u00e3o de mutir\u00f5es de empregabilidade.<\/p><p>A propositura \u00e9 de autoria do vereador Everton Ferreira (PSD) e objetiva a gera\u00e7\u00e3o de empregos e capacita\u00e7\u00e3o da popula\u00e7\u00e3o limeirense, bem como o acesso facilitado a oportunidades formais de trabalho.\u00a0<\/p><p>O projeto tamb\u00e9m tem como prop\u00f3sitos:\u00a0<\/p><ul><li>Oportunizar ao trabalhador o conhecimento de exig\u00eancias do mercado de trabalho;<\/li><li>Aproximar os empregadores da m\u00e3o-de-obra local dispon\u00edvel;<\/li><li>Apurar dados quantitativos\u00a0 das necessidades do mercado para o munic\u00edpio, com vistas ao desenvolvimento de pol\u00edticas p\u00fablicas;<\/li><li>Gerar banco de dados e solu\u00e7\u00f5es para as necessidades locais de m\u00e3o de obra especializada, visando ao direcionamento de cursos profissionalizantes, seja por iniciativa p\u00fablica ou privada.<\/li><\/ul><p><strong>Desemprego no Brasil<\/strong><\/p><p>Segundo dados da Pesquisa Nacional por Amostra de Domic\u00edlios (Pnad), a taxa m\u00e9dia do desemprego no Brasil fechou em 6,6% no ano de 2024. J\u00e1 em Limeira, os dados levantados pelo Cadastro Geral de Empregados e Desempregados (Caged), revelam um saldo positivo de 1.399 vagas de emprego geradas na cidade.<\/p><p>O vereador autor do projeto prop\u00f5e que a C\u00e2mara Municipal contribua com a sociedade, criando um programa que permita n\u00e3o apenas a divulga\u00e7\u00e3o de vagas existentes, mas auxilie a identificar as necessidades do mercado de trabalho e incentive a cria\u00e7\u00e3o de cursos de capacita\u00e7\u00e3o espec\u00edficos.\u00a0\u00a0<\/p><p>\u201cEm Limeira, vemos frequentemente mutir\u00f5es de empregos com alta procura, o que revela a necessidade de pol\u00edticas p\u00fablicas nesta \u00e1rea t\u00e3o sens\u00edvel\u201d, afirmou Everton.\u00a0<\/p><p>O projeto aprovado segue para aprecia\u00e7\u00e3o do prefeito para san\u00e7\u00e3o ou veto. Se sancionado, ser\u00e1 promulgado e publicado no Jornal Oficial do Munic\u00edpio e passa a ser lei.<\/p>\t\t\t\t<\/div>\r\n<br>\r\n<br><a href=\"https:\/\/www.limeira.sp.leg.br\/noticias\/view\/2025-02-25_emprega-limeira-projeto-promove-a-insercao-de-trabalhadores-no-mercado-de-trabalho\" rel=\"noopener\">Informa\u00e7\u00f5es CML <\/a>","protected":false},"excerpt":{"rendered":"<p>Aprovado durante a sess\u00e3o desta segunda-feira, 24 de fevereiro, o Projeto de Resolu\u00e7\u00e3o N\u00b05\/2025, promove a inser\u00e7\u00e3o e reinser\u00e7\u00e3o de trabalhadores no mercado de trabalho formal por meio de qualifica\u00e7\u00e3o, inclus\u00e3o social e estabelecimento de conv\u00eanios para a realiza\u00e7\u00e3o de mutir\u00f5es de empregabilidade. A propositura \u00e9 de autoria do vereador Everton Ferreira (PSD) e objetiva [&hellip;]<\/p>\n","protected":false},"author":1,"featured_media":24810,"comment_status":"open","ping_status":"open","sticky":false,"template":"","format":"standard","meta":{"_jetpack_newsletter_access":"","_jetpack_dont_email_post_to_subs":false,"_jetpack_newsletter_tier_id":0,"_jetpack_memberships_contains_paywalled_content":false,"_mbp_banners":[],"_jetpack_feature_clip_id":0,"_jetpack_memberships_contains_paid_content":false,"footnotes":"","jetpack_publicize_message":"","jetpack_publicize_feature_enabled":true,"jetpack_social_post_already_shared":true,"jetpack_social_options":{"image_generator_settings":{"template":"highway","default_image_id":0,"font":"","enabled":false},"version":2},"jetpack_post_was_ever_published":false},"categories":[19],"tags":[],"class_list":["post-24809","post","type-post","status-publish","format-standard","has-post-thumbnail","category-politica"],"jetpack_publicize_connections":[],"jetpack-related-posts":[],"jetpack_shortlink":"https:\/\/wp.me\/p7Eq1F-6s9","jetpack_sharing_enabled":true,"jetpack_featured_media_url":"https:\/\/i0.wp.com\/guialimeira.com.br\/news\/wp-content\/uploads\/2025\/02\/Emprega-Limeira-projeto-promove-a-insercao-de-trabalhadores-no-mercado.jp.jpeg?fit=1280%2C640&ssl=1","_links":{"self":[{"href":"https:\/\/guialimeira.com.br\/news\/wp-json\/wp\/v2\/posts\/24809","targetHints":{"allow":["GET"]}}],"collection":[{"href":"https:\/\/guialimeira.com.br\/news\/wp-json\/wp\/v2\/posts"}],"about":[{"href":"https:\/\/guialimeira.com.br\/news\/wp-json\/wp\/v2\/types\/post"}],"author":[{"embeddable":true,"href":"https:\/\/guialimeira.com.br\/news\/wp-json\/wp\/v2\/users\/1"}],"replies":[{"embeddable":true,"href":"https:\/\/guialimeira.com.br\/news\/wp-json\/wp\/v2\/comments?post=24809"}],"version-history":[{"count":1,"href":"https:\/\/guialimeira.com.br\/news\/wp-json\/wp\/v2\/posts\/24809\/revisions"}],"predecessor-version":[{"id":24811,"href":"https:\/\/guialimeira.com.br\/news\/wp-json\/wp\/v2\/posts\/24809\/revisions\/24811"}],"wp:featuredmedia":[{"embeddable":true,"href":"https:\/\/guialimeira.com.br\/news\/wp-json\/wp\/v2\/media\/24810"}],"wp:attachment":[{"href":"https:\/\/guialimeira.com.br\/news\/wp-json\/wp\/v2\/media?parent=24809"}],"wp:term":[{"taxonomy":"category","embeddable":true,"href":"https:\/\/guialimeira.com.br\/news\/wp-json\/wp\/v2\/categories?post=24809"},{"taxonomy":"post_tag","embeddable":true,"href":"https:\/\/guialimeira.com.br\/news\/wp-json\/wp\/v2\/tags?post=24809"}],"curies":[{"name":"wp","href":"https:\/\/api.w.org\/{rel}","templated":true}]}}